{"id":144981,"date":"2025-09-28T20:25:12","date_gmt":"2025-09-28T20:25:12","guid":{"rendered":"https:\/\/www.europesays.com\/es\/144981\/"},"modified":"2025-09-28T20:25:12","modified_gmt":"2025-09-28T20:25:12","slug":"el-galdar-suma-sus-dos-primeros-puntos-en-un-ajustado-duelo-ante-el-culleredo-30-32","status":"publish","type":"post","link":"https:\/\/www.europesays.com\/es\/144981\/","title":{"rendered":"El G\u00e1ldar suma sus dos primeros puntos en un ajustado duelo ante el Culleredo (30-32)"},"content":{"rendered":"<p><a class=\"v-mdl-ath__fig-a\" href=\"https:\/\/www.canarias7.es\/autor\/canarias7-6545.html\" title=\"CANARIAS7\" rel=\"nofollow noopener\" target=\"_blank\"><br \/>\n<img decoding=\"async\" class=\"v-mdl-ath__img\" src=\"https:\/\/www.europesays.com\/es\/wp-content\/uploads\/2025\/08\/1754689268_701_autor-6545-foto-1.png\" alt=\"CANARIAS7\"\/><br \/>\n<\/a><\/p>\n<p class=\"v-mdl-ath__p v-mdl-ath__p--6\">\nDomingo, 28 de septiembre 2025, 20:22<\/p>\n<p class=\"v-p\">El <strong>Balonmano G\u00e1ldar Gran Canaria<\/strong> estren\u00f3 su casillero de puntos en la competici\u00f3n con un trabajado triunfo en Galicia frente al <strong>Balonmano Culleredo<\/strong>. Los de Aday S\u00e1nchez supieron sufrir en un final de infarto para imponerse por <strong>30-32,<\/strong> mostrando car\u00e1cter y efectividad en los momentos m\u00e1s exigentes del choque.<\/p>\n<p class=\"v-p\">El partido comenz\u00f3 con un dominio claro del conjunto galdense, que ciment\u00f3 su ventaja inicial en una defensa s\u00f3lida y en la pegada de jugadores como Saulo L\u00f3pez y Carlos Mederos. La intensidad visitante se hizo notar desde el primer minuto, aunque el Culleredo respondi\u00f3 manteni\u00e9ndose siempre cerca en el marcador. Cuando parec\u00eda que el descanso llegar\u00eda con m\u00ednima renta, un golazo desde el centro del campo de Gonzalo Asensio sobre la bocina puso en pie a los suyos y permiti\u00f3 al G\u00e1ldar marcharse con ventaja al entretiempo (13-16)<\/p>\n<p class=\"v-p\">Tras la reanudaci\u00f3n, los grancanarios continuaron marcando el ritmo del encuentro, pero los gallegos, alentados por su afici\u00f3n, no bajaron los brazos. A falta de cinco minutos para el final, el Culleredo logr\u00f3 igualar y dar la vuelta al marcador, encendiendo las alarmas en el banquillo visitante. Fue entonces cuando emergi\u00f3 la figura de un Marvyn Santiago imperial, autor de 12 tantos, acompa\u00f1ado por la eficacia de Saulo L\u00f3pez desde el extremo derecho, que con 5 dianas result\u00f3 determinante en los instantes finales.<\/p>\n<p class=\"v-p\">Con temple y acierto en los \u00faltimos ataques, el Balonmano G\u00e1ldar Gran Canaria sell\u00f3 una victoria de prestigio frente a un rival que llegaba en gran din\u00e1mica. Los de Aday S\u00e1nchez suman as\u00ed sus dos primeros puntos a domicilio y en la competici\u00f3n, un triunfo que refuerza la confianza del grupo de cara al futuro.<\/p>\n<p class=\"v-p\">El pr\u00f3ximo compromiso para el G\u00e1ldar ser\u00e1 en<strong> el Polideportivo Juan Vega Mateos el s\u00e1bado 4 de octubre a las 20:00 horas<\/strong>, donde recibir\u00e1 al Calvo Xiria con el objetivo de brindar la primera alegr\u00eda en casa a su afici\u00f3n.<\/p>\n<p>Comenta<\/p>\n<p>Reporta un error<\/p>\n","protected":false},"excerpt":{"rendered":"Domingo, 28 de septiembre 2025, 20:22 El Balonmano G\u00e1ldar Gran Canaria estren\u00f3 su casillero de puntos en la&hellip;\n","protected":false},"author":2,"featured_media":144982,"comment_status":"","ping_status":"","sticky":false,"template":"","format":"standard","meta":{"footnotes":""},"categories":[278],"tags":[44672,44671,1575,376,34437,168,1563,320,25,24,29642,375,566,6417,23,167,4991],"class_list":{"0":"post-144981","1":"post","2":"type-post","3":"status-publish","4":"format-standard","5":"has-post-thumbnail","7":"category-balonmano","8":"tag-44672","9":"tag-ajustado","10":"tag-ante","11":"tag-balonmano","12":"tag-culleredo","13":"tag-deportes","14":"tag-dos","15":"tag-duelo","16":"tag-es","17":"tag-espana","18":"tag-galdar","19":"tag-handball","20":"tag-primeros","21":"tag-puntos","22":"tag-spain","23":"tag-sports","24":"tag-suma"},"share_on_mastodon":{"url":"","error":""},"_links":{"self":[{"href":"https:\/\/www.europesays.com\/es\/wp-json\/wp\/v2\/posts\/144981","targetHints":{"allow":["GET"]}}],"collection":[{"href":"https:\/\/www.europesays.com\/es\/wp-json\/wp\/v2\/posts"}],"about":[{"href":"https:\/\/www.europesays.com\/es\/wp-json\/wp\/v2\/types\/post"}],"author":[{"embeddable":true,"href":"https:\/\/www.europesays.com\/es\/wp-json\/wp\/v2\/users\/2"}],"replies":[{"embeddable":true,"href":"https:\/\/www.europesays.com\/es\/wp-json\/wp\/v2\/comments?post=144981"}],"version-history":[{"count":0,"href":"https:\/\/www.europesays.com\/es\/wp-json\/wp\/v2\/posts\/144981\/revisions"}],"wp:featuredmedia":[{"embeddable":true,"href":"https:\/\/www.europesays.com\/es\/wp-json\/wp\/v2\/media\/144982"}],"wp:attachment":[{"href":"https:\/\/www.europesays.com\/es\/wp-json\/wp\/v2\/media?parent=144981"}],"wp:term":[{"taxonomy":"category","embeddable":true,"href":"https:\/\/www.europesays.com\/es\/wp-json\/wp\/v2\/categories?post=144981"},{"taxonomy":"post_tag","embeddable":true,"href":"https:\/\/www.europesays.com\/es\/wp-json\/wp\/v2\/tags?post=144981"}],"curies":[{"name":"wp","href":"https:\/\/api.w.org\/{rel}","templated":true}]}}