{"id":144987,"date":"2025-09-28T20:30:10","date_gmt":"2025-09-28T20:30:10","guid":{"rendered":"https:\/\/www.europesays.com\/es\/144987\/"},"modified":"2025-09-28T20:30:10","modified_gmt":"2025-09-28T20:30:10","slug":"wout-alleman-sorprende-a-las-estrellas-del-gravel-y-gana-la-ranxo","status":"publish","type":"post","link":"https:\/\/www.europesays.com\/es\/144987\/","title":{"rendered":"Wout Alleman sorprende a las estrellas del gravel y gana la Ranxo"},"content":{"rendered":"<p>Sorpresa en la Ranxo Gravel: el biker de MTB Wout Alleman (Buff Megamo) se impuso al sprint en la \u00faltima prueba de las Gravel Earth Series, derrotando a las grandes estrellas de la disciplina tras la ca\u00edda del campe\u00f3n de Europa, Mads W\u00fcrtz Schmidt. En categor\u00eda femenina, la alemana Rosa Kl\u00f6ser (Canyon Factory Racing) domin\u00f3 con claridad.<\/p>\n<blockquote class=\"quote-card lateral\">\n<p>Una prueba cl\u00e1sica del calendario gravel<\/p>\n<\/blockquote>\n<p>La <strong>Ranxo Gravel<\/strong>, \u00faltima prueba de la temporada de las <strong>Gravel Earth Series<\/strong>, volvi\u00f3 a dejar claro por qu\u00e9 se ha convertido en un cl\u00e1sico del calendario europeo. Con 159,8 kil\u00f3metros reales (160 km oficiales) y 1.930 metros de desnivel positivo, la cita disputada en Ponts ofreci\u00f3 un espect\u00e1culo vibrante, con retransmisi\u00f3n en directo y una participaci\u00f3n de aut\u00e9ntico lujo que reuni\u00f3 a buena parte de los mejores ciclistas de gravel del continente.<\/p>\n<p>\t Contin\u00faa tras los patrocinadores<\/p>\n<p>Una participaci\u00f3n de primer nivel y el campe\u00f3n de Europa fuera de combate<\/p>\n<blockquote class=\"quote-card lateral\">\n<p>Una ca\u00edda de W\u00fcrtz Schmidt marca la carrera<\/p>\n<\/blockquote>\n<p>La Ranxo se presentaba como una de las carreras m\u00e1s esperadas del a\u00f1o. Entre los favoritos estaba el reciente campe\u00f3n de Europa de gravel, el dan\u00e9s <strong>Mads W\u00fcrtz Schmidt<\/strong>, que part\u00eda como una de las grandes referencias. Sin embargo, sus opciones de triunfo quedaron truncadas tras una ca\u00edda cuando rodaba en el grupo de cabeza. Ese accidente lo dej\u00f3 fuera de la lucha y cambi\u00f3 por completo el guion previsto, abriendo la puerta a un desenlace inesperado. W\u00fcrtz Schmidt acabar\u00eda abandonando y diciendo adi\u00f3s a sus opciones de llevarse la general del campeonato.<\/p>\n<p><a href=\"https:\/\/esmtb.com\/wp-content\/uploads\/2025\/09\/ranxo01.jpg\" rel=\"nofollow noopener\" target=\"_blank\"><img fetchpriority=\"high\" decoding=\"async\" class=\"size-large wp-image-156183 \" src=\"https:\/\/www.europesays.com\/es\/wp-content\/uploads\/2025\/09\/ranxo01-1024x683.jpg\" alt=\"\" width=\"1024\" height=\"683\"  \/><\/a><\/p>\n<p class=\"wp-caption-text\">Gravel Earth Series 2025<\/p>\n<p>El Buff Megamo dinamita la carrera<\/p>\n<p>Contra los pron\u00f3sticos, fue el <strong>Buff Megamo Team<\/strong>, procedente del MTB (aunque con los colores que lucen cuando compiten en gravel), quien acab\u00f3 asumiendo el papel protagonista. Sus corredores, <strong>Hans Becking<\/strong> y <strong>Wout Alleman<\/strong>, hicieron movimientos decisivos que rompieron el grupo principal y seleccionaron la carrera.<\/p>\n<p>El recorrido, enga\u00f1osamente asequible sobre el papel, acab\u00f3 siendo un desgaste constante, con un terreno de repechos, caminos pedregosos e incluso alg\u00fan sendero t\u00e9cnicos. As\u00ed lo relat\u00f3 el propio Alleman en meta: \u201cFue muy duro desde el inicio. Perd\u00ed algunas posiciones en la primera bajada y me di cuenta de que ten\u00eda que guardar energ\u00eda. Luego los dos corredores de delante atacaron y pudimos volver a conectar en un sendero t\u00e9cnico largo, pero el ritmo era alt\u00edsimo\u201d.<\/p>\n<p><a href=\"https:\/\/esmtb.com\/wp-content\/uploads\/2025\/09\/ransxaw.jpg\" rel=\"nofollow noopener\" target=\"_blank\"><img loading=\"lazy\" decoding=\"async\" class=\"size-large wp-image-156182 \" src=\"https:\/\/www.europesays.com\/es\/wp-content\/uploads\/2025\/09\/ransxaw-1024x818.jpg\" alt=\"\" width=\"1024\" height=\"818\"  \/><\/a><\/p>\n<p class=\"wp-caption-text\">Wout Alleman<\/p>\n<blockquote class=\"quote-card lateral\">\n<p>\u00abFue una batalla desde el inicio, pero por suerte lo conseguimos. Estoy muy feliz\u201d<\/p>\n<\/blockquote>\n<p>La ca\u00edda del campe\u00f3n de Europa tambi\u00e9n condicion\u00f3 el desarrollo. Seg\u00fan explic\u00f3 el belga: \u201cHubo una ca\u00edda masiva y al principio esperamos un poco, pero vimos que no iba a regresar nadie. Entonces decidimos seguir y fue dur\u00edsimo. El perfil parece f\u00e1cil, pero es un continuo sube y baja\u201d.<\/p>\n<p>Con la carrera rota y el Buff Megamo marcando el paso, qued\u00f3 un grupo reducido de cuatro ciclistas que se jugar\u00eda la victoria en la recta final. Alleman describi\u00f3 ese desenlace as\u00ed: \u201cLa segunda mitad fue a tope, lo que la hizo a\u00fan m\u00e1s dura. Est\u00e1bamos completamente destrozados. Fue una batalla desde el inicio, pero por suerte lo conseguimos. Estoy muy feliz\u201d.<\/p>\n<p>El desenlace: sprint y sorpresa<\/p>\n<p>La victoria se resolvi\u00f3 al sprint entre los cuatro escapados. Con un tiempo de <strong>04:42:59<\/strong>, <strong>Wout Alleman<\/strong> se impuso con autoridad y dio la gran sorpresa de la jornada, derrotando a las grandes estrellas del gravel internacional. Segundo fue <strong>Magnus Bak Klaris (PAS Racing)<\/strong> a solo dos segundos y tercero <strong>Frederik Ra\u00dfmann (Rose Racing Circle)<\/strong> a 54 segundos.<\/p>\n<p>Top-30 Ranxo Gravel 2025 masculino<\/p>\n<tr>\nposici\u00f3n<br \/>\nnombre<br \/>\ntiempo<br \/>\n<\/tr>\n<tr>\n<td>1<\/td>\n<td>Wout Alleman<\/td>\n<td>4:42:59<\/td>\n<\/tr>\n<tr>\n<td>2<\/td>\n<td>Magnus Bak Klaris<\/td>\n<td>4:43:01<\/td>\n<\/tr>\n<tr>\n<td>3<\/td>\n<td>Frederik Rassmann<\/td>\n<td>4:43:53<\/td>\n<\/tr>\n<tr>\n<td>4<\/td>\n<td>Petr Vakoc<\/td>\n<td>4:43:54<\/td>\n<\/tr>\n<tr>\n<td>5<\/td>\n<td>Mattia De Marchi<\/td>\n<td>4:48:17<\/td>\n<\/tr>\n<tr>\n<td>6<\/td>\n<td>Aaron Van Der Beken<\/td>\n<td>4:48:18<\/td>\n<\/tr>\n<tr>\n<td>7<\/td>\n<td>Hans Erwing Becking<\/td>\n<td>4:49:32<\/td>\n<\/tr>\n<tr>\n<td>8<\/td>\n<td>Seppe Rombouts<\/td>\n<td>4:50:12<\/td>\n<\/tr>\n<tr>\n<td>9<\/td>\n<td>Benjamin Perry<\/td>\n<td>4:51:31<\/td>\n<\/tr>\n<tr>\n<td>10<\/td>\n<td>Jan St\u00f6ckli<\/td>\n<td>4:51:31<\/td>\n<\/tr>\n<tr>\n<td>11<\/td>\n<td>Simen Nordahl Svendsen<\/td>\n<td>4:52:12<\/td>\n<\/tr>\n<tr>\n<td>12<\/td>\n<td>Piotr Havik<\/td>\n<td>4:52:14<\/td>\n<\/tr>\n<tr>\n<td>13<\/td>\n<td>Chad Haga<\/td>\n<td>4:53:03<\/td>\n<\/tr>\n<tr>\n<td>14<\/td>\n<td>Nepomuk Roth<\/td>\n<td>4:53:06<\/td>\n<\/tr>\n<tr>\n<td>15<\/td>\n<td>Brent Cl\u00e9<\/td>\n<td>4:53:57<\/td>\n<\/tr>\n<tr>\n<td>16<\/td>\n<td>Joel Roth<\/td>\n<td>4:54:10<\/td>\n<\/tr>\n<tr>\n<td>17<\/td>\n<td>Mauro Verwilt<\/td>\n<td>4:54:33<\/td>\n<\/tr>\n<tr>\n<td>18<\/td>\n<td>Peter Stetina<\/td>\n<td>4:57:54<\/td>\n<\/tr>\n<tr>\n<td>19<\/td>\n<td>Jo Pirotte<\/td>\n<td>4:59:37<\/td>\n<\/tr>\n<tr>\n<td>20<\/td>\n<td>Rob Vanden Haesevelde<\/td>\n<td>4:59:39<\/td>\n<\/tr>\n<tr>\n<td>21<\/td>\n<td>Harry Tanfield<\/td>\n<td>5:00:53<\/td>\n<\/tr>\n<tr>\n<td>22<\/td>\n<td>Nils Correvon<\/td>\n<td>5:00:54<\/td>\n<\/tr>\n<tr>\n<td>23<\/td>\n<td>Jonas Orset<\/td>\n<td>5:01:08<\/td>\n<\/tr>\n<tr>\n<td>24<\/td>\n<td>Lukas P\u00f6stlberger<\/td>\n<td>5:01:22<\/td>\n<\/tr>\n<tr>\n<td>25<\/td>\n<td>Matteo Fontana<\/td>\n<td>5:06:28<\/td>\n<\/tr>\n<tr>\n<td>26<\/td>\n<td>Jorge Gonz\u00e1lez Segurado<\/td>\n<td>5:06:29<\/td>\n<\/tr>\n<tr>\n<td>27<\/td>\n<td>Tom Martin<\/td>\n<td>5:08:01<\/td>\n<\/tr>\n<tr>\n<td>28<\/td>\n<td>Facundo P\u00e9rez Costa<\/td>\n<td>5:08:25<\/td>\n<\/tr>\n<tr>\n<td>29<\/td>\n<td>Pau Domenech Callau<\/td>\n<td>5:09:24<\/td>\n<\/tr>\n<tr>\n<td>30<\/td>\n<td>Paul Sandmann<\/td>\n<td>5:09:31<\/td>\n<\/tr>\n<p><a href=\"https:\/\/esmtb.com\/wp-content\/uploads\/2025\/09\/ranxo03.jpg\" rel=\"nofollow noopener\" target=\"_blank\"><img loading=\"lazy\" decoding=\"async\" class=\"size-large wp-image-156184 \" src=\"https:\/\/www.europesays.com\/es\/wp-content\/uploads\/2025\/09\/ranxo03-683x1024.jpg\" alt=\"\" width=\"683\" height=\"1024\"  \/><\/a><\/p>\n<p class=\"wp-caption-text\">Podio femenino<\/p>\n<p>Rosa Kl\u00f6ser reina en la categor\u00eda femenina<\/p>\n<p>En la prueba femenina no hubo margen para las sorpresas. La alemana <strong>Rosa Kl\u00f6ser (Canyon Factory Racing)<\/strong>, gran favorita, se impuso con un tiempo de <strong>05:29:41<\/strong>, aventajando en m\u00e1s de cuatro minutos a la estadounidense <strong>Morgan Aguirre (PAS Racing)<\/strong> y en casi siete a la experimentada <strong>Sarah Sturm (Specialized SRAM Rapha)<\/strong>.<\/p>\n<p>Tras la carrera, Kl\u00f6ser explic\u00f3 c\u00f3mo se gest\u00f3 su victoria: \u201cEn la primera subida apret\u00e9 un poco y vi que nadie quer\u00eda seguir ese ritmo, as\u00ed que levant\u00e9 el pie porque no estaba preparada para hacer 160 kil\u00f3metros sola. Adem\u00e1s no hab\u00eda reconocido los primeros 50 km, as\u00ed que pens\u00e9 que ser\u00eda mejor tener algo de compa\u00f1\u00eda. En la cima nos quedamos cuatro: Morgan, Sarah, yo y otra corredora. Despu\u00e9s de la bajada solo qued\u00e1bamos Morgan y yo, aunque Sarah casi consigui\u00f3 volver. A partir de ah\u00ed pude controlar bien la situaci\u00f3n y guardar fuerzas para el final\u201d.<\/p>\n<p>Top-30 Ranxo Gravel 2025 femenino<\/p>\n<tr>\nposici\u00f3n<br \/>\nnombre<br \/>\ntiempo<br \/>\n<\/tr>\n<tr>\n<td>1<\/td>\n<td>Rosa Kl\u00f6ser<\/td>\n<td>5:29:41<\/td>\n<\/tr>\n<tr>\n<td>2<\/td>\n<td>Morgan Aguirre<\/td>\n<td>5:33:59<\/td>\n<\/tr>\n<tr>\n<td>3<\/td>\n<td>Sarah Sturm<\/td>\n<td>5:36:29<\/td>\n<\/tr>\n<tr>\n<td>4<\/td>\n<td>Karolina Migo\u0144<\/td>\n<td>5:39:48<\/td>\n<\/tr>\n<tr>\n<td>5<\/td>\n<td>Geerike Schreurs<\/td>\n<td>5:41:10<\/td>\n<\/tr>\n<tr>\n<td>6<\/td>\n<td>Sophie Wright<\/td>\n<td>5:41:14<\/td>\n<\/tr>\n<tr>\n<td>7<\/td>\n<td>Danni Shrosbree<\/td>\n<td>5:41:32<\/td>\n<\/tr>\n<tr>\n<td>8<\/td>\n<td>Hanna Nilsson<\/td>\n<td>5:41:42<\/td>\n<\/tr>\n<tr>\n<td>9<\/td>\n<td>Jil Br\u00fcnguer<\/td>\n<td>5:48:02<\/td>\n<\/tr>\n<tr>\n<td>10<\/td>\n<td>Kaitlyn Rauwerda<\/td>\n<td>5:48:02<\/td>\n<\/tr>\n<tr>\n<td>11<\/td>\n<td>Sof\u00eda Rodr\u00edguez Revert<\/td>\n<td>5:48:02<\/td>\n<\/tr>\n<tr>\n<td>12<\/td>\n<td>Theresa Rindler-Bachl<\/td>\n<td>5:48:38<\/td>\n<\/tr>\n<tr>\n<td>13<\/td>\n<td>Lucy Hempstead<\/td>\n<td>5:49:57<\/td>\n<\/tr>\n<tr>\n<td>14<\/td>\n<td>Lucy Lee<\/td>\n<td>5:51:03<\/td>\n<\/tr>\n<tr>\n<td>15<\/td>\n<td>Elizabeth Hermolle<\/td>\n<td>5:51:03<\/td>\n<\/tr>\n<tr>\n<td>16<\/td>\n<td>Luc\u00eda Gonz\u00e1lez Blanco<\/td>\n<td>5:51:05<\/td>\n<\/tr>\n<tr>\n<td>17<\/td>\n<td>Whitney Allison<\/td>\n<td>5:54:00<\/td>\n<\/tr>\n<tr>\n<td>18<\/td>\n<td>Anna Gabrielle Traxler<\/td>\n<td>5:54:08<\/td>\n<\/tr>\n<tr>\n<td>19<\/td>\n<td>Nathalie Eklund<\/td>\n<td>5:55:56<\/td>\n<\/tr>\n<tr>\n<td>20<\/td>\n<td>Hannah Shell<\/td>\n<td>6:02:08<\/td>\n<\/tr>\n<tr>\n<td>21<\/td>\n<td>Josie Millard<\/td>\n<td>6:03:53<\/td>\n<\/tr>\n<tr>\n<td>22<\/td>\n<td>Sofia Schugar<\/td>\n<td>6:03:58<\/td>\n<\/tr>\n<tr>\n<td>23<\/td>\n<td>Maja Johansson<\/td>\n<td>6:15:40<\/td>\n<\/tr>\n<tr>\n<td>24<\/td>\n<td>Heloise Proust<\/td>\n<td>6:26:23<\/td>\n<\/tr>\n<tr>\n<td>25<\/td>\n<td>Liv Pijpers<\/td>\n<td>6:27:12<\/td>\n<\/tr>\n<tr>\n<td>26<\/td>\n<td>Selina Kuhn<\/td>\n<td>6:41:09<\/td>\n<\/tr>\n<tr>\n<td>27<\/td>\n<td>Heidi Inderg\u00e5rd<\/td>\n<td>6:52:11<\/td>\n<\/tr>\n<tr>\n<td>28<\/td>\n<td>Anna Colom Jornet<\/td>\n<td>6:53:16<\/td>\n<\/tr>\n<tr>\n<td>29<\/td>\n<td>Eva Guasch<\/td>\n<td>6:57:46<\/td>\n<\/tr>\n<tr>\n<td>30<\/td>\n<td>Siena Hermon<\/td>\n<td>6:58:58<\/td>\n<\/tr>\n","protected":false},"excerpt":{"rendered":"Sorpresa en la Ranxo Gravel: el biker de MTB Wout Alleman (Buff Megamo) se impuso al sprint en&hellip;\n","protected":false},"author":2,"featured_media":144988,"comment_status":"","ping_status":"","sticky":false,"template":"","format":"standard","meta":{"footnotes":""},"categories":[273],"tags":[313,312,168,25,24,18236,27819,44673,23,167],"class_list":{"0":"post-144987","1":"post","2":"type-post","3":"status-publish","4":"format-standard","5":"has-post-thumbnail","7":"category-ciclismo","8":"tag-ciclismo","9":"tag-cycling","10":"tag-deportes","11":"tag-es","12":"tag-espana","13":"tag-gravel","14":"tag-gravel-earth-series","15":"tag-ranxo","16":"tag-spain","17":"tag-sports"},"share_on_mastodon":{"url":"","error":""},"_links":{"self":[{"href":"https:\/\/www.europesays.com\/es\/wp-json\/wp\/v2\/posts\/144987","targetHints":{"allow":["GET"]}}],"collection":[{"href":"https:\/\/www.europesays.com\/es\/wp-json\/wp\/v2\/posts"}],"about":[{"href":"https:\/\/www.europesays.com\/es\/wp-json\/wp\/v2\/types\/post"}],"author":[{"embeddable":true,"href":"https:\/\/www.europesays.com\/es\/wp-json\/wp\/v2\/users\/2"}],"replies":[{"embeddable":true,"href":"https:\/\/www.europesays.com\/es\/wp-json\/wp\/v2\/comments?post=144987"}],"version-history":[{"count":0,"href":"https:\/\/www.europesays.com\/es\/wp-json\/wp\/v2\/posts\/144987\/revisions"}],"wp:featuredmedia":[{"embeddable":true,"href":"https:\/\/www.europesays.com\/es\/wp-json\/wp\/v2\/media\/144988"}],"wp:attachment":[{"href":"https:\/\/www.europesays.com\/es\/wp-json\/wp\/v2\/media?parent=144987"}],"wp:term":[{"taxonomy":"category","embeddable":true,"href":"https:\/\/www.europesays.com\/es\/wp-json\/wp\/v2\/categories?post=144987"},{"taxonomy":"post_tag","embeddable":true,"href":"https:\/\/www.europesays.com\/es\/wp-json\/wp\/v2\/tags?post=144987"}],"curies":[{"name":"wp","href":"https:\/\/api.w.org\/{rel}","templated":true}]}}