{"id":144999,"date":"2025-09-28T20:36:22","date_gmt":"2025-09-28T20:36:22","guid":{"rendered":"https:\/\/www.europesays.com\/es\/144999\/"},"modified":"2025-09-28T20:36:22","modified_gmt":"2025-09-28T20:36:22","slug":"luz-gabas-lidera-las-ventas-en-huesca-con-corazon-de-oro","status":"publish","type":"post","link":"https:\/\/www.europesays.com\/es\/144999\/","title":{"rendered":"Luz Gab\u00e1s lidera las ventas en Huesca con Coraz\u00f3n de oro"},"content":{"rendered":"<p><strong><a data-external=\"0\" data-intl-links-es=\"https:\/\/www.eldiariodehuesca.com\/cultura\/luz-gabas-su-corazon-oro-es-muy-actual-porque-fiebre-oro-antes-enfrentamientos-llegaron-etiquetas_36385_102.html\" href=\"https:\/\/www.eldiariodehuesca.com\/cultura\/luz-gabas-su-corazon-oro-es-muy-actual-porque-fiebre-oro-antes-enfrentamientos-llegaron-etiquetas_36385_102.html\" rel=\"follow nofollow noopener\" target=\"_self\" title=\"Luz Gab\u00e1s y su Coraz\u00f3n de Oro: \" es=\"\" muy=\"\" actual=\"\" porque=\"\" en=\"\" la=\"\" fiebre=\"\" del=\"\" oro=\"\" antes=\"\" que=\"\" los=\"\" enfrentamientos=\"\" llegaron=\"\" las=\"\" etiquetas=\"\" ant>Coraz\u00f3n de oro de Luz Gab\u00e1s (Planeta) <\/a><\/strong>se coloca en lo m\u00e1s alto de las ventas en las librer\u00edas de Huesca, en la semana del 18 al 25 de septiembre, confirmando el magnetismo narrativo de la autora altoaragonesa. Su estilo, que combina<strong> emoci\u00f3n, memoria e historia,<\/strong> sigue encontrando un p\u00fablico amplio y fiel.<\/p>\n<p>En segunda posici\u00f3n se sit\u00faa <strong>El \u00faltimo secreto<\/strong> de <strong>Dan Brown<\/strong> (Planeta), que mantiene su tir\u00f3n gracias al suspense trepidante y a los enigmas de alcance internacional. El tercer puesto lo ocupa <strong>Franco<\/strong> de <strong>Juli\u00e1n Casanova<\/strong> (Cr\u00edtica), ensayo que aporta una mirada acad\u00e9mica y cr\u00edtica sobre la dictadura.<\/p>\n<p>El cuarto lugar es para <strong>Misi\u00f3n en Par\u00eds<\/strong> de <strong>Arturo P\u00e9rez-Reverte<\/strong> (Alfaguara), octava entrega de la saga Alatriste que confirma el atractivo de la aventura hist\u00f3rica. En quinta posici\u00f3n aparece <strong>Invisible<\/strong> de <strong>Eloy Moreno<\/strong> (Nube de Tinta), que sigue siendo uno de los t\u00edtulos juveniles m\u00e1s influyentes por su capacidad de interpelar a lectores de todas las edades.<\/p>\n<p>La lista se enriquece con propuestas variadas: <strong>La llamada de lo salvaje<\/strong> de <strong>Ana Alonso<\/strong> (Santillana) ocupa el sexto lugar;<strong> <a data-external=\"0\" data-intl-links-es=\"https:\/\/www.eldiariodehuesca.com\/cultura\/sergio-molino-contraataque-nos-interpela-forma-dramatica-porque-vemos-muy-cerca-cuenta-sender_36242_102.html\" href=\"https:\/\/www.eldiariodehuesca.com\/cultura\/sergio-molino-contraataque-nos-interpela-forma-dramatica-porque-vemos-muy-cerca-cuenta-sender_36242_102.html\" rel=\"follow nofollow noopener\" target=\"_self\" title=\"Sergio del Molino: &quot;&#039;Contraataque&#039; nos interpela de forma dram\u00e1tica,\u00a0porque vemos muy cerca lo que cuenta Sender&quot;\">Contraataque de Ram\u00f3n J. Sender (Deusto),<\/a>\u00a0<\/strong>un referente de la literatura aragonesa, se sit\u00faa en el s\u00e9ptimo; mientras que <strong>Mitos griegos<\/strong> de <strong>Mar\u00eda Angelidou<\/strong> (Vicens Vives) aparece en octava posici\u00f3n, acercando los relatos cl\u00e1sicos a nuevas generaciones. <strong>Oliver Twist<\/strong> de <strong>Charles Dickens<\/strong> (Vicens Vives) ocupa el noveno puesto, seguido por <strong>Ego y supraconciencia<\/strong> del <strong>Dr. Manuel Sans Segarra<\/strong> (Planeta), que cierra el top diez con una propuesta ensay\u00edstica de corte psicol\u00f3gico y espiritual.<\/p>\n<p>En la segunda mitad del ranking se encuentran <strong>El c\u00edrculo de los d\u00edas<\/strong> de <strong>Ken Follett<\/strong> (Plaza &amp; Jan\u00e9s) en el puesto 11, <strong>El coleccionista de relojes extraordinarios<\/strong> de <strong>Laura Gallego<\/strong> (SM) en el 12, <strong>La profesora<\/strong> de <strong>Freida McFadden<\/strong> (Suma) en el 13, y <strong>Desconocidos<\/strong> de <strong>David Lozano<\/strong> (Edeb\u00e9) en el 14.<\/p>\n<p>La presencia de varios de estos t\u00edtulos \u2014como <strong>Invisible<\/strong>, <strong>Mitos griegos<\/strong>, <strong>Oliver Twist<\/strong>, <strong>El coleccionista de relojes extraordinarios<\/strong> y <strong>Desconocidos<\/strong>\u2014 se explica tambi\u00e9n por su condici\u00f3n de <strong>lecturas recomendadas en centros educativos<\/strong>, lo que evidencia c\u00f3mo las orientaciones escolares influyen directamente en las tendencias de venta y en la formaci\u00f3n de h\u00e1bitos lectores entre los m\u00e1s j\u00f3venes.<\/p>\n","protected":false},"excerpt":{"rendered":"Coraz\u00f3n de oro de Luz Gab\u00e1s (Planeta) se coloca en lo m\u00e1s alto de las ventas en las&hellip;\n","protected":false},"author":2,"featured_media":145000,"comment_status":"","ping_status":"","sticky":false,"template":"","format":"standard","meta":{"footnotes":""},"categories":[172],"tags":[224,146,147,25,24,225,23],"class_list":{"0":"post-144999","1":"post","2":"type-post","3":"status-publish","4":"format-standard","5":"has-post-thumbnail","7":"category-libros","8":"tag-books","9":"tag-entertainment","10":"tag-entretenimiento","11":"tag-es","12":"tag-espana","13":"tag-libros","14":"tag-spain"},"share_on_mastodon":{"url":"","error":""},"_links":{"self":[{"href":"https:\/\/www.europesays.com\/es\/wp-json\/wp\/v2\/posts\/144999","targetHints":{"allow":["GET"]}}],"collection":[{"href":"https:\/\/www.europesays.com\/es\/wp-json\/wp\/v2\/posts"}],"about":[{"href":"https:\/\/www.europesays.com\/es\/wp-json\/wp\/v2\/types\/post"}],"author":[{"embeddable":true,"href":"https:\/\/www.europesays.com\/es\/wp-json\/wp\/v2\/users\/2"}],"replies":[{"embeddable":true,"href":"https:\/\/www.europesays.com\/es\/wp-json\/wp\/v2\/comments?post=144999"}],"version-history":[{"count":0,"href":"https:\/\/www.europesays.com\/es\/wp-json\/wp\/v2\/posts\/144999\/revisions"}],"wp:featuredmedia":[{"embeddable":true,"href":"https:\/\/www.europesays.com\/es\/wp-json\/wp\/v2\/media\/145000"}],"wp:attachment":[{"href":"https:\/\/www.europesays.com\/es\/wp-json\/wp\/v2\/media?parent=144999"}],"wp:term":[{"taxonomy":"category","embeddable":true,"href":"https:\/\/www.europesays.com\/es\/wp-json\/wp\/v2\/categories?post=144999"},{"taxonomy":"post_tag","embeddable":true,"href":"https:\/\/www.europesays.com\/es\/wp-json\/wp\/v2\/tags?post=144999"}],"curies":[{"name":"wp","href":"https:\/\/api.w.org\/{rel}","templated":true}]}}