{"id":145018,"date":"2025-09-28T20:46:12","date_gmt":"2025-09-28T20:46:12","guid":{"rendered":"https:\/\/www.europesays.com\/es\/145018\/"},"modified":"2025-09-28T20:46:12","modified_gmt":"2025-09-28T20:46:12","slug":"historia-musica-y-salvas-para-derrotar-al-olvido-de-los-ultimos-de-filipinas-cuba-puerto-rico","status":"publish","type":"post","link":"https:\/\/www.europesays.com\/es\/145018\/","title":{"rendered":"Historia, m\u00fasica y salvas para derrotar al olvido de los \u00faltimos de Filipinas, Cuba, Puerto Rico"},"content":{"rendered":"<p>28\/09\/2025<br \/>\n<br \/><strong><br \/>\nActualizado a las 20:29h.<br \/>\n<\/strong><\/p>\n<p class=\"voc-p\" style=\"\">Con un concierto de zarzuela y la recreaci\u00f3n del sitio de Baler acabaron ayer las <a href=\"https:\/\/www.abc.es\/historia\/mentira-extendida-leyenda-negra-dano-hizo-imperio-20250916143008-nt.html\" target=\"_self\" data-voc-vtm-id=\"in-text-traffic\" title=\"jornadas sobre la Leyenda Negra y el Desastre del 98\" rel=\"nofollow noopener\">jornadas sobre la Leyenda Negra y el Desastre del 98<\/a> celebradas en San Lorenzo del Escorial. Cantaba el final de &#8216;C\u00e1diz&#8217; el Orfe\u00f3n Crevillentino: \u00ab\u00a1Viva la alegr\u00eda, viva el buen humor, viva el hero\u00edsmo del pueblo espa\u00f1ol!\u00bb y pareci\u00f3 que el coro daba el titular para resumir las dos jornadas vividas al rededor de la historia, de la mano de acad\u00e9micos, historiadores, divulgadores y aficionados a la historia, que abordaron desde diferentes puntos de vista los hechos y los libros alrededor de la guerra que certific\u00f3 el final del imperio espa\u00f1ol.<\/p>\n<p class=\"voc-p\" style=\"\">Sin nostalgia, con an\u00e1lisis cr\u00edticos y un sentido del humor patente, adem\u00e1s de algunas pol\u00e9micas bien gestionadas por el escritor Javier Santamarta,  coordinador de estas jornadas, los historiadores y ponentes fueron hablando de la prensa amarilla, de la Guerra de Cuba, Filipinas y otros episodios menos conocidos, tambi\u00e9n de los autores de la Generaci\u00f3n del 98 y de todo lo investigado hasta hoy por la historiograf\u00eda. <\/p>\n<p class=\"voc-p\" style=\"\">En el Paraninfo del Monasterio del Escorial no cab\u00eda un alma, cientos de personas  no se perdieron detalle, y asistieron a las diferentes mesas para descubrir muchos detalles desconocidos de episodios apenas visitados, como todo lo que envolvi\u00f3 el asalto a sangre y fuego de San Juan de Puerto Rico por parte de la Armada estadounidense, en una narraci\u00f3n vibrante que realiz\u00f3 el profesor Jos\u00e9 F. Buscaglia, o la respuesta bien argumentada, ejemplar y caballerosa del director del Museo Naval, el marino e historiador Juan Escrigas, al divulgador especializado en historia militar, Carlos Canales Torres, que hab\u00eda puesto en pie las sospechas de traici\u00f3n que rodeaban algunos episodios seg\u00fan la documentaci\u00f3n que \u00e9l ha manejado.<\/p>\n<p><img decoding=\"async\" loading=\"lazy\" src=\"https:\/\/www.europesays.com\/es\/wp-content\/uploads\/2025\/09\/paraninfo-U85373666026bIK-760x427@diario_abc.jpeg\" class=\"voc-img\" width=\"760\" height=\"427\" alt=\"El Paraninfo del Escorial, lleno de p\u00fablico para las jornadas\" data-voc-vtm-id=\"in-text-traffic\"\/><\/p>\n<p>El Paraninfo del Escorial, lleno de p\u00fablico para las jornadas<\/p>\n<p>ABC<\/p>\n<p class=\"voc-p\" style=\"\">Los ponentes de las vibrantes jornadas fueron Fernando Puell de la Villa, Jos\u00e9 Antonio Gurpegui, Sandra Ferrer Valero, Manuel Lucena Giraldo, Jes\u00fas Garc\u00eda Calero, David Jim\u00e9nez Torres, Enrique Mart\u00ednez Ru\u00edz, Juan Escrigas Rodr\u00edguez, Carlos Canales Torres, Jos\u00e9 Alberto Fern\u00e1ndez, Jos\u00e9 F. Buscaglia, y Jes\u00fas Valbuena, este \u00faltimo nieto de uno de los \u00faltimos de Filipinas, que tambi\u00e9n particip\u00f3 en la recreaci\u00f3n dramatizada en la Plaza de la Constituci\u00f3n de San Lorenzo del Escorial. <\/p>\n<p class=\"voc-p\" style=\"\">Inauguradas el s\u00e1bado y clausuradas este domingo, esta s\u00e9ptima edici\u00f3n ha sido un \u00e9xito total de p\u00fablico y participaci\u00f3n. Los contextos internacional, cultural, militar y period\u00edstico dieron perspectivas complementarias para completar todo lo que sabemos y tambi\u00e9n le dieron actualidad por la relevancia de la reflexi\u00f3n hist\u00f3rica para comprender mejor el estado actual de algunos temas que protagonizaron la \u00e9poca: la hispanidad, el pesimismo por el futuro de Espa\u00f1a, las contradicciones compartidas por los pueblos de toda Hispanoam\u00e9rica o incluso la vigencia de las ideas regeneracionistas. <\/p>\n<p><img decoding=\"async\" loading=\"lazy\" src=\"https:\/\/www.europesays.com\/es\/wp-content\/uploads\/2025\/09\/rendicion-U07126818230KHO-760x427@diario_abc.jpeg\" class=\"voc-img\" width=\"760\" height=\"427\" alt=\"Recreaci\u00f3n de la rendici\u00f3n de los \u00faltimos de Filipinas\" data-voc-vtm-id=\"in-text-traffic\"\/><\/p>\n<p>Recreaci\u00f3n de la rendici\u00f3n de los \u00faltimos de Filipinas<\/p>\n<p>ABC<\/p>\n<p class=\"voc-p\" style=\"\">Javier Santamarta, el coordinador y alma de estas jornadas que comenzaron como un foro modesto y ahora son una cita cultural inexcusable, comenta que \u00abes muy dif\u00edcil tratar un tema tan complejo y poli\u00e9drico, sin caer en t\u00f3picos manidos, como fue el llamado Desastre del 98, de manera en que lo acad\u00e9mico y lo divulgativo se a\u00fanen de manera armoniosa. En las Jornadas sobre la Leyenda Negra de San Lorenzo de El Escorial, fue posible\u00bb. Santamarta a\u00f1ade su profundo agradecimiento a quienes han participado, y al periodista Vicente Olalla que moder\u00f3 varias de las mesas.<\/p>\n<p class=\"voc-p\" style=\"\">Para el coordinador, \u00abmezclar lo hist\u00f3rico con otras facetas como son el cine (se proyect\u00f3 &#8216;Los \u00faltimos de Filipinas&#8217; en el Paraninfo), la m\u00fasica (el citado y encomiable concierto de grandes hits de la Zarzuela con tema hist\u00f3rico), y la recreaci\u00f3n hist\u00f3rica que todos vimos, con salvas de p\u00f3lvora y mucho entusiasmo, ha sido posible sin que resulte, ni extra\u00f1o ni poco riguroso. Tratar de Historia no tiene por qu\u00e9 ser aburrido ni pedante\u00bb, remacha Santamarta.<\/p>\n<p><img decoding=\"async\" loading=\"lazy\" src=\"https:\/\/www.europesays.com\/es\/wp-content\/uploads\/2025\/09\/coral-U64818820501RrI-760x427@diario_abc.jpeg\" class=\"voc-img\" width=\"760\" height=\"427\" alt=\"Un momento del hermoso concierto de Zarzuela en el Real Coliseo de Carlos III\" data-voc-vtm-id=\"in-text-traffic\"\/><\/p>\n<p>Un momento del hermoso concierto de Zarzuela en el Real Coliseo de Carlos III<\/p>\n<p>ABC<\/p>\n<p class=\"voc-p\" style=\"\">A su modo de ver, \u00abSan Lorenzo de El Escorial, tras esta VII edici\u00f3n de estas jornadas anuales, se ha convertido sin duda en el destino de curiosos y amantes de la Historia venidos de todas partes de Espa\u00f1a: Galicia, Andaluc\u00eda, Catalu\u00f1a, Arag\u00f3n, Valencia\u2026 para asistir a algo m\u00e1s que un congreso historico. Es un acontecimiento cultural que transciende a la Academia\u00bb.<\/p>\n<p class=\"voc-p\" style=\"\">Para terminar, \u00absi algo hay que decir de esta iniciativa de la Pe\u00f1a San Lorenzo y del Ateneo Escurialense, es que tenemos Jornadas Leyenda Negra para muchos m\u00e1s a\u00f1os\u00bb. Y anuncia que ya se est\u00e1 trabajando en la de 2026, bajo el tema gen\u00e9rico de Los Reyes Cat\u00f3licos, y espera que est\u00e9 \u00abal menos a la misma altura que la de este a\u00f1o\u00bb, asevera Javier Santamarta. <\/p>\n<p>Reportar un error<\/p>\n","protected":false},"excerpt":{"rendered":"28\/09\/2025 Actualizado a las 20:29h. Con un concierto de zarzuela y la recreaci\u00f3n del sitio de Baler acabaron&hellip;\n","protected":false},"author":2,"featured_media":145019,"comment_status":"","ping_status":"","sticky":false,"template":"","format":"standard","meta":{"footnotes":""},"categories":[8],"tags":[17,18,1164,44679,25,24,13,14,20155,11,448,19,20,185,9,10,15,16,33355,4032,13316,13880,23,12,21,22,4421],"class_list":["post-145018","post","type-post","status-publish","format-standard","has-post-thumbnail","category-espana","tag-breaking-news","tag-breakingnews","tag-cuba","tag-derrotar","tag-es","tag-espana","tag-featured-news","tag-featurednews","tag-filipinas","tag-headlines","tag-historia","tag-latest-news","tag-latestnews","tag-musica","tag-news","tag-noticias","tag-noticias-destacadas","tag-noticiasdestacadas","tag-olvido","tag-puerto","tag-rico","tag-salvas","tag-spain","tag-titulares","tag-ultimas-noticias","tag-ultimasnoticias","tag-ultimos"],"share_on_mastodon":{"url":"","error":""},"_links":{"self":[{"href":"https:\/\/www.europesays.com\/es\/wp-json\/wp\/v2\/posts\/145018","targetHints":{"allow":["GET"]}}],"collection":[{"href":"https:\/\/www.europesays.com\/es\/wp-json\/wp\/v2\/posts"}],"about":[{"href":"https:\/\/www.europesays.com\/es\/wp-json\/wp\/v2\/types\/post"}],"author":[{"embeddable":true,"href":"https:\/\/www.europesays.com\/es\/wp-json\/wp\/v2\/users\/2"}],"replies":[{"embeddable":true,"href":"https:\/\/www.europesays.com\/es\/wp-json\/wp\/v2\/comments?post=145018"}],"version-history":[{"count":0,"href":"https:\/\/www.europesays.com\/es\/wp-json\/wp\/v2\/posts\/145018\/revisions"}],"wp:featuredmedia":[{"embeddable":true,"href":"https:\/\/www.europesays.com\/es\/wp-json\/wp\/v2\/media\/145019"}],"wp:attachment":[{"href":"https:\/\/www.europesays.com\/es\/wp-json\/wp\/v2\/media?parent=145018"}],"wp:term":[{"taxonomy":"category","embeddable":true,"href":"https:\/\/www.europesays.com\/es\/wp-json\/wp\/v2\/categories?post=145018"},{"taxonomy":"post_tag","embeddable":true,"href":"https:\/\/www.europesays.com\/es\/wp-json\/wp\/v2\/tags?post=145018"}],"curies":[{"name":"wp","href":"https:\/\/api.w.org\/{rel}","templated":true}]}}