{"id":145020,"date":"2025-09-28T20:47:16","date_gmt":"2025-09-28T20:47:16","guid":{"rendered":"https:\/\/www.europesays.com\/es\/145020\/"},"modified":"2025-09-28T20:47:16","modified_gmt":"2025-09-28T20:47:16","slug":"el-cp-esneca-fraga-supercampeonas-de-espana-2025-real-federacion-espanola-de-patinaje","status":"publish","type":"post","link":"https:\/\/www.europesays.com\/es\/145020\/","title":{"rendered":"EL CP ESNECA FRAGA, SUPERCAMPEONAS DE ESPA\u00d1A 2025 &#8211; Real Federaci\u00f3n Espa\u00f1ola de Patinaje"},"content":{"rendered":"<ol>\n<li><a href=\"https:\/\/news.google.com\/rss\/articles\/CBMijAFBVV95cUxPNUlOWUxjM29LME96ZVhUREItcHhPLUw4N0k0bmE1ZU9ybkhjQl9NeFFFdzBXT1lRTkNoTGpxdDljSEhOQ3FfU0xGZndoOW1PQ29MQ2x2N1h2S2FjT2dwLVFya1QwVTF0Q0hLeDRPSjV5UURHUVdqeW5JRnFfSkpDd2szbFFCVG1vc29xdQ?oc=5\" target=\"_blank\" rel=\"nofollow noopener\">EL CP ESNECA FRAGA, SUPERCAMPEONAS DE ESPA\u00d1A 2025<\/a>&nbsp;&nbsp;Real Federaci\u00f3n Espa\u00f1ola de Patinaje<\/li>\n<li><a href=\"https:\/\/news.google.com\/rss\/articles\/CBMivwFBVV95cUxPV1pQVEdZS2dVN0R3dGpSaVJwdGZmazBNNVVCM05OR0FvYzZUWktUUTV4SEdpSzRYZFlFVlQ3Y016dHlQakZsVFBSSHpDZmVqcFY2ZTBYMnQzYXVpYzk2MWRXYzJ2SWVHZHhwMURUNExnN2MxaTQtdjhkdWpxWUVFa2hKYW5vVTF3dy14Q3hLMWJzdlVQQnBTX1N1ZnhYTmt0bTNYYTYyZE9EbnVWNjVGNjVwZ3B2RXlQeXpDamJlOA?oc=5\" target=\"_blank\" rel=\"nofollow noopener\">Generali HC Palau y CP Esneca Fraga FINALISTAS DE LA SUPERCOPA DE ESPA\u00d1A FEMENINA 2025<\/a>&nbsp;&nbsp;Real Federaci\u00f3n Espa\u00f1ola de Patinaje<\/li>\n<li><a href=\"https:\/\/news.google.com\/rss\/articles\/CBMi3AFBVV95cUxQTFV6U3hSNmlYdTdIMTk2T3g1V0oxM0MzNlE0Y0FvSTNrYnBMY0c4WURfR0lKSkt6VFZ0VFg5SmFMR0t4eXgxV0s0dThjSTNMcWY3OU10cHMya2lkRndQRVZaTGxXZ2pUZlhvaUg0M1B0V1Y0TW9GdWFTM2ZjRkxnb2xycVZFSkhnb0FMbGFCN2RxN3FMN1AzUmZzU2Rxd0E1RWNqYzM4MDRFRzZRU2JFQV9tMlpteE5LUGRXang0S1BLRm1MUXpxbWU3UUszS2E2eWQ4bW1wNFdBZE5E?oc=5\" target=\"_blank\" rel=\"nofollow noopener\">El Esneca Fraga conquista la Supercopa de Espa\u00f1a de hockey patines femenino (3-0)<\/a>&nbsp;&nbsp;heraldo.es<\/li>\n<li><a href=\"https:\/\/news.google.com\/rss\/articles\/CBMiyAFBVV95cUxONXIzaEFkTzA1N1oyYnVtYzJZNW9OUlVKTWp2YnBCaXkwQjJScjNUSVZvUVV1OW11R3dfcG1nV1V4clo4ZHctUUNzQmhpaG0xNHJQNHZwWUhMdXRDMnFHZ3ZFcmJPRWNvZmxBcE9QWnJ4VEV1QzVUSHdXWG1ET2VmWjZDWDZIX05BX21HdXJneG51cWhiNU9YRmdxckp0eTYxNnM0Tks1ZDZfTURydzdKMUVEaWJyWWQwQzdxWXNzVHgwa0ZoT256LdIB3AFBVV95cUxOQTJDbGxwdTBqSzZfRzFqX3NNV1IwNzhJd2tpR3k4blN2UFloVmVucHpPMnlBVEFfNV9GdUVYVlBZUHdBdVF1aTNJNkhWd2lNR0VhaGYzWmpQSnh2NmNCYWFtbDNSSHcwRldCWGV1SUc1OUQxLTVKMGFIV2lZbThfRV9OZEhzTVlQMVhqRU5HZGFQSmF5MlFxVWNxaWV5QkhUdV96bERYdlpjTnFwZ25vU0lIS1FuOXlXaTRUNXoteHZaeXVXN3hxYWVGQmpJZWR3U2RMTFBLWGd6WUJB?oc=5\" target=\"_blank\" rel=\"nofollow noopener\">El Esneca Fraga doblega al Palau y conquista su primera Supercopa de Espa\u00f1a<\/a>&nbsp;&nbsp;Cadena SER<\/li>\n<li><a href=\"https:\/\/news.google.com\/rss\/articles\/CBMi3wFBVV95cUxNZTBiTHdwOTVhemZBNURnTl8zMFhCMmFjclBUV25vS0lGZUlFdVZWMDVpX3FHeWxPc1lHbnQyVmVPUFFHTi0tekNxQ2x3UWxWRWUtcnNnZHJOeWJiNU92LXVCN00wSWNpVkpXTU1rRHRqWmFxU25OZGF4Sl9Kdk5RNElINWUwWTlDc1ppSUphZmR1clhRZl9WUG53UjVHdnNxYUc0bEgycU90VW5EOERmNUpQSnRDR2tMeHlKSngtMmpXc2k5Mk43QkhxT05MM0p6VlJlZTUtRzdPVnVBRlhz0gHkAUFVX3lxTE1NOTBldW1yOENvZ2s2YWxoQlRlYTA3dzdrM3NLV2RkU3lSeFN3UHotbUM1ZWdYSzFJamxKeUtTeVVnSW4ybTFsTldGdzd4dmp6ZDlYR0ItaVRxTC1sVGp4VDZFa2xKNHItWkE1VXRiVjNVUTZjR1MwMlRQLUtUQ0lBR3EtRUpTcUdqdHFVbGJRUk94MjNnb29GVmNQTVQ0Yk1xemNJTVBoNjhHWF9DSDAxTTF1V2ItbGd4RWZ1RTBJZURBY3FhaXZRaDVHNUJMY2R0bHd2QmQtR1RPeG1Jdm1rNkRfUg?oc=5\" target=\"_blank\" rel=\"nofollow noopener\">El Telecable cae con el Palau (0-1) y se despide de la Supercopa de Espa\u00f1a<\/a>&nbsp;&nbsp;rtpa.es<\/li>\n<\/ol>\n","protected":false},"excerpt":{"rendered":"EL CP ESNECA FRAGA, SUPERCAMPEONAS DE ESPA\u00d1A 2025&nbsp;&nbsp;Real Federaci\u00f3n Espa\u00f1ola de Patinaje Generali HC Palau y CP Esneca&hellip;\n","protected":false},"author":2,"featured_media":145021,"comment_status":"","ping_status":"","sticky":false,"template":"","format":"standard","meta":{"footnotes":""},"categories":[5],"tags":[17,18,25,24,13,14,11,19,20,9,10,15,16,23,12,21,22],"class_list":{"0":"post-145020","1":"post","2":"type-post","3":"status-publish","4":"format-standard","5":"has-post-thumbnail","7":"category-titulares","8":"tag-breaking-news","9":"tag-breakingnews","10":"tag-es","11":"tag-espana","12":"tag-featured-news","13":"tag-featurednews","14":"tag-headlines","15":"tag-latest-news","16":"tag-latestnews","17":"tag-news","18":"tag-noticias","19":"tag-noticias-destacadas","20":"tag-noticiasdestacadas","21":"tag-spain","22":"tag-titulares","23":"tag-ultimas-noticias","24":"tag-ultimasnoticias"},"share_on_mastodon":{"url":"","error":""},"_links":{"self":[{"href":"https:\/\/www.europesays.com\/es\/wp-json\/wp\/v2\/posts\/145020","targetHints":{"allow":["GET"]}}],"collection":[{"href":"https:\/\/www.europesays.com\/es\/wp-json\/wp\/v2\/posts"}],"about":[{"href":"https:\/\/www.europesays.com\/es\/wp-json\/wp\/v2\/types\/post"}],"author":[{"embeddable":true,"href":"https:\/\/www.europesays.com\/es\/wp-json\/wp\/v2\/users\/2"}],"replies":[{"embeddable":true,"href":"https:\/\/www.europesays.com\/es\/wp-json\/wp\/v2\/comments?post=145020"}],"version-history":[{"count":0,"href":"https:\/\/www.europesays.com\/es\/wp-json\/wp\/v2\/posts\/145020\/revisions"}],"wp:featuredmedia":[{"embeddable":true,"href":"https:\/\/www.europesays.com\/es\/wp-json\/wp\/v2\/media\/145021"}],"wp:attachment":[{"href":"https:\/\/www.europesays.com\/es\/wp-json\/wp\/v2\/media?parent=145020"}],"wp:term":[{"taxonomy":"category","embeddable":true,"href":"https:\/\/www.europesays.com\/es\/wp-json\/wp\/v2\/categories?post=145020"},{"taxonomy":"post_tag","embeddable":true,"href":"https:\/\/www.europesays.com\/es\/wp-json\/wp\/v2\/tags?post=145020"}],"curies":[{"name":"wp","href":"https:\/\/api.w.org\/{rel}","templated":true}]}}