{"id":145024,"date":"2025-09-28T20:49:16","date_gmt":"2025-09-28T20:49:16","guid":{"rendered":"https:\/\/www.europesays.com\/es\/145024\/"},"modified":"2025-09-28T20:49:16","modified_gmt":"2025-09-28T20:49:16","slug":"ruben-sanz-sin-suerte-en-su-confirmacion-de-alternativa-en-las-ventas","status":"publish","type":"post","link":"https:\/\/www.europesays.com\/es\/145024\/","title":{"rendered":"Rub\u00e9n Sanz, sin suerte en su confirmaci\u00f3n de alternativa en Las Ventas"},"content":{"rendered":"<p class=\"paragraph\">El m\u00edtico escenario de<b> Las Ventas <\/b>fue el lugar de la confirmaci\u00f3n de alternativa del soriano <b>Rub\u00e9n Sanz<\/b>. Una plaza magistral para un momento hist\u00f3rico para el toreo soriano y muy sentido y esperado por parte de Rub\u00e9n Sanz. <b>L\u00e1stima que no tuviera suerte ni con las reses ni con la espada<\/b>, lo que le priv\u00f3 de trofeos, si bien mostr\u00f3 su categor\u00eda como torero solvente, con un toro distinto necesario en las actuales plazas.<\/p>\n<p class=\"paragraph\">En su primer toro, Maniquito de nombre, de la ganader\u00eda de Concha y Sierra, Rub\u00e9n Sanz estuvo <b>muy por encima<\/b> de \u00e9l. Muy serio y firme en todo momento ante un oponente que <b>manseaba <\/b>e intent\u00f3 en dos ocasiones saltar al callej\u00f3n. Un toro amplio del tercio delantero, badanudo, corto de cuello y ense\u00f1ando las puntas, que fue protestado en los primeros tercios, porque blande\u00f3. El soriano prioriz\u00f3 su concepto vertical ante un toro de corta embestida que punteaba los enga\u00f1os. <b>Muletazos de mucha calidad con la mano derecha e imposibilidad de hacerlo con la izquierda<\/b>, donde el toro ten\u00eda un peligro evidente. La res se desplom\u00f3 a la tercera espada, ya que le cerraba mucho a la hora de entrar a matar. Los aficionados sorianos tuvieron que esperar al segundo toro para ver si hab\u00eda m\u00e1s posibilidades de que el torero se mostrara como es.<\/p>\n<p class=\"paragraph\">Tampoco el segundo, de la ganader\u00eda de Murteira Grave dio opciones al soriano. Pinanto de nombre, se mostr\u00f3 <b>parado <\/b>desde la salida, sin intenciones de ir al caballo, ni al capote ni a la muleta. Rub\u00e9n Sanz lo intent\u00f3 probar tanto por la mano izquierda como por la derecha, pero <b>el toro mostraba su escasa calidad mezclada con un poco de mansedumbre<\/b>. Pinchazo y media estocada y muerte despu\u00e9s de un descabello certero.<\/p>\n<p class=\"paragraph\">P\u00fablico soriano en las gradas de Las Ventas, con una entrada superior a los 9.000 asistentes. [Con informaci\u00f3n de Carlos Bermejo y otros].<\/p>\n","protected":false},"excerpt":{"rendered":"El m\u00edtico escenario de Las Ventas fue el lugar de la confirmaci\u00f3n de alternativa del soriano Rub\u00e9n Sanz.&hellip;\n","protected":false},"author":2,"featured_media":145025,"comment_status":"","ping_status":"","sticky":false,"template":"","format":"standard","meta":{"footnotes":""},"categories":[277],"tags":[373,168,25,24,1949,3728,23,167,625,374],"class_list":{"0":"post-145024","1":"post","2":"type-post","3":"status-publish","4":"format-standard","5":"has-post-thumbnail","7":"category-toreo","8":"tag-bullfighting","9":"tag-deportes","10":"tag-es","11":"tag-espana","12":"tag-ganaderia","13":"tag-las-ventas","14":"tag-spain","15":"tag-sports","16":"tag-tauromaquia","17":"tag-toreo"},"share_on_mastodon":{"url":"","error":""},"_links":{"self":[{"href":"https:\/\/www.europesays.com\/es\/wp-json\/wp\/v2\/posts\/145024","targetHints":{"allow":["GET"]}}],"collection":[{"href":"https:\/\/www.europesays.com\/es\/wp-json\/wp\/v2\/posts"}],"about":[{"href":"https:\/\/www.europesays.com\/es\/wp-json\/wp\/v2\/types\/post"}],"author":[{"embeddable":true,"href":"https:\/\/www.europesays.com\/es\/wp-json\/wp\/v2\/users\/2"}],"replies":[{"embeddable":true,"href":"https:\/\/www.europesays.com\/es\/wp-json\/wp\/v2\/comments?post=145024"}],"version-history":[{"count":0,"href":"https:\/\/www.europesays.com\/es\/wp-json\/wp\/v2\/posts\/145024\/revisions"}],"wp:featuredmedia":[{"embeddable":true,"href":"https:\/\/www.europesays.com\/es\/wp-json\/wp\/v2\/media\/145025"}],"wp:attachment":[{"href":"https:\/\/www.europesays.com\/es\/wp-json\/wp\/v2\/media?parent=145024"}],"wp:term":[{"taxonomy":"category","embeddable":true,"href":"https:\/\/www.europesays.com\/es\/wp-json\/wp\/v2\/categories?post=145024"},{"taxonomy":"post_tag","embeddable":true,"href":"https:\/\/www.europesays.com\/es\/wp-json\/wp\/v2\/tags?post=145024"}],"curies":[{"name":"wp","href":"https:\/\/api.w.org\/{rel}","templated":true}]}}