{"id":145026,"date":"2025-09-28T20:52:08","date_gmt":"2025-09-28T20:52:08","guid":{"rendered":"https:\/\/www.europesays.com\/es\/145026\/"},"modified":"2025-09-28T20:52:08","modified_gmt":"2025-09-28T20:52:08","slug":"martin-landaluce-se-corona-en-orleans-y-se-acerca-al-top-100-atp-tour","status":"publish","type":"post","link":"https:\/\/www.europesays.com\/es\/145026\/","title":{"rendered":"Mart\u00edn Landaluce se corona en Orleans y se acerca al Top 100 | ATP Tour"},"content":{"rendered":"<p>        Challenger<br \/>\n    Landaluce se corona en Orleans y se acerca al Top 100<\/p>\n<p>El espa\u00f1ol sube hasta el No. 5 de la Race To Jeddah<\/p>\n<p>September 28, 2025<\/p>\n<p>            <img decoding=\"async\" src=\"https:\/\/www.europesays.com\/es\/wp-content\/uploads\/2025\/09\/landaluce-orleans-2025-w.jpg\" alt=\"Mart\u00edn Landaluce se coron\u00f3 en Orleans y sube al No. 112 en el PIF ATP Rankings. \"\/><\/p>\n<p>Mike Lawrence\/ATP Tour<\/p>\n<p>        Mart\u00edn Landaluce se coron\u00f3 en Orleans y sube al No. 112 en el PIF ATP Rankings.<br \/>\n        By Redacci\u00f3n ATP <\/p>\n<p>Mart\u00edn Landaluce sigue dando muestras de que a\u00fan no ha alcanzado su techo ten\u00edstico y este domingo consigui\u00f3 su segundo ATP Challenger en Orleans, Francia.\u00a0<\/p>\n<p>El madrile\u00f1o de solo 19 a\u00f1os firm\u00f3 un triunfo de remontada tras dos horas y 20 minutos de juego ante el belga <a href=\"https:\/\/www.atptour.com\/es\/players\/raphael-collignon\/c0jp\/overview\" rel=\"nofollow noopener\" target=\"_blank\">Raphael Collignon<\/a> por 6-7 (8), 6-3 y 6-3. La gran semana del espa\u00f1ol le har\u00e1 estrenar su mejor ubicaci\u00f3n y por primera vez quedar\u00e1 en el Top 120 del PIF ATP Rankings, escalando hasta el No. 112 del escalaf\u00f3n en vivo, al bordee de su irrupci\u00f3n entre los 100 mejores tenistas del mundo.<\/p>\n<p>La temporada 2025 de Landaluce ha tenidos algunos altibajos, pudiendo clasificar para su primer cuadro principal de un Masters 1000 en Cincinnati, pero no pudo tener la continuidad necesario para escalar en el Tour.\u00a0<\/p>\n<p>No obstante, en la cancha, Landaluce volvi\u00f3 a dejar en claro su tenis moderno que se amolda a las distintas situaciones de un partido: tras un disputado primer set en el que dej\u00f3 pasar un punto de set, el espa\u00f1ol elev\u00f3 su nivel para ser principal protagonista del encuentro y cerrar dos sets con solidez.\u00a0<\/p>\n<p>\u00a0<\/p>\n<p>Tambi\u00e9n Podr\u00eda Interesarle: <a href=\"https:\/\/www.atptour.com\/es\/news\/tokio-2025-domingo-cf-alcaraz-nakashima\" rel=\"nofollow noopener\" target=\"_blank\">Con r\u00e9cord personal, Alcaraz aterriza en las semifinales de Tokio<\/a><\/p>\n<p>En tanto, tras su coronaci\u00f3n en Francia ha quedo en el No. 5 de la Race To Jeddah, quedando en buena posici\u00f3n para firmar su primera clasificaci\u00f3n\u00a0 directamente a las <a href=\"https:\/\/www.atptour.com\/es\/tournaments\/next-gen-atp-finals\/7696\/overview\" rel=\"nofollow noopener\" target=\"_blank\">Next Gen ATP Finals presented by PIF<\/a>, que empiezan el 17 de diciembre en Jeddah entre los mejores ocho sub-20 del a\u00f1o, tras quedar como suplente la \u00faltima temporada.<\/p>\n","protected":false},"excerpt":{"rendered":"Challenger Landaluce se corona en Orleans y se acerca al Top 100 El espa\u00f1ol sube hasta el No.&hellip;\n","protected":false},"author":2,"featured_media":145027,"comment_status":"","ping_status":"","sticky":false,"template":"","format":"standard","meta":{"footnotes":""},"categories":[274],"tags":[168,25,24,23,167,327,326],"class_list":{"0":"post-145026","1":"post","2":"type-post","3":"status-publish","4":"format-standard","5":"has-post-thumbnail","7":"category-tenis","8":"tag-deportes","9":"tag-es","10":"tag-espana","11":"tag-spain","12":"tag-sports","13":"tag-tenis","14":"tag-tennis"},"share_on_mastodon":{"url":"","error":""},"_links":{"self":[{"href":"https:\/\/www.europesays.com\/es\/wp-json\/wp\/v2\/posts\/145026","targetHints":{"allow":["GET"]}}],"collection":[{"href":"https:\/\/www.europesays.com\/es\/wp-json\/wp\/v2\/posts"}],"about":[{"href":"https:\/\/www.europesays.com\/es\/wp-json\/wp\/v2\/types\/post"}],"author":[{"embeddable":true,"href":"https:\/\/www.europesays.com\/es\/wp-json\/wp\/v2\/users\/2"}],"replies":[{"embeddable":true,"href":"https:\/\/www.europesays.com\/es\/wp-json\/wp\/v2\/comments?post=145026"}],"version-history":[{"count":0,"href":"https:\/\/www.europesays.com\/es\/wp-json\/wp\/v2\/posts\/145026\/revisions"}],"wp:featuredmedia":[{"embeddable":true,"href":"https:\/\/www.europesays.com\/es\/wp-json\/wp\/v2\/media\/145027"}],"wp:attachment":[{"href":"https:\/\/www.europesays.com\/es\/wp-json\/wp\/v2\/media?parent=145026"}],"wp:term":[{"taxonomy":"category","embeddable":true,"href":"https:\/\/www.europesays.com\/es\/wp-json\/wp\/v2\/categories?post=145026"},{"taxonomy":"post_tag","embeddable":true,"href":"https:\/\/www.europesays.com\/es\/wp-json\/wp\/v2\/tags?post=145026"}],"curies":[{"name":"wp","href":"https:\/\/api.w.org\/{rel}","templated":true}]}}