{"id":145030,"date":"2025-09-28T20:54:08","date_gmt":"2025-09-28T20:54:08","guid":{"rendered":"https:\/\/www.europesays.com\/es\/145030\/"},"modified":"2025-09-28T20:54:08","modified_gmt":"2025-09-28T20:54:08","slug":"franco-colapinto-compartio-una-inesperada-actividad-con-el-hijo-de-flavio-briatore","status":"publish","type":"post","link":"https:\/\/www.europesays.com\/es\/145030\/","title":{"rendered":"Franco Colapinto comparti\u00f3 una inesperada actividad con el hijo de Flavio Briatore"},"content":{"rendered":"<p class=\"com-paragraph  --capital --s\">En los d\u00edas previos al Gran Premio de Singapur, <a href=\"https:\/\/www.lanacion.com.ar\/deportes\/automovilismo\/franco-colapinto-en-el-gran-premio-de-formula-1-de-azerbaiyan-en-vivo-nid21092025\/\" target=\"_self\" title=\"https:\/\/www.lanacion.com.ar\/deportes\/automovilismo\/franco-colapinto-en-el-gran-premio-de-formula-1-de-azerbaiyan-en-vivo-nid21092025\/\" class=\"com-link break-word\" data-mrf-recirculation=\"n_link_parrafo\" rel=\"nofollow noopener\"><strong>Franco Colapinto<\/strong><\/a><strong> decidi\u00f3 mostrar una faceta m\u00e1s relajada en sus redes sociales<\/strong>. El piloto argentino comparti\u00f3 una imagen en la que aparece junto a<strong> Falco Briatore, hijo del reconocido asesor de Alpine<\/strong>, disfrutando de una actividad poco habitual que r\u00e1pidamente llam\u00f3 la atenci\u00f3n y gener\u00f3 sorpresa entre sus seguidores.<\/p>\n<p class=\"com-paragraph   --s\"><strong>\u201cMe est\u00e1n dando clases\u201d<\/strong>, escribi\u00f3 Colapinto en la historia que comparti\u00f3 en su cuenta de Instagram, acompa\u00f1ada por <strong>una postal en la que se lo ve junto a Falco arriba de una moto de agua<\/strong>. Con esa publicaci\u00f3n dej\u00f3 en claro la complicidad entre ambos y mostr\u00f3 un costado m\u00e1s distendido, justo antes de enfocarse en el desaf\u00edo que le espera en la pr\u00f3xima fecha de la F\u00f3rmula 1.<\/p>\n<p>Franco Colapinto sorprendi\u00f3 al mostrarse en moto de agua con el hijo de Flavio Briatore (Captura: Instagram @francolapinto)<\/p>\n<p class=\"com-paragraph   --s\">Cabe destacar que esta postal llega a penas unos d\u00edas despu\u00e9s de que Franco Colapinto, en di\u00e1logo con el podcast oficial de la F\u00f3rmula 1, Beyond the Grid, <a href=\"https:\/\/www.lanacion.com.ar\/deportes\/automovilismo\/franco-colapinto-creo-en-flavio-briatore-aprendi-mucho-de-el-y-le-estoy-muy-agradecido-nid24092025\/\" target=\"_self\" title=\"https:\/\/www.lanacion.com.ar\/deportes\/automovilismo\/franco-colapinto-creo-en-flavio-briatore-aprendi-mucho-de-el-y-le-estoy-muy-agradecido-nid24092025\/\" class=\"com-link break-word\" data-mrf-recirculation=\"n_link_parrafo\" rel=\"nofollow noopener\">repas\u00f3 sus comienzos, su paso por distintas categor\u00edas y<strong> su presente en Alpine<\/strong><\/a>. All\u00ed habl\u00f3 <strong>de la importancia de Flavio Briatore en su carrera y destac\u00f3 el apoyo del italiano<\/strong>: \u201cCreo en \u00e9l. Va a llevar a Alpine de vuelta a lo m\u00e1s alto. <strong>Aprend\u00ed mucho de \u00e9l y le estoy muy agradecido<\/strong>. Me convirti\u00f3 en una persona mucho m\u00e1s fuerte psicol\u00f3gicamente\u201d, se\u00f1al\u00f3 el piloto de 22 a\u00f1os, que viene de terminar \u00faltimo en el Gran Premio de Azerbaiy\u00e1n.<\/p>\n<p>Flavio Briatore y Franco ColapintoInstagram<\/p>\n<p class=\"com-paragraph   --s\">Sus dichos llegaron como respuesta a <a href=\"https:\/\/www.lanacion.com.ar\/deportes\/automovilismo\/la-critica-de-flavio-briatore-a-franco-colapinto-tal-vez-no-era-el-momento-adecuado-para-que-nid29082025\/\" target=\"_self\" title=\"https:\/\/www.lanacion.com.ar\/deportes\/automovilismo\/la-critica-de-flavio-briatore-a-franco-colapinto-tal-vez-no-era-el-momento-adecuado-para-que-nid29082025\/\" class=\"com-link break-word\" data-mrf-recirculation=\"n_link_parrafo\" rel=\"nofollow noopener\"><strong>las cr\u00edticas que Briatore hab\u00eda lanzado el mes pasado<\/strong><\/a>, cuando se mostr\u00f3 fastidiado por la falta de resultados y advirti\u00f3 que <strong>quiz\u00e1s no era el momento adecuado para que Colapinto estuviera en la F\u00f3rmula 1<\/strong>. El argentino, en cambio, se mostr\u00f3 confiado en revertir la situaci\u00f3n: \u201cNo me centro demasiado en eso, por supuesto que hay que aprender y tengo mucho m\u00e1s que encontrar, <strong>pero me estoy sintiendo mucho mejor en el equipo y en el auto<\/strong>. No es ning\u00fan secreto que<strong> el auto no est\u00e1 donde queremos que est\u00e9 y que es dif\u00edcil puntuar<\/strong>, pero llegar\u00e1 el momento y quiero estar preparado para eso. <strong>Ese es mi objetivo\u201d<\/strong>. En este marco, la foto del piloto con el hijo de Briatore se entiende como<strong> un gui\u00f1o de que las cosas est\u00e1n en buenos t\u00e9rminos entre ambos<\/strong>.<\/p>\n<p>Tras un dif\u00edcil paso por Bak\u00fa, Colapinto busca sus primeros puntos con AlpineAlpine<\/p>\n<p class=\"com-paragraph   --s\">Franco Colapinto tendr\u00e1 acci\u00f3n <strong>el domingo 5 de octubre en el Gran Premio de Singapur<\/strong>, una de las citas m\u00e1s exigentes del calendario de F\u00f3rmula 1. <strong>La carrera se disputar\u00e1 en el circuito callejero de Marina Bay<\/strong>, reconocido por su trazado urbano, las altas temperaturas y la exigencia f\u00edsica que representa para los pilotos.<\/p>\n","protected":false},"excerpt":{"rendered":"En los d\u00edas previos al Gran Premio de Singapur, Franco Colapinto decidi\u00f3 mostrar una faceta m\u00e1s relajada en&hellip;\n","protected":false},"author":2,"featured_media":145031,"comment_status":"","ping_status":"","sticky":false,"template":"","format":"standard","meta":{"footnotes":""},"categories":[270],"tags":[168,25,24,306,31653,271,272,23,167],"class_list":{"0":"post-145030","1":"post","2":"type-post","3":"status-publish","4":"format-standard","5":"has-post-thumbnail","7":"category-formula-1","8":"tag-deportes","9":"tag-es","10":"tag-espana","11":"tag-f1","12":"tag-f1autoz25","13":"tag-formula-1","14":"tag-formula1","15":"tag-spain","16":"tag-sports"},"share_on_mastodon":{"url":"","error":""},"_links":{"self":[{"href":"https:\/\/www.europesays.com\/es\/wp-json\/wp\/v2\/posts\/145030","targetHints":{"allow":["GET"]}}],"collection":[{"href":"https:\/\/www.europesays.com\/es\/wp-json\/wp\/v2\/posts"}],"about":[{"href":"https:\/\/www.europesays.com\/es\/wp-json\/wp\/v2\/types\/post"}],"author":[{"embeddable":true,"href":"https:\/\/www.europesays.com\/es\/wp-json\/wp\/v2\/users\/2"}],"replies":[{"embeddable":true,"href":"https:\/\/www.europesays.com\/es\/wp-json\/wp\/v2\/comments?post=145030"}],"version-history":[{"count":0,"href":"https:\/\/www.europesays.com\/es\/wp-json\/wp\/v2\/posts\/145030\/revisions"}],"wp:featuredmedia":[{"embeddable":true,"href":"https:\/\/www.europesays.com\/es\/wp-json\/wp\/v2\/media\/145031"}],"wp:attachment":[{"href":"https:\/\/www.europesays.com\/es\/wp-json\/wp\/v2\/media?parent=145030"}],"wp:term":[{"taxonomy":"category","embeddable":true,"href":"https:\/\/www.europesays.com\/es\/wp-json\/wp\/v2\/categories?post=145030"},{"taxonomy":"post_tag","embeddable":true,"href":"https:\/\/www.europesays.com\/es\/wp-json\/wp\/v2\/tags?post=145030"}],"curies":[{"name":"wp","href":"https:\/\/api.w.org\/{rel}","templated":true}]}}