{"id":145039,"date":"2025-09-28T21:00:08","date_gmt":"2025-09-28T21:00:08","guid":{"rendered":"https:\/\/www.europesays.com\/es\/145039\/"},"modified":"2025-09-28T21:00:08","modified_gmt":"2025-09-28T21:00:08","slug":"oleada-de-criticas-contra-un-concursante-de-ot-2025-por-cuestionar-las-lenguas-cooficiales-y-pedir-que-el-castellano-priorice","status":"publish","type":"post","link":"https:\/\/www.europesays.com\/es\/145039\/","title":{"rendered":"Oleada de cr\u00edticas contra un concursante de &#8216;OT 2025&#8217; por cuestionar las lenguas cooficiales y pedir que el castellano priorice"},"content":{"rendered":"\n<p> Sin duda, Iv\u00e1n Rojo se ha convertido en el concursante m\u00e1s pol\u00e9mico de <a href=\"https:\/\/www.elconfidencial.com\/tags\/topics\/operacion-triunfo-12856\/\" target=\"_self\" rel=\"nofollow noopener\">Operaci\u00f3n Triunfo 2025<\/a>. Con solo dos semanas en la Academia, este joven vallisoletano est\u00e1 en el punto de mira por su actitud, quiz\u00e1 un poco chulesca, y sus comentarios sobre la repercusi\u00f3n que va a tener fuera. Junto a esto, <strong>Rojo ha protagonizado un intenso debate con dos de sus compa\u00f1eros por el uso de las lenguas cooficiales en Espa\u00f1a<\/strong>. <\/p>\n<p> El vallisoletano ha defendido que, si viaja a Mallorca, deber\u00edan de hablarle en castellano porque el mallorqu\u00edn \u00abno es una lengua oficial\u00bb. Ante esto, el catal\u00e1n Max Navarro y el gallego Mart\u00edn Tinho <strong>le han explicado a Iv\u00e1n Rojo que \u00abcooficial significa que es oficial\u00bb <\/strong>y han subrayado que una mallorquina \u00abtiene su derecho a mantener el mallorqu\u00edn porque est\u00e1 en su regi\u00f3n\u00bb. <\/p>\n<p> \u00abEres t\u00fa el que ha ido a su regi\u00f3n a buscar una oportunidad.<strong> Lo normal es que respetes su cultura y su idioma<\/strong>\u00ab, le ha expuesto Max a Iv\u00e1n Rojo, se\u00f1alando que en Mallorca tendr\u00e1 m\u00e1s posibilidades de que contraten a una persona que hable mallorqu\u00edn y castellano antes que alguien que solo hable castellano. Frente al planteamiento del catal\u00e1n, Rojo ha defendido que, cuando hay problemas de comunicaci\u00f3n y entendimiento, <strong>lo mejor es utilizar el castellano porque es una lengua com\u00fan entre todos los espa\u00f1oles.<\/strong> <\/p>\n<p> Iv\u00e1n Rojo ha ido m\u00e1s all\u00e1, puesto que ha expresado que una isla tan tur\u00edstica como Mallorca \u00abno se podr\u00eda mantener\u00bb si pidieran que todos sus trabajadores supiesen hablar mallorqu\u00edn. Ante esto, Tinho ha sentenciado que <strong>es importante mantener el idioma de cada regi\u00f3n para preservar la cultura<\/strong>. Acto seguido, el joven gallego ha expuesto su caso personal. <\/p>\n<blockquote class=\"twitter-tweet\">\n<p lang=\"es\" dir=\"ltr\">muy gracioso todo lo de iv\u00e1n rojo y el universo paralelo en el que vive pero despu\u00e9s de ver este video ojal\u00e1 se vaya con el porcentaje m\u00e1s alto de la historia del programa <a href=\"https:\/\/twitter.com\/hashtag\/OTDirecto28S?src=hash&amp;ref_src=twsrc%5Etfw\" rel=\"nofollow noopener\" target=\"_blank\">#OTDirecto28S<\/a> <a href=\"https:\/\/t.co\/glQpcRIYsb\" rel=\"nofollow\">pic.twitter.com\/glQpcRIYsb<\/a><\/p>\n<p>\u2014 paula (@punksviolet) <a href=\"https:\/\/twitter.com\/punksviolet\/status\/1972228243102245133?ref_src=twsrc%5Etfw\" rel=\"nofollow noopener\" target=\"_blank\">September 28, 2025<\/a><\/p><\/blockquote>\n<p> \u00abEn Galicia hay veces que hablo en gallego, alguien no lo entiende y te miran con cara de gilipo***.<strong> Lo normal es mantener el respeto. Si es con educaci\u00f3n, no hay problema<\/strong>\u00ab, ha afirmado Tinho. R\u00e1pidamente, esta conversaci\u00f3n se ha hecho viral en redes sociales, <strong>donde muchos critican las palabras de Rojo<\/strong>, algo que no le beneficia en este momento. <\/p>\n<p>              <img decoding=\"async\" class=\"inTextNews__img\" alt=\"Foto: operacion-triunfo-ivan-rojo-profesor-ot2025\" src=\"https:\/\/www.europesays.com\/es\/wp-content\/uploads\/2025\/09\/f.elconfidencial.com\/original\/d6a\/bf9\/311\/d6abf9311d42e7d6eeb671e4af7cf633.jpeg\"  \/>     <\/p>\n<p>TE PUEDE INTERESAR<\/p>\n<p>      <a class=\"inTextNews__title\" href=\"https:\/\/www.elconfidencial.com\/television\/programas-tv\/2025-09-25\/operacion-triunfo-ivan-rojo-profesor-ot2025_4216434\/\" onclick=\"window.ECCO.emit(&#039;amplitude&#039;, { dataEventName: &#039;click_related_article_module&#039;, data: { related_article_url: &#039;https:\/\/www.elconfidencial.com\/television\/programas-tv\/2025-09-25\/operacion-triunfo-ivan-rojo-profesor-ot2025_4216434\/&#039;, related_article_author: &#039;Berto Molina&#039;, related_article_section: &#039;programas-tv&#039; } })\" rel=\"nofollow noopener\" target=\"_blank\"> \u00abEs bullying\u00bb: la denuncia p\u00fablica de un profesor de &#8216;Operaci\u00f3n Triunfo 2025&#8217; por lo que est\u00e1 pasando con Iv\u00e1n Rojo <\/a>   <\/p>\n<p>    Berto Molina   <\/p>\n<p> Y es que ma\u00f1ana se decidir\u00e1 si Iv\u00e1n Rojo permanece en la Academia o se acaba convirtiendo en el primer expulsado de la edici\u00f3n. <strong>El vallisoletano est\u00e1 nominado junto a Claudia Arenas, pero solo puede quedar uno de los dos dentro del concurso.<\/strong> <\/p>\n<p> Sin duda, Iv\u00e1n Rojo se ha convertido en el concursante m\u00e1s pol\u00e9mico de <a href=\"https:\/\/www.elconfidencial.com\/tags\/topics\/operacion-triunfo-12856\/\" target=\"_self\" rel=\"nofollow noopener\">Operaci\u00f3n Triunfo 2025<\/a>. Con solo dos semanas en la Academia, este joven vallisoletano est\u00e1 en el punto de mira por su actitud, quiz\u00e1 un poco chulesca, y sus comentarios sobre la repercusi\u00f3n que va a tener fuera. Junto a esto, <strong>Rojo ha protagonizado un intenso debate con dos de sus compa\u00f1eros por el uso de las lenguas cooficiales en Espa\u00f1a<\/strong>. <\/p>\n<p>              <script async src=\"https:\/\/platform.twitter.com\/widgets.js\" charset=\"utf-8\"><\/script><\/p>\n","protected":false},"excerpt":{"rendered":"Sin duda, Iv\u00e1n Rojo se ha convertido en el concursante m\u00e1s pol\u00e9mico de Operaci\u00f3n Triunfo 2025. Con solo&hellip;\n","protected":false},"author":2,"featured_media":145040,"comment_status":"","ping_status":"","sticky":false,"template":"","format":"standard","meta":{"footnotes":""},"categories":[171],"tags":[146,147,25,24,23,214],"class_list":{"0":"post-145039","1":"post","2":"type-post","3":"status-publish","4":"format-standard","5":"has-post-thumbnail","7":"category-tv","8":"tag-entertainment","9":"tag-entretenimiento","10":"tag-es","11":"tag-espana","12":"tag-spain","13":"tag-tv"},"share_on_mastodon":{"url":"","error":""},"_links":{"self":[{"href":"https:\/\/www.europesays.com\/es\/wp-json\/wp\/v2\/posts\/145039","targetHints":{"allow":["GET"]}}],"collection":[{"href":"https:\/\/www.europesays.com\/es\/wp-json\/wp\/v2\/posts"}],"about":[{"href":"https:\/\/www.europesays.com\/es\/wp-json\/wp\/v2\/types\/post"}],"author":[{"embeddable":true,"href":"https:\/\/www.europesays.com\/es\/wp-json\/wp\/v2\/users\/2"}],"replies":[{"embeddable":true,"href":"https:\/\/www.europesays.com\/es\/wp-json\/wp\/v2\/comments?post=145039"}],"version-history":[{"count":0,"href":"https:\/\/www.europesays.com\/es\/wp-json\/wp\/v2\/posts\/145039\/revisions"}],"wp:featuredmedia":[{"embeddable":true,"href":"https:\/\/www.europesays.com\/es\/wp-json\/wp\/v2\/media\/145040"}],"wp:attachment":[{"href":"https:\/\/www.europesays.com\/es\/wp-json\/wp\/v2\/media?parent=145039"}],"wp:term":[{"taxonomy":"category","embeddable":true,"href":"https:\/\/www.europesays.com\/es\/wp-json\/wp\/v2\/categories?post=145039"},{"taxonomy":"post_tag","embeddable":true,"href":"https:\/\/www.europesays.com\/es\/wp-json\/wp\/v2\/tags?post=145039"}],"curies":[{"name":"wp","href":"https:\/\/api.w.org\/{rel}","templated":true}]}}