{"id":145049,"date":"2025-09-28T21:09:13","date_gmt":"2025-09-28T21:09:13","guid":{"rendered":"https:\/\/www.europesays.com\/es\/145049\/"},"modified":"2025-09-28T21:09:13","modified_gmt":"2025-09-28T21:09:13","slug":"las-chaquetas-tendencia-del-otono-2025-que-arrasan-en-el-street-style-de-milan-y-donde-fichar-su-version-low-cost","status":"publish","type":"post","link":"https:\/\/www.europesays.com\/es\/145049\/","title":{"rendered":"Las chaquetas tendencia del oto\u00f1o 2025 que arrasan en el &#8216;street style&#8217; de Mil\u00e1n (y d\u00f3nde fichar su versi\u00f3n &#8216;low cost&#8217;)"},"content":{"rendered":"<p data-journey-content=\"true\" data-node-id=\"0\" class=\"css-6wxqfj emevuu60\"><strong data-node-id=\"0.0\">Si hay algo que adoramos del &#8216;street style&#8217; es poder fichar todas las prendas que tiempo despu\u00e9s acabaremos deseando tener (y mucho) en nuestro vestidor<\/strong>. La \u00faltima semana de la moda en Mil\u00e1n nos ha dejado bolsos imposibles, gafas XXL y botas para todos los gustos, sin embargo, las chaquetas se han llevado el papel protagonista en los estilismos. Y ojo, porque <strong data-node-id=\"0.2\">e<\/strong><strong data-node-id=\"0.3\">ste oto\u00f1o 2025 promete ser el de los abrigos con personalidad, esas piezas que transforman cualquier &#8216;look&#8217; b\u00e1sico en uno con todo el rollazo.<\/strong><\/p>\n<p data-journey-content=\"true\" data-node-id=\"1\" class=\"css-6wxqfj emevuu60\">Hemos hecho una selecci\u00f3n de aquellas<strong data-node-id=\"1.1\"> chaqueta que m\u00e1s hemos visto en el &#8216;street style&#8217; de Mil\u00e1n y que tenemos claro que ser\u00e1n tendencia en el oto\u00f1o 2025<\/strong>. Y la buena noticia es que todas estas piezas ya tienen <strong data-node-id=\"1.3\">su clon en versi\u00f3n &#8216;low cost&#8217;<\/strong>. Aqu\u00ed te contamos las que m\u00e1s hemos fichado (y que seguro vas a querer cazar en versi\u00f3n econ\u00f3mica).<\/p>\n<p>Las chaquetas tendencia del oto\u00f1o 2025 que arrasan en el &#8216;street style&#8217; de Mil\u00e1nLa chaqueta efecto piel &#8216;oversize&#8217;<\/p>\n<p data-journey-content=\"true\" data-node-id=\"4\" class=\"css-6wxqfj emevuu60\">S\u00ed, sigue siendo la favorita de las expertas. &#8216;Oversize&#8217;, <strong data-node-id=\"4.1\">c<\/strong><strong data-node-id=\"4.2\">on ese aire entre rebelde y desenfadado<\/strong>, es la prenda ideal para darle rollo a unos vaqueros b\u00e1sicos o incluso a un vestido lencero. Si &#8216;Saint Laurent&#8217; la eleva al altar del lujo, <strong data-node-id=\"4.4\">Zara ya tiene su alternativa m\u00e1s que tentadora.<\/strong><\/p>\n<p><img draggable=\"true\" alt=\"chaqueta street style 2025\" title=\"chaqueta street style 2025\" loading=\"lazy\" width=\"8640\" height=\"5760\" decoding=\"async\" data-nimg=\"1\" style=\"color:transparent;width:100%;height:auto;\"   src=\"https:\/\/www.europesays.com\/es\/wp-content\/uploads\/2025\/09\/gettyimages-2237749490-68d956af20295.jpg\" class=\"css-0 e1g79fud0\"\/><\/p>\n<p>getty<\/p>\n<p>Zara efecto piel<\/p>\n<p><a target=\"_blank\" rel=\"nofollow noopener\" data-theme-key=\"product-image-wrapper\" href=\"https:\/\/www.zara.com\/es\/es\/cazadora-efecto-piel-p04391872.html?v1=452707616\" aria-label=\"60\u00a0\u20ac en ZARA for efecto piel\" data-href=\"https:\/\/www.zara.com\/es\/es\/cazadora-efecto-piel-p04391872.html?v1=452707616\" data-product-url=\"https:\/\/www.zara.com\/es\/es\/cazadora-efecto-piel-p04391872.html?v1=452707616\" data-affiliate=\"false\" data-affiliate-network=\"\" data-vars-ga-call-to-action=\"60\u00a0\u20ac en ZARA\" data-vars-ga-media-role=\"\" data-vars-ga-media-type=\"Single Product Embed\" data-vars-ga-outbound-link=\"https:\/\/www.zara.com\/es\/es\/cazadora-efecto-piel-p04391872.html?v1=452707616\" data-vars-ga-product-brand=\"Zara\" data-vars-ga-product-id=\"58dc5362-91ea-4ce7-8dff-cfc2deae608f\" data-vars-ga-product-price=\"59,95\u00a0\u20ac\" data-vars-ga-product-retailer-id=\"97d87b4c-5bb8-4e82-ab8a-097ff5eedf9d\" data-vars-ga-product-sem3-brand=\"Zara\" data-vars-ga-link-treatment=\"(not set) | (not set)\" class=\"product-image-link ebgq4gw2 e1b8bpvs0 css-g6od0w e1c1bym14\" data-><img  alt=\"efecto piel\" title=\"efecto piel\" src=\"https:\/\/www.europesays.com\/es\/wp-content\/uploads\/2025\/09\/1759081024-04391872800-e1-68d9721a2ab27.jpg\" width=\"750\" height=\"1125\" decoding=\"async\" loading=\"lazy\"\/><\/a>En clave vintage<\/p>\n<p data-journey-content=\"true\" data-node-id=\"9\" class=\"css-6wxqfj emevuu60\">Otra de las chaquetas preferidas de las &#8216;insiders&#8217; son<strong data-node-id=\"9.1\"> aquellas con un puntito vintage, ya sea por su dise\u00f1o o por el acabado desgastado de la piel.<\/strong> Una f\u00f3rmula ideal para llevarlas con un estilismo sofisticado, una mezcla rompedora.<\/p>\n<p><img draggable=\"true\" alt=\"chaqueta street style 2025\" title=\"chaqueta street style 2025\" loading=\"lazy\" width=\"683\" height=\"1024\" decoding=\"async\" data-nimg=\"1\" style=\"color:transparent;width:100%;height:auto;\"   src=\"https:\/\/www.europesays.com\/es\/wp-content\/uploads\/2025\/09\/gettyimages-2237593941-68d956ae85883.jpg\" class=\"css-0 e1g79fud0\"\/><\/p>\n<p>getty<\/p>\n<p>Bershka Chaqueta vintage<\/p>\n<p><a target=\"_blank\" rel=\"nofollow noopener\" data-theme-key=\"product-image-wrapper\" href=\"https:\/\/clk.tradedoubler.com\/click?p=302404&amp;a=3281754&amp;epi=elles|xid:{xid}&amp;url=https%3A%2F%2Fwww.bershka.com%2Fes%2Fcazadora-efecto-piel-c0p196951861.html%3FcolorId%3D700\" aria-label=\"36\u00a0\u20ac en Bershka for Chaqueta vintage\" data-href=\"https:\/\/www.bershka.com\/es\/cazadora-efecto-piel-c0p196951861.html?colorId=700\" data-product-url=\"https:\/\/www.bershka.com\/es\/cazadora-efecto-piel-c0p196951861.html?colorId=700\" data-affiliate=\"true\" data-affiliate-url=\"https:\/\/clk.tradedoubler.com\/click?p=302404&amp;a=3281754&amp;epi=elles|xid:{xid}&amp;url=https%3A%2F%2Fwww.bershka.com%2Fes%2Fcazadora-efecto-piel-c0p196951861.html%3FcolorId%3D700\" data-affiliate-network=\"{&quot;site_id&quot;:&quot;5545cc0d-2c00-4ffe-8b27-aa070fd2db3c&quot;,&quot;metadata&quot;:{&quot;trackonomics&quot;:{&quot;network_name&quot;:&quot;td&quot;}},&quot;network&quot;:{&quot;name&quot;:&quot;Trackonomics&quot;},&quot;product_metadata&quot;:{&quot;5545cc0d-2c00-4ffe-8b27-aa070fd2db3c&quot;:{&quot;network_name&quot;:&quot;td&quot;,&quot;link&quot;:&quot;https:\/\/clk.tradedoubler.com\/click?p=302404&amp;a=3281754&amp;epi={subid}&amp;url=https%3A%2F%2Fwww.bershka.com%2Fes%2Fcazadora-efecto-piel-c0p196951861.html%3FcolorId%3D700&quot;}},&quot;afflink_redirect&quot;:&quot;\/_p\/afflink\/yFV0\/bershka-chaqueta-vintage&quot;}\" data-vars-ga-call-to-action=\"36\u00a0\u20ac en Bershka\" data-vars-ga-media-role=\"\" data-vars-ga-media-type=\"Single Product Embed\" data-vars-ga-outbound-link=\"https:\/\/www.bershka.com\/es\/cazadora-efecto-piel-c0p196951861.html?colorId=700\" data-vars-ga-product-brand=\"Bershka\" data-vars-ga-product-id=\"2b1c8940-3459-4b0e-8115-2802b61fed4e\" data-vars-ga-product-price=\"35,99\u00a0\u20ac\" data-vars-ga-product-retailer-id=\"c4e24838-4fca-47c5-aedd-f0be3dd10844\" data-vars-ga-product-sem3-brand=\"Bershka\" data-vars-ga-link-treatment=\"(not set) | (not set)\" class=\"product-image-link ebgq4gw2 e1b8bpvs0 css-g6od0w e1c1bym14\"><img  alt=\"Chaqueta vintage\" title=\"Chaqueta vintage\" src=\"https:\/\/www.europesays.com\/es\/wp-content\/uploads\/2025\/09\/1759082170-01524741700-a4o-68d9768838dc0.jpg\" width=\"850\" height=\"1090\" decoding=\"async\" loading=\"lazy\"\/><\/a>Las chaquetas de aire &#8216;british&#8217; <\/p>\n<p data-journey-content=\"true\" data-node-id=\"13\" class=\"css-6wxqfj emevuu60\">El campo se cuela en la ciudad con esta chaqueta de aire &#8216;british&#8217; que vuelve con fuerza. Vista en Mango y en m\u00e1s de una influencer milanesa, es ese comod\u00edn que te salva un &#8216;outfit&#8217; de campestre con botas o uno urbano con mocasines. <strong data-node-id=\"13.1\">Una de las favoritas del entretiempo este oto\u00f1o.<\/strong><\/p>\n<p><img draggable=\"true\" alt=\"chaqueta street style 2025\" title=\"chaqueta street style 2025\" loading=\"lazy\" width=\"681\" height=\"1024\" decoding=\"async\" data-nimg=\"1\" style=\"color:transparent;width:100%;height:auto;\"   src=\"https:\/\/www.europesays.com\/es\/wp-content\/uploads\/2025\/09\/gettyimages-2237621146-68d956afd2ae6.jpg\" class=\"css-0 e1g79fud0\"\/><\/p>\n<p>getty<\/p>\n<p>chaqueta<\/p>\n<p><a target=\"_blank\" rel=\"nofollow noopener\" data-theme-key=\"product-image-wrapper\" href=\"https:\/\/go.redirectingat.com?id=86370X1578079&amp;url=https%3A%2F%2Fshop.mango.com%2Fes%2Fes%2Fp%2Fmujer%2Fgabardinas-y-parkas%2Fparkas%2Fparka-oversize-cuello-contraste_17085139\" aria-label=\"80\u00a0\u20ac en Mango for chaqueta\" data-href=\"https:\/\/shop.mango.com\/es\/es\/p\/mujer\/gabardinas-y-parkas\/parkas\/parka-oversize-cuello-contraste_17085139\" data-product-url=\"https:\/\/shop.mango.com\/es\/es\/p\/mujer\/gabardinas-y-parkas\/parkas\/parka-oversize-cuello-contraste_17085139\" data-affiliate=\"true\" data-affiliate-url=\"https:\/\/go.redirectingat.com?id=86370X1578079&amp;url=https%3A%2F%2Fshop.mango.com%2Fes%2Fes%2Fp%2Fmujer%2Fgabardinas-y-parkas%2Fparkas%2Fparka-oversize-cuello-contraste_17085139\" data-affiliate-network=\"{&quot;site_id&quot;:&quot;5545cc0d-2c00-4ffe-8b27-aa070fd2db3c&quot;,&quot;metadata&quot;:null,&quot;network&quot;:{&quot;name&quot;:&quot;Skimlinks&quot;},&quot;product_metadata&quot;:null,&quot;afflink_redirect&quot;:&quot;\/_p\/afflink\/yFUL\/mango-chaqueta&quot;}\" data-vars-ga-call-to-action=\"80\u00a0\u20ac en Mango\" data-vars-ga-media-role=\"\" data-vars-ga-media-type=\"Single Product Embed\" data-vars-ga-outbound-link=\"https:\/\/shop.mango.com\/es\/es\/p\/mujer\/gabardinas-y-parkas\/parkas\/parka-oversize-cuello-contraste_17085139\" data-vars-ga-product-id=\"5a2b4b80-5f67-4229-aeb4-fc687114103e\" data-vars-ga-product-price=\"79,95\u00a0\u20ac\" data-vars-ga-product-retailer-id=\"ff1d32ce-d34e-46d1-9a57-09cdada4c019\" data-vars-ga-link-treatment=\"(not set) | (not set)\" class=\"product-image-link ebgq4gw2 e1b8bpvs0 css-g6od0w e1c1bym14\"><img  alt=\"chaqueta\" title=\"chaqueta\" src=\"https:\/\/www.europesays.com\/es\/wp-content\/uploads\/2025\/09\/1759081898-captura-de-pantalla-2025-09-28-195039-68d9758db7bf5.png\" width=\"483\" height=\"586\" decoding=\"async\" loading=\"lazy\"\/><\/a>La blazer amplia <\/p>\n<p data-journey-content=\"true\" data-node-id=\"17\" class=\"css-6wxqfj emevuu60\">La eterna prenda fetiche de editoras y estilistas. En Mil\u00e1n se han visto en tonos neutros, muy estructuradas y siempre en versi\u00f3n &#8216;oversize&#8217;. Lo mejor: combinan igual de bien con pantalones de pinza que con minifaldas y botas altas. <strong data-node-id=\"17.1\">Un b\u00e1sico actualizado que no entiende de edad.<\/strong><\/p>\n<p><img draggable=\"true\" alt=\"chaqueta street style 2025\" title=\"chaqueta street style 2025\" loading=\"lazy\" width=\"683\" height=\"1024\" decoding=\"async\" data-nimg=\"1\" style=\"color:transparent;width:100%;height:auto;\"   src=\"https:\/\/www.europesays.com\/es\/wp-content\/uploads\/2025\/09\/gettyimages-2237835731-68d956ae85e3a.jpg\" class=\"css-0 e1g79fud0\"\/><\/p>\n<p>getty<\/p>\n<p>Stradivarius chaqueta gris<\/p>\n<p><a target=\"_blank\" rel=\"nofollow noopener\" data-theme-key=\"product-image-wrapper\" href=\"https:\/\/www.awin1.com\/cread.php?awinmid=65036&amp;awinaffid=676225&amp;campaign=&amp;clickref=elles|xid:{xid}&amp;ued=https%3A%2F%2Fwww.stradivarius.com%2Fes%2Famericana-asimetrica-cruzada-l05943339%3FcolorId%3D250%26xs%3D13%26pelement%3D454318590&amp;platform=pl\" aria-label=\"36\u00a0\u20ac en stradivarius for chaqueta gris\" data-href=\"https:\/\/www.stradivarius.com\/es\/americana-asimetrica-cruzada-l05943339?colorId=250&amp;xs=13&amp;pelement=454318590\" data-product-url=\"https:\/\/www.stradivarius.com\/es\/americana-asimetrica-cruzada-l05943339?colorId=250&amp;xs=13&amp;pelement=454318590\" data-affiliate=\"true\" data-affiliate-url=\"https:\/\/www.awin1.com\/cread.php?awinmid=65036&amp;awinaffid=676225&amp;campaign=&amp;clickref=elles|xid:{xid}&amp;ued=https%3A%2F%2Fwww.stradivarius.com%2Fes%2Famericana-asimetrica-cruzada-l05943339%3FcolorId%3D250%26xs%3D13%26pelement%3D454318590&amp;platform=pl\" data-affiliate-network=\"{&quot;site_id&quot;:&quot;5545cc0d-2c00-4ffe-8b27-aa070fd2db3c&quot;,&quot;metadata&quot;:{&quot;trackonomics&quot;:{&quot;network_name&quot;:&quot;awin&quot;}},&quot;network&quot;:{&quot;name&quot;:&quot;Trackonomics&quot;},&quot;product_metadata&quot;:{&quot;5545cc0d-2c00-4ffe-8b27-aa070fd2db3c&quot;:{&quot;network_name&quot;:&quot;awin&quot;,&quot;link&quot;:&quot;https:\/\/www.awin1.com\/cread.php?awinmid=65036&amp;awinaffid=676225&amp;campaign=&amp;clickref={subid}&amp;ued=https%3A%2F%2Fwww.stradivarius.com%2Fes%2Famericana-asimetrica-cruzada-l05943339%3FcolorId%3D250%26xs%3D13%26pelement%3D454318590&amp;platform=pl&quot;}},&quot;afflink_redirect&quot;:&quot;\/_p\/afflink\/yFV9\/stradivarius-chaqueta-gris&quot;}\" data-vars-ga-call-to-action=\"36\u00a0\u20ac en stradivarius\" data-vars-ga-media-role=\"\" data-vars-ga-media-type=\"Single Product Embed\" data-vars-ga-outbound-link=\"https:\/\/www.stradivarius.com\/es\/americana-asimetrica-cruzada-l05943339?colorId=250&amp;xs=13&amp;pelement=454318590\" data-vars-ga-product-brand=\"Stradivarius\" data-vars-ga-product-id=\"73307188-e2ee-48bf-8b79-1949084aded5\" data-vars-ga-product-price=\"35,99\u00a0\u20ac\" data-vars-ga-product-retailer-id=\"f6fbe698-a4aa-4bc6-bdd3-0b729eb84320\" data-vars-ga-product-sem3-brand=\"Stradivarius\" data-vars-ga-link-treatment=\"(not set) | (not set)\" class=\"product-image-link ebgq4gw2 e1b8bpvs0 css-g6od0w e1c1bym14\"><img  alt=\"chaqueta gris\" title=\"chaqueta gris\" src=\"https:\/\/www.europesays.com\/es\/wp-content\/uploads\/2025\/09\/1759082336-05943339250-s1-68d97728a0cec.jpg\" width=\"1800\" height=\"2600\" decoding=\"async\" loading=\"lazy\"\/><\/a>El abrigo con pelito en el cuello<\/p>\n<p data-journey-content=\"true\" data-node-id=\"21\" class=\"css-6wxqfj emevuu60\">Ya sabes: un detalle puede marcar la diferencia. <strong data-node-id=\"21.1\">Y este oto\u00f1o, los cuellos con pelito (sint\u00e9tico, por supuesto) se llevan todas las miradas.<\/strong> Elegante, femenino y muy retro, lo vimos en camel, negro y hasta en tonos pastel. Si buscas abrigo estrella esta temporada, aqu\u00ed lo tienes.<\/p>\n<p><img draggable=\"true\" alt=\"chaqueta street style 2025\" title=\"chaqueta street style 2025\" loading=\"lazy\" width=\"693\" height=\"1024\" decoding=\"async\" data-nimg=\"1\" style=\"color:transparent;width:100%;height:auto;\"   src=\"https:\/\/www.europesays.com\/es\/wp-content\/uploads\/2025\/09\/gettyimages-2237415788-68d956ae85e25.jpg\" class=\"css-0 e1g79fud0\"\/><\/p>\n<p>getty<\/p>\n<p>Zara CAZADORA DOBLE FAZ EFECTO PELO<\/p>\n<p><a target=\"_blank\" rel=\"nofollow noopener\" data-theme-key=\"product-image-wrapper\" href=\"https:\/\/www.zara.com\/es\/es\/cazadora-doble-faz-efecto-pelo-p08372221.html?v1=463887784\" aria-label=\"60\u00a0\u20ac en ZARA for CAZADORA DOBLE FAZ EFECTO PELO\" data-href=\"https:\/\/www.zara.com\/es\/es\/cazadora-doble-faz-efecto-pelo-p08372221.html?v1=463887784\" data-product-url=\"https:\/\/www.zara.com\/es\/es\/cazadora-doble-faz-efecto-pelo-p08372221.html?v1=463887784\" data-affiliate=\"false\" data-affiliate-network=\"\" data-vars-ga-call-to-action=\"60\u00a0\u20ac en ZARA\" data-vars-ga-media-role=\"\" data-vars-ga-media-type=\"Single Product Embed\" data-vars-ga-outbound-link=\"https:\/\/www.zara.com\/es\/es\/cazadora-doble-faz-efecto-pelo-p08372221.html?v1=463887784\" data-vars-ga-product-brand=\"Zara\" data-vars-ga-product-id=\"2572771f-eda1-47f2-af5c-05e9885539d2\" data-vars-ga-product-price=\"59,95\u00a0\u20ac\" data-vars-ga-product-retailer-id=\"6e8c4423-662f-466b-ae6e-cccbee097f01\" data-vars-ga-product-sem3-brand=\"Zara\" data-vars-ga-link-treatment=\"(not set) | (not set)\" class=\"product-image-link ebgq4gw2 e1b8bpvs0 css-g6od0w e1c1bym14\" data-><img  alt=\"CAZADORA DOBLE FAZ EFECTO PELO\" title=\"CAZADORA DOBLE FAZ EFECTO PELO\" src=\"https:\/\/www.europesays.com\/es\/wp-content\/uploads\/2025\/09\/1759081634-08372221700-e1-68d9746bb76dc.jpg\" width=\"750\" height=\"1125\" decoding=\"async\" loading=\"lazy\"\/><\/a>El trench largo efecto piel<\/p>\n<p data-journey-content=\"true\" data-node-id=\"25\" class=\"css-6wxqfj emevuu60\">Cuando pensabas que el &#8216;trench&#8217; cl\u00e1sico no pod\u00eda reinventarse, llega su versi\u00f3n efecto piel y arrasa<strong data-node-id=\"25.1\">. Largos, fluidos, con ese aire entre Matrix y sofisticaci\u00f3n parisina.<\/strong> Perfectos para elevar estilismos de oficina o para darle potencia a un estilismo nocturno.<\/p>\n<p><img draggable=\"true\" alt=\"chaqueta street style 2025\" title=\"chaqueta street style 2025\" loading=\"lazy\" width=\"683\" height=\"1024\" decoding=\"async\" data-nimg=\"1\" style=\"color:transparent;width:100%;height:auto;\"   src=\"https:\/\/www.europesays.com\/es\/wp-content\/uploads\/2025\/09\/gettyimages-2237865488-68d956afbf371.jpg\" class=\"css-0 e1g79fud0\"\/><\/p>\n<p>getty<\/p>\n<p>trench<\/p>\n<p><a target=\"_blank\" rel=\"nofollow noopener\" data-theme-key=\"product-image-wrapper\" href=\"https:\/\/www.awin1.com\/cread.php?awinmid=65036&amp;awinaffid=676225&amp;campaign=&amp;clickref=elles|xid:{xid}&amp;ued=https%3A%2F%2Fwww.stradivarius.com%2Fes%2Ftrench-largo-efecto-piel-l05802173%3FcolorId%3D151%26style%3D54%26pelement%3D474345388&amp;platform=pl\" aria-label=\"50\u00a0\u20ac en stradivarius for trench\" data-href=\"https:\/\/www.stradivarius.com\/es\/trench-largo-efecto-piel-l05802173?colorId=151&amp;style=54&amp;pelement=474345388\" data-product-url=\"https:\/\/www.stradivarius.com\/es\/trench-largo-efecto-piel-l05802173?colorId=151&amp;style=54&amp;pelement=474345388\" data-affiliate=\"true\" data-affiliate-url=\"https:\/\/www.awin1.com\/cread.php?awinmid=65036&amp;awinaffid=676225&amp;campaign=&amp;clickref=elles|xid:{xid}&amp;ued=https%3A%2F%2Fwww.stradivarius.com%2Fes%2Ftrench-largo-efecto-piel-l05802173%3FcolorId%3D151%26style%3D54%26pelement%3D474345388&amp;platform=pl\" data-affiliate-network=\"{&quot;site_id&quot;:&quot;5545cc0d-2c00-4ffe-8b27-aa070fd2db3c&quot;,&quot;metadata&quot;:{&quot;trackonomics&quot;:{&quot;network_name&quot;:&quot;awin&quot;}},&quot;network&quot;:{&quot;name&quot;:&quot;Trackonomics&quot;},&quot;product_metadata&quot;:{&quot;5545cc0d-2c00-4ffe-8b27-aa070fd2db3c&quot;:{&quot;network_name&quot;:&quot;awin&quot;,&quot;link&quot;:&quot;https:\/\/www.awin1.com\/cread.php?awinmid=65036&amp;awinaffid=676225&amp;campaign=&amp;clickref={subid}&amp;ued=https%3A%2F%2Fwww.stradivarius.com%2Fes%2Ftrench-largo-efecto-piel-l05802173%3FcolorId%3D151%26style%3D54%26pelement%3D474345388&amp;platform=pl&quot;}},&quot;afflink_redirect&quot;:&quot;\/_p\/afflink\/yFU2\/stradivarius-trench&quot;}\" data-vars-ga-call-to-action=\"50\u00a0\u20ac en stradivarius\" data-vars-ga-media-role=\"\" data-vars-ga-media-type=\"Single Product Embed\" data-vars-ga-outbound-link=\"https:\/\/www.stradivarius.com\/es\/trench-largo-efecto-piel-l05802173?colorId=151&amp;style=54&amp;pelement=474345388\" data-vars-ga-product-id=\"afac569d-34fb-4463-a802-fb8a69f40332\" data-vars-ga-product-price=\"49,95\u00a0\u20ac\" data-vars-ga-product-retailer-id=\"d29dd8d4-dd0e-4cac-92bf-da6ddfb345a9\" data-vars-ga-link-treatment=\"(not set) | (not set)\" class=\"product-image-link ebgq4gw2 e1b8bpvs0 css-g6od0w e1c1bym14\"><img  alt=\"trench\" title=\"trench\" src=\"https:\/\/www.europesays.com\/es\/wp-content\/uploads\/2025\/09\/1759081233-05802173151-s1-68d972e03a9e1.jpg\" width=\"1800\" height=\"2600\" decoding=\"async\" loading=\"lazy\"\/><\/a>La doble faz a\u00f1os 70s<\/p>\n<p data-journey-content=\"true\" data-node-id=\"29\" class=\"css-6wxqfj emevuu60\">La inspiraci\u00f3n setentera sigue pisando fuerte esta temporada y lo hace con esta chaqueta c\u00e1lida y con forro de borreguito a la vista.<strong data-node-id=\"29.1\"> Vers\u00e1til, favorecedora y con un toque nost\u00e1lgico que nos encanta.<\/strong> Ya la hemos visto en pasarela, pero tambi\u00e9n en escaparates m\u00e1s accesibles.<\/p>\n<p><img draggable=\"true\" alt=\"chaqueta street style 2025\" title=\"chaqueta street style 2025\" loading=\"lazy\" width=\"681\" height=\"1024\" decoding=\"async\" data-nimg=\"1\" style=\"color:transparent;width:100%;height:auto;\"   src=\"https:\/\/www.europesays.com\/es\/wp-content\/uploads\/2025\/09\/gettyimages-2237795032-68d956ae85d5c.jpg\" class=\"css-0 e1g79fud0\"\/><\/p>\n<p>getty<\/p>\n<p>doble faz<\/p>\n<p><a target=\"_blank\" rel=\"nofollow noopener\" data-theme-key=\"product-image-wrapper\" href=\"https:\/\/www.zara.com\/es\/es\/cazadora-corta-doble-faz-p08372321.html?v1=464427895\" aria-label=\"60\u00a0\u20ac en ZARA for doble faz\" data-href=\"https:\/\/www.zara.com\/es\/es\/cazadora-corta-doble-faz-p08372321.html?v1=464427895\" data-product-url=\"https:\/\/www.zara.com\/es\/es\/cazadora-corta-doble-faz-p08372321.html?v1=464427895\" data-affiliate=\"false\" data-affiliate-network=\"\" data-vars-ga-call-to-action=\"60\u00a0\u20ac en ZARA\" data-vars-ga-media-role=\"\" data-vars-ga-media-type=\"Single Product Embed\" data-vars-ga-outbound-link=\"https:\/\/www.zara.com\/es\/es\/cazadora-corta-doble-faz-p08372321.html?v1=464427895\" data-vars-ga-product-id=\"d80cf025-ef13-4d39-af54-642291b4115c\" data-vars-ga-product-price=\"59,95\u00a0\u20ac\" data-vars-ga-product-retailer-id=\"d7281636-d4af-4ef2-8a63-9c52483cc5bf\" data-vars-ga-link-treatment=\"(not set) | (not set)\" class=\"product-image-link ebgq4gw2 e1b8bpvs0 css-g6od0w e1c1bym14\" data-><img  alt=\"doble faz\" title=\"doble faz\" src=\"https:\/\/www.europesays.com\/es\/wp-content\/uploads\/2025\/09\/1759081486-08372321716-e1-68d973e9040d4.jpg\" width=\"750\" height=\"1125\" decoding=\"async\" loading=\"lazy\"\/><\/a><img src=\"https:\/\/www.europesays.com\/es\/wp-content\/uploads\/2025\/09\/1759093753_801_fdb40614-5afb-491b-84a7-5d9b44b2dcde_1658480441.file\" alt=\"Headshot of Amanda Prado\" title=\"Headshot of Amanda Prado\" width=\"100%\" height=\"100%\" decoding=\"async\" loading=\"lazy\" class=\"css-o0wq4v ev8dhu53\"\/><\/p>\n<p>Amanda Prado es colaboradora de ELLE, experta en moda, tendencias y actualidad. Como buena defensora del periodismo multimedia, tambi\u00e9n es creadora de contenido para redes sociales (empez\u00f3 en Fotolog y ha terminado en TikTok). Su especialidad es localizar las nuevas tendencias de la pasarela y del street style. Amante del estilo boho, la ropa vintage y la moda sostenible. Especialista en transformar b\u00e1sicos en lookazos y en localizar joyitas textiles de donde crees que no se puede sacar nada. De las rom\u00e1nticas que a\u00fan compran en tienda f\u00edsica. \u00a0<\/p>\n<p>Descubrir qu\u00e9 llevan las famosas es otra de sus funciones. Adem\u00e1s de analizar qu\u00e9 prendas visten las celebrities (y, sobre todo, c\u00f3mo lo llevan, su estilo) tambi\u00e9n se encarga de cubrir todo lo que sucede en alfombras rojas y eventos de moda. No deja escapar ning\u00fan detalle del d\u00eda a d\u00eda que comparten las influencers y creadores de contenido en sus redes sociales o en los eventos a los que acuden. \u00a0<\/p>\n<p>Amanda Prado se gradu\u00f3 primero en Derecho y despu\u00e9s en Periodismo en la Universidad Rey Juan Carlos. En tercero de carrera result\u00f3 ganadora de la Superbeca Elle y trabaj\u00f3 durante un a\u00f1o en cuatro empresas: para el equipo de comunicaci\u00f3n de ZARA (Inditex), el departamento de Relaciones P\u00fablicas de Est\u00e9e Lauder, la agencia de comunicaci\u00f3n Equipo Singular y, por \u00faltimo, la redacci\u00f3n de la revista ELLE. Al terminar la beca comenz\u00f3 a colaborar en la revista Cosmopolitan cubriendo temas de belleza y moda y, tras varios a\u00f1os, regres\u00f3 a ELLE.\u00a0<\/p>\n","protected":false},"excerpt":{"rendered":"Si hay algo que adoramos del &#8216;street style&#8217; es poder fichar todas las prendas que tiempo despu\u00e9s acabaremos&hellip;\n","protected":false},"author":2,"featured_media":145050,"comment_status":"","ping_status":"","sticky":false,"template":"","format":"standard","meta":{"footnotes":""},"categories":[91],"tags":[1655,253,146,147,25,24,23],"class_list":{"0":"post-145049","1":"post","2":"type-post","3":"status-publish","4":"format-standard","5":"has-post-thumbnail","7":"category-entretenimiento","8":"tag-afiliacion","9":"tag-discover","10":"tag-entertainment","11":"tag-entretenimiento","12":"tag-es","13":"tag-espana","14":"tag-spain"},"share_on_mastodon":{"url":"","error":""},"_links":{"self":[{"href":"https:\/\/www.europesays.com\/es\/wp-json\/wp\/v2\/posts\/145049","targetHints":{"allow":["GET"]}}],"collection":[{"href":"https:\/\/www.europesays.com\/es\/wp-json\/wp\/v2\/posts"}],"about":[{"href":"https:\/\/www.europesays.com\/es\/wp-json\/wp\/v2\/types\/post"}],"author":[{"embeddable":true,"href":"https:\/\/www.europesays.com\/es\/wp-json\/wp\/v2\/users\/2"}],"replies":[{"embeddable":true,"href":"https:\/\/www.europesays.com\/es\/wp-json\/wp\/v2\/comments?post=145049"}],"version-history":[{"count":0,"href":"https:\/\/www.europesays.com\/es\/wp-json\/wp\/v2\/posts\/145049\/revisions"}],"wp:featuredmedia":[{"embeddable":true,"href":"https:\/\/www.europesays.com\/es\/wp-json\/wp\/v2\/media\/145050"}],"wp:attachment":[{"href":"https:\/\/www.europesays.com\/es\/wp-json\/wp\/v2\/media?parent=145049"}],"wp:term":[{"taxonomy":"category","embeddable":true,"href":"https:\/\/www.europesays.com\/es\/wp-json\/wp\/v2\/categories?post=145049"},{"taxonomy":"post_tag","embeddable":true,"href":"https:\/\/www.europesays.com\/es\/wp-json\/wp\/v2\/tags?post=145049"}],"curies":[{"name":"wp","href":"https:\/\/api.w.org\/{rel}","templated":true}]}}