{"id":145057,"date":"2025-09-28T21:13:21","date_gmt":"2025-09-28T21:13:21","guid":{"rendered":"https:\/\/www.europesays.com\/es\/145057\/"},"modified":"2025-09-28T21:13:21","modified_gmt":"2025-09-28T21:13:21","slug":"la-fuerte-tormenta-a-su-paso-por-zaragoza-deja-varias-calles-inundadas-y-rescates-en-vehiculos-sociedad","status":"publish","type":"post","link":"https:\/\/www.europesays.com\/es\/145057\/","title":{"rendered":"La fuerte tormenta a su paso por Zaragoza deja varias calles inundadas y rescates en veh\u00edculos | Sociedad"},"content":{"rendered":"<p class=\"loc\">Zaragoza<\/p>\n<p>La fuerte tormenta que atraviesa Zaragoza y alrededores ha causando numerosas inundaciones en diversos puntos. Cerca de las 21:00 horas, los Bomberos de la capital han atendido m\u00e1s de 100 salidas relacionadas con la lluvia. M\u00e1s de la mitad de esos ya resueltos, seg\u00fan ha informado el Consistorio. <\/p>\n<p>En Cuarte de Huerva, los servicios de emergencia han actuado en 13 ocasiones por ca\u00edda de piedras, afectaci\u00f3n de calzadas y arbolado. En la Ciudad Deportiva del Real Zaragoza, unas 30 personas quedaron atrapadas temporalmente, aunque sin riesgo para su seguridad y en perfecto estado.<\/p>\n<p>Otros municipios tambi\u00e9n han sufrido las consecuencias del temporal. En La Puebla de Alfind\u00e9n se han registrado nueve intervenciones por inundaciones en bajos y garajes, mientras que en Mar\u00eda de Huerva se han contabilizado 6 incidencias similares. En La Muela, una balsa de agua en la autov\u00eda A-2 ha dificultado la circulaci\u00f3n, aunque sin llegar a interrumpir el tr\u00e1fico.<\/p>\n<p>Adem\u00e1s, la carretera N-330 permanece cortada al tr\u00e1fico a la altura de Santa Fe (Zaragoza), entre los puntos kilom\u00e9tricos 486 y 487,5.<\/p>\n<p>Zaragoza ciudad<\/p>\n<p>En el barrio de Parque Goya, los bomberos han achicado agua en el paso de Majas de Goya, que se encuentra inundado. El servicio est\u00e1 interrumpido en este barrio, con autobuses alternativos.<\/p>\n<p>Otros puntos donde los bomberos est\u00e1n trabajando en tareas de achique son la avenida de la Ilustraci\u00f3n, la calle Legaz Lacambra en el Actur y el Hospital Royo Villanova, donde ha entrado abundante agua en los bajos del edificio. En este \u00faltimo caso, se trata de un achique convencional, sin afecci\u00f3n grave en el funcionamiento del hospital.<\/p>\n<blockquote class=\"twitter-tweet\">\n<p lang=\"es\" dir=\"ltr\">La fuerte tormenta que ha descargado est\u00e1 tarde en Zaragoza, ha dejado importantes afecciones en el norte de la ciudad&#8230; En el Actur, algunas personas han quedado atrapadas con el coche por el agua, al refugiarse debajo de un puente para evitar el granizo \ud83c\udf27\ufe0f <a href=\"https:\/\/t.co\/5HC0ETnwvn\" rel=\"nofollow\">pic.twitter.com\/5HC0ETnwvn<\/a><\/p>\n<p>\u2014 Meteo Arag\u00f3n (@meteo_aragon) <a href=\"https:\/\/twitter.com\/meteo_aragon\/status\/1972343308828733855?ref_src=twsrc%5Etfw\" rel=\"nofollow noopener\" target=\"_blank\">September 28, 2025<\/a><\/p><\/blockquote>\n<p>El resto de intervenciones son achiques menores en propiedades particulares o en calles en pendiente que deben ser inspeccionadas y dejadas drenar por s\u00ed mismas.<\/p>\n<p>Tambi\u00e9n se han registrado inundaciones en el Tercer Cintur\u00f3n, a la altura de Parque Venecia, donde un coche de la Polic\u00eda Local ha bloqueado el acceso a la circunvalaci\u00f3n desde la rotonda pr\u00f3xima al cuartel de la Polic\u00eda Local.<\/p>\n<p>La tormenta tambi\u00e9n ha arrancado \u00e1rboles en el entorno del parque Bruil de Zaragoza. <\/p>\n<p><img decoding=\"async\" src=\"https:\/\/www.europesays.com\/es\/wp-content\/uploads\/2025\/09\/XABJMLZU6JHDTN7WLVJF5A3JNE.jpeg\" alt=\"\u00c1rboles arrancados en la zona del Parque Bruil de Zaragoza\" width=\"16\" height=\"9\"  loading=\"lazy\"\/><\/p>\n<p>\u00c1rboles arrancados en la zona del Parque Bruil de Zaragoza<\/p>\n<p>Ampliar<img decoding=\"async\" src=\"https:\/\/www.europesays.com\/es\/wp-content\/uploads\/2025\/09\/1759094001_859_XABJMLZU6JHDTN7WLVJF5A3JNE.jpeg\" alt=\"\u00c1rboles arrancados en la zona del Parque Bruil de Zaragoza\" width=\"16\" height=\"9\" loading=\"lazy\"\/><\/p>\n<p>\u00c1rboles arrancados en la zona del Parque Bruil de Zaragoza<\/p>\n<p>Cerrar<script async src=\"https:\/\/platform.twitter.com\/widgets.js\" charset=\"utf-8\"><\/script><\/p>\n","protected":false},"excerpt":{"rendered":"Zaragoza La fuerte tormenta que atraviesa Zaragoza y alrededores ha causando numerosas inundaciones en diversos puntos. Cerca de&hellip;\n","protected":false},"author":2,"featured_media":145058,"comment_status":"","ping_status":"","sticky":false,"template":"","format":"standard","meta":{"footnotes":""},"categories":[8],"tags":[17,18,25,24,13,14,11,19,20,9,10,15,16,23,12,21,22],"class_list":{"0":"post-145057","1":"post","2":"type-post","3":"status-publish","4":"format-standard","5":"has-post-thumbnail","7":"category-espana","8":"tag-breaking-news","9":"tag-breakingnews","10":"tag-es","11":"tag-espana","12":"tag-featured-news","13":"tag-featurednews","14":"tag-headlines","15":"tag-latest-news","16":"tag-latestnews","17":"tag-news","18":"tag-noticias","19":"tag-noticias-destacadas","20":"tag-noticiasdestacadas","21":"tag-spain","22":"tag-titulares","23":"tag-ultimas-noticias","24":"tag-ultimasnoticias"},"share_on_mastodon":{"url":"","error":""},"_links":{"self":[{"href":"https:\/\/www.europesays.com\/es\/wp-json\/wp\/v2\/posts\/145057","targetHints":{"allow":["GET"]}}],"collection":[{"href":"https:\/\/www.europesays.com\/es\/wp-json\/wp\/v2\/posts"}],"about":[{"href":"https:\/\/www.europesays.com\/es\/wp-json\/wp\/v2\/types\/post"}],"author":[{"embeddable":true,"href":"https:\/\/www.europesays.com\/es\/wp-json\/wp\/v2\/users\/2"}],"replies":[{"embeddable":true,"href":"https:\/\/www.europesays.com\/es\/wp-json\/wp\/v2\/comments?post=145057"}],"version-history":[{"count":0,"href":"https:\/\/www.europesays.com\/es\/wp-json\/wp\/v2\/posts\/145057\/revisions"}],"wp:featuredmedia":[{"embeddable":true,"href":"https:\/\/www.europesays.com\/es\/wp-json\/wp\/v2\/media\/145058"}],"wp:attachment":[{"href":"https:\/\/www.europesays.com\/es\/wp-json\/wp\/v2\/media?parent=145057"}],"wp:term":[{"taxonomy":"category","embeddable":true,"href":"https:\/\/www.europesays.com\/es\/wp-json\/wp\/v2\/categories?post=145057"},{"taxonomy":"post_tag","embeddable":true,"href":"https:\/\/www.europesays.com\/es\/wp-json\/wp\/v2\/tags?post=145057"}],"curies":[{"name":"wp","href":"https:\/\/api.w.org\/{rel}","templated":true}]}}