{"id":145059,"date":"2025-09-28T21:14:22","date_gmt":"2025-09-28T21:14:22","guid":{"rendered":"https:\/\/www.europesays.com\/es\/145059\/"},"modified":"2025-09-28T21:14:22","modified_gmt":"2025-09-28T21:14:22","slug":"el-congreso-que-abrio-un-nuevo-tiempo-para-la-cultura-andaluza","status":"publish","type":"post","link":"https:\/\/www.europesays.com\/es\/145059\/","title":{"rendered":"el congreso que abri\u00f3 un nuevo tiempo para la cultura andaluza"},"content":{"rendered":"<p>La jornada arranc\u00f3 con una conversaci\u00f3n entre el humorista y productor Manu S\u00e1nchez y Christopher Rivas, Delgado de Identidad Andaluza del Ayuntamiento de Alcal\u00e1 de Guada\u00edra. Un di\u00e1logo que abord\u00f3 los clich\u00e9s que hist\u00f3ricamente han condicionado la visi\u00f3n de Andaluc\u00eda, pero tambi\u00e9n los sentimientos, las emociones y el papel pol\u00edtico de una identidad que hoy reclama su sitio con orgullo. La iniciativa parte precisamente de esta delegaci\u00f3n, \u00fanica en toda Andaluc\u00eda: de los m\u00e1s de 800 municipios que conforman nuestra tierra, solo Alcal\u00e1 cuenta con un \u00e1rea espec\u00edfica de Identidad Andaluza, un hito que sit\u00faa a la ciudad a la vanguardia en la defensa y proyecci\u00f3n de lo andaluz.<\/p>\n<p>La primera mesa estuvo protagonizada por Antonio Manuel Rodr\u00edguez, que con su inconfundible prosa defendi\u00f3 que el habla andaluza es una lengua con todo lo que una lengua necesita para ser reconocida: gram\u00e1tica, riqueza l\u00e9xica, creatividad y, sobre todo, una comunidad que la hace viva. Junto a Sandra Mouruizz y Antropizarte, se subray\u00f3 la importancia de mirar sin complejos la forma en que hablamos y pensamos desde Andaluc\u00eda. Todos coincidieron en que los haters en redes sociales suelen cargar contra el acento: \u00abnos critican por c\u00f3mo hablamos, pero es justo lo que nos hace \u00fanicos\u00bb, reivindicaron.<\/p>\n<p>En la segunda mesa, Nuria Bayo, F\u00e9lix Onta\u00f1\u00f3n y Manuel Rodr\u00edguez Illana trasladaron esa reflexi\u00f3n al terreno de la literatura y lo social. Plantearon un debate sobre c\u00f3mo la escritura, la memoria colectiva y las nuevas narrativas est\u00e1n derribando t\u00f3picos y alumbrando un nuevo paradigma cultural andaluz.<\/p>\n<p>La tercera mesa, con Julio Mu\u00f1oz \u00abEl Rancio\u00bb y Malacara, fue la m\u00e1s desenfadada. Ambos lograron arrancar carcajadas al p\u00fablico mientras hablaban de humor, redes sociales y cultura popular. Con ingenio e iron\u00eda, mostraron c\u00f3mo lo andaluz tambi\u00e9n se expresa en el meme, la s\u00e1tira y las narrativas digitales. Fue uno de los momentos m\u00e1s celebrados del congreso.<\/p>\n<p>Uno de los hitos visuales lo firm\u00f3 el grafitero BaobArt, que dej\u00f3 plasmada la identidad de ContraSe\u00f1a en un mural vibrante, lleno de color y simbolismo. La obra, que ya forma parte de la imagen reconocible del congreso, se convirti\u00f3 en un emblema para los asistentes y en uno de los espacios m\u00e1s fotografiados del d\u00eda.<\/p>\n<p>El broche lo puso la m\u00fasica: El Hombre Quiz\u00e1s, O&#8217;Cristo, Canast\u00e9reo, Cristian de Moret y DJ Yanyo llenaron de energ\u00eda el auditorio hasta la madrugada, demostrando que lo andaluz tambi\u00e9n es ritmo, experimentaci\u00f3n y celebraci\u00f3n compartida.<\/p>\n<p>El estreno de ContraSe\u00f1a dej\u00f3 claro que hay una generaci\u00f3n de creadores, pensadores y artistas dispuestos a escribir el presente y el futuro de lo andaluz. Una contrase\u00f1a compartida que convierte a Andaluc\u00eda en clave, se\u00f1a e impulso de una nueva cultura.\n  <\/p>\n<p>\u00a0<\/p>\n","protected":false},"excerpt":{"rendered":"La jornada arranc\u00f3 con una conversaci\u00f3n entre el humorista y productor Manu S\u00e1nchez y Christopher Rivas, Delgado de&hellip;\n","protected":false},"author":2,"featured_media":145060,"comment_status":"","ping_status":"","sticky":false,"template":"","format":"standard","meta":{"footnotes":""},"categories":[5],"tags":[17,18,44691,25,24,13,14,11,19,20,9,10,15,16,23,12,21,22],"class_list":{"0":"post-145059","1":"post","2":"type-post","3":"status-publish","4":"format-standard","5":"has-post-thumbnail","7":"category-titulares","8":"tag-breaking-news","9":"tag-breakingnews","10":"tag-celebracion-contrasena","11":"tag-es","12":"tag-espana","13":"tag-featured-news","14":"tag-featurednews","15":"tag-headlines","16":"tag-latest-news","17":"tag-latestnews","18":"tag-news","19":"tag-noticias","20":"tag-noticias-destacadas","21":"tag-noticiasdestacadas","22":"tag-spain","23":"tag-titulares","24":"tag-ultimas-noticias","25":"tag-ultimasnoticias"},"share_on_mastodon":{"url":"","error":""},"_links":{"self":[{"href":"https:\/\/www.europesays.com\/es\/wp-json\/wp\/v2\/posts\/145059","targetHints":{"allow":["GET"]}}],"collection":[{"href":"https:\/\/www.europesays.com\/es\/wp-json\/wp\/v2\/posts"}],"about":[{"href":"https:\/\/www.europesays.com\/es\/wp-json\/wp\/v2\/types\/post"}],"author":[{"embeddable":true,"href":"https:\/\/www.europesays.com\/es\/wp-json\/wp\/v2\/users\/2"}],"replies":[{"embeddable":true,"href":"https:\/\/www.europesays.com\/es\/wp-json\/wp\/v2\/comments?post=145059"}],"version-history":[{"count":0,"href":"https:\/\/www.europesays.com\/es\/wp-json\/wp\/v2\/posts\/145059\/revisions"}],"wp:featuredmedia":[{"embeddable":true,"href":"https:\/\/www.europesays.com\/es\/wp-json\/wp\/v2\/media\/145060"}],"wp:attachment":[{"href":"https:\/\/www.europesays.com\/es\/wp-json\/wp\/v2\/media?parent=145059"}],"wp:term":[{"taxonomy":"category","embeddable":true,"href":"https:\/\/www.europesays.com\/es\/wp-json\/wp\/v2\/categories?post=145059"},{"taxonomy":"post_tag","embeddable":true,"href":"https:\/\/www.europesays.com\/es\/wp-json\/wp\/v2\/tags?post=145059"}],"curies":[{"name":"wp","href":"https:\/\/api.w.org\/{rel}","templated":true}]}}