{"id":145061,"date":"2025-09-28T21:15:11","date_gmt":"2025-09-28T21:15:11","guid":{"rendered":"https:\/\/www.europesays.com\/es\/145061\/"},"modified":"2025-09-28T21:15:11","modified_gmt":"2025-09-28T21:15:11","slug":"anaitasuna-rescata-un-empate-en-su-estreno","status":"publish","type":"post","link":"https:\/\/www.europesays.com\/es\/145061\/","title":{"rendered":"Anaitasuna rescata un empate en su estreno"},"content":{"rendered":"<p>\n        Las de Mino Borja mantuvieron el pulso en el electr\u00f3nico en la primera mitad, con Mar\u00eda Monllor y Nerea Aginagalde como puntales ofensivos. Al descanso, sin embargo, el Soliss arrancaba tres goles de ventaja (14-11), que el equipo navarro fue capaz de neutralizar durante la segunda mitad para acabar empatando el duelo.\n<\/p>\n<p>\n        Anaitasuna, gracias a su tercer puesto de la pasada temporada en la Oro, entrar\u00e1 hoy en el sorteo de la primera fase de la Copa de la Reina. A las navarras les tocar\u00e1 enfrentarse en octubre a un equipo de la Liga Guerreras Iberdrola, en un duelo a partido \u00fanico que jugar\u00e1 en casa.\n<\/p>\n<p><strong>Soliss BM Pozuelo<\/strong>\t24<\/p>\n<p><strong>Anaitasuna<\/strong>\t24<\/p>\n<p><strong>SOLISS BM POZUELO DE CVA<\/strong> (14+10) Paula Quiles, Noelia Dom\u00ednguez (2), Mar\u00eda Laguna (6), Daniela Xiomara (3), Paula L\u00f3pez, Violeta Triguero, Martina Pilar (4), Noelia Delfa (3), Catalina Moreno (1), Elena D\u00edaz (4), Andrea Su\u00e1rez, Selena Maitini (1), Mar\u00eda Montoro, Davinia Sobrino, Miriam Candelas y Mar\u00eda Triguero.<\/p>\n<p><strong>ANAITASUNA <\/strong>(11+13) Nahia Hualde, Natalia Ortiz (3), Andrea Saez, Alba Afonso, Alba Jurado (4), Irene Glar\u00eda (1), Nerea Aginagalde (5), Naiara Bozal, Mar\u00eda Monllor (3), Daniela Natale (3), Ainhoa Ram\u00edrez, Naroa Puncel, Ane Garralda, Iraia Pilart (3), Ingrid Fortu\u00f1o (2) y Marta Jaqu\u00e9s.<\/p>\n<p><strong>Marcador cada cinco minutos<\/strong> 1-1, 4-3, 6-5,  8-7, 12-10, 14-11 (descanso); 15-15, 17-18, 19-19, 21-21, 23-21 y 24-24 (final).<\/p>\n<p><strong>\u00c1rbitros <\/strong>Alfredo Arcos Adeva y Alejandro Lozano Cubero. Excluyeron a Noelia Delfa por las locales y a Natalia Ortiz por las visitantes.<\/p>\n<p><strong>Pabell\u00f3n<\/strong> Las Espartanas.<\/p>\n","protected":false},"excerpt":{"rendered":"Las de Mino Borja mantuvieron el pulso en el electr\u00f3nico en la primera mitad, con Mar\u00eda Monllor y&hellip;\n","protected":false},"author":2,"featured_media":145062,"comment_status":"","ping_status":"","sticky":false,"template":"","format":"standard","meta":{"footnotes":""},"categories":[278],"tags":[2617,376,168,5192,25,24,1055,375,6964,23,167],"class_list":{"0":"post-145061","1":"post","2":"type-post","3":"status-publish","4":"format-standard","5":"has-post-thumbnail","7":"category-balonmano","8":"tag-anaitasuna","9":"tag-balonmano","10":"tag-deportes","11":"tag-empate","12":"tag-es","13":"tag-espana","14":"tag-estreno","15":"tag-handball","16":"tag-rescata","17":"tag-spain","18":"tag-sports"},"share_on_mastodon":{"url":"","error":""},"_links":{"self":[{"href":"https:\/\/www.europesays.com\/es\/wp-json\/wp\/v2\/posts\/145061","targetHints":{"allow":["GET"]}}],"collection":[{"href":"https:\/\/www.europesays.com\/es\/wp-json\/wp\/v2\/posts"}],"about":[{"href":"https:\/\/www.europesays.com\/es\/wp-json\/wp\/v2\/types\/post"}],"author":[{"embeddable":true,"href":"https:\/\/www.europesays.com\/es\/wp-json\/wp\/v2\/users\/2"}],"replies":[{"embeddable":true,"href":"https:\/\/www.europesays.com\/es\/wp-json\/wp\/v2\/comments?post=145061"}],"version-history":[{"count":0,"href":"https:\/\/www.europesays.com\/es\/wp-json\/wp\/v2\/posts\/145061\/revisions"}],"wp:featuredmedia":[{"embeddable":true,"href":"https:\/\/www.europesays.com\/es\/wp-json\/wp\/v2\/media\/145062"}],"wp:attachment":[{"href":"https:\/\/www.europesays.com\/es\/wp-json\/wp\/v2\/media?parent=145061"}],"wp:term":[{"taxonomy":"category","embeddable":true,"href":"https:\/\/www.europesays.com\/es\/wp-json\/wp\/v2\/categories?post=145061"},{"taxonomy":"post_tag","embeddable":true,"href":"https:\/\/www.europesays.com\/es\/wp-json\/wp\/v2\/tags?post=145061"}],"curies":[{"name":"wp","href":"https:\/\/api.w.org\/{rel}","templated":true}]}}