{"id":145081,"date":"2025-09-28T21:28:07","date_gmt":"2025-09-28T21:28:07","guid":{"rendered":"https:\/\/www.europesays.com\/es\/145081\/"},"modified":"2025-09-28T21:28:07","modified_gmt":"2025-09-28T21:28:07","slug":"nuevo-tema-de-msg-kreator-estrenan-su-nuevo-single-y-video-terminal-violence-y-rancor-en-madrid","status":"publish","type":"post","link":"https:\/\/www.europesays.com\/es\/145081\/","title":{"rendered":"Nuevo tema de MSG. KREATOR estrenan su nuevo single y v\u00eddeo. TERMINAL VIOLENCE y RANCOR en Madrid."},"content":{"rendered":"<p>\u00a0<\/p>\n<p style=\"text-align: center;\"><strong><a href=\"#MSG\">Nuevo tema de MSG<\/a> \u2013 <a href=\"#KREATOR2\">KREATOR estrenan su nuevo single y v\u00eddeo<\/a> \u2013 <a href=\"#RANCOR\">TERMINAL VIOLENCE y RANCOR en Madrid<\/a>.<\/strong><\/p>\n<p>A continuaci\u00f3n ten\u00e9is el nuevo v\u00eddeo de <a href=\"https:\/\/michaelschenkerhimself.com\/\" target=\"_blank\" rel=\"noopener nofollow\"><strong>Michael Schenker<\/strong><\/a> para el tema \u201cFlesh And Bone\u201d.<\/p>\n<p><a href=\"https:\/\/michaelschenkerhimself.com\/\" target=\"_blank\" rel=\"noopener nofollow\"><strong>Michael Schenker<\/strong><\/a> editar\u00e1 el 3 de octubre a trav\u00e9s de earMUSIC un nuevo disco titulado \u201cDon\u2019t Sell Your Soul\u201d.<\/p>\n<p>Todos los detalles en esta <a href=\"https:\/\/www.rafabasa.com\/2025\/08\/01\/michael-schenker-lynyrd-skynyrd-mortemia\/#Schenker\" rel=\"nofollow noopener\" target=\"_blank\">noticia<\/a> y los adelantos previos en <a href=\"https:\/\/www.rafabasa.com\/2025\/09\/18\/michael-schenker-human-fortress-lethal\/#Michael_Schenker\" rel=\"nofollow noopener\" target=\"_blank\">esta<\/a>.<\/p>\n<p>\u00a0<\/p>\n<p>\u00a0<\/p>\n<p><a href=\"https:\/\/kreator-terrorzone.de\/\" target=\"_blank\" rel=\"noopener nofollow\"><strong>KREATOR<\/strong><\/a> han estrenado su nuevo single y v\u00eddeo \u201cSeven Serpents\u201d.<\/p>\n<p><a href=\"https:\/\/kreator-terrorzone.de\/\" target=\"_blank\" rel=\"noopener nofollow\"><strong>KREATOR<\/strong><\/a> editar\u00e1n editar\u00e1n el 16 de enero a trav\u00e9s de Nuclear Blast un nuevo disco titulado \u201cKrushers Of The World\u201d.<\/p>\n<p>M\u00e1s detalles en esta <a href=\"https:\/\/www.rafabasa.com\/2025\/09\/24\/kreator-royal-hunt-secret-rule\/#KREATOR\" rel=\"nofollow noopener\" target=\"_blank\">noticia<\/a>.<\/p>\n<p>La banda <a href=\"https:\/\/www.rafabasa.com\/2025\/09\/24\/kreator-carcass-exodus-y-nails-en-madrid\/\" rel=\"nofollow noopener\" target=\"_blank\">estar\u00e1 en Madrid<\/a> el pr\u00f3ximo mes de marzo junto a CARCASS, EXODUS y NAILS.<\/p>\n<p>El <a href=\"https:\/\/www.rafabasa.com\/2025\/06\/05\/kreator-monolith-iron-spell\/#KREATOR\" rel=\"nofollow noopener\" target=\"_blank\">nuevo documental<\/a> sobre <a href=\"https:\/\/kreator-terrorzone.de\/\" target=\"_blank\" rel=\"noopener nofollow\"><strong>KREATOR<\/strong><\/a> se estren\u00f3 el 2 de julio con el t\u00edtulo de \u00abKreator \u2013 Hate &amp; Hope\u00bb.<\/p>\n<p>El 28 de agosto Ullstein Verlag public\u00f3 la <a href=\"https:\/\/www.rafabasa.com\/2025\/06\/05\/kreator-monolith-iron-spell\/#KREATOR\" rel=\"nofollow noopener\" target=\"_blank\">biograf\u00eda del l\u00edder del grupo Mille Petrozza<\/a> titulada \u00abYour Heaven, My Hell \u2013 Mein Leben, Heavy Metal Und Wie Das Alles Passieren Konnte\u00bb (\u00abTu cielo, mi infierno \u2013 Mi vida, Heavy Metal, Y como pudo suceder todo\u00bb).<\/p>\n<p>\u00a0<\/p>\n<p>\u00a0<\/p>\n<p><strong>TERMINAL VIOLENCE y RANCOR <\/strong>compartir\u00e1n cartel el 19 de diciembre en la Sala Silikona de Madrid. Las puertas abrir\u00e1n a las 19:30h y el inicio del show ser\u00e1 a las 20:30h.<\/p>\n<p>Los barceloneses <strong>TERMINAL VIOLENCE<\/strong> editaron el 24 de octubre de forma independiente su debut \u201cMoshocalypse\u201d.<\/p>\n<p>Todos los detalles en esta <a href=\"https:\/\/www.rafabasa.com\/2024\/11\/27\/dynazty-litost-terminal-violence\/#TERMINAL_VIOLENCE\" rel=\"nofollow noopener\" target=\"_blank\">noticia<\/a>.<\/p>\n<p><strong>TERMINAL VIOLENCE <\/strong>estar\u00e1n el 14 de noviembre en la Sala Zul\u00fa Klub de Aldaia, Valencia.<\/p>\n<p>El \u00faltimo disco de <a href=\"https:\/\/www.facebook.com\/RancorThrash\" target=\"_blank\" rel=\"noopener nofollow\"><strong>RANCOR<\/strong><\/a> \u201cBury The World\u201d apareci\u00f3 a mediados de 2022.<\/p>\n<p>Todos los detalles en esta <a href=\"https:\/\/www.rafabasa.com\/2022\/10\/21\/rancor-recordamos-detalles-de-la-edicion-de-su-ultimo-album-bury-the-world\/\" target=\"_blank\" rel=\"noopener nofollow\">noticia<\/a>.<\/p>\n<p>M\u00e1s sobre la banda en este <a href=\"https:\/\/www.rafabasa.com\/2025\/04\/23\/megadeth-rancor-roy-thomas-baker\/#RANCOR\" rel=\"nofollow noopener\" target=\"_blank\">bloque<\/a>.<\/p>\n<p>\u00a0<\/p>\n<p align=\"center\"><strong>Sigue el\u00a0<a href=\"https:\/\/whatsapp.com\/channel\/0029VaCprxVBA1f555USvT2O\" target=\"_blank\" rel=\"nofollow noopener\">Canal de RAFABASA.COM en WhatsApp<\/a>, donde encontrar\u00e1s todas nuestras novedades al instante<\/strong><\/p>\n<p>\u00a0<\/p>\n<p>\u00a0<\/p>\n<p>\u00a0<\/p>\n<p>\u00a0<\/p>\n<p>\u00a0<\/p>\n","protected":false},"excerpt":{"rendered":"\u00a0 Nuevo tema de MSG \u2013 KREATOR estrenan su nuevo single y v\u00eddeo \u2013 TERMINAL VIOLENCE y RANCOR&hellip;\n","protected":false},"author":2,"featured_media":145082,"comment_status":"","ping_status":"","sticky":false,"template":"","format":"standard","meta":{"footnotes":""},"categories":[170],"tags":[146,147,25,24,34517,44694,184,185,44695,23,32517],"class_list":{"0":"post-145081","1":"post","2":"type-post","3":"status-publish","4":"format-standard","5":"has-post-thumbnail","7":"category-musica","8":"tag-entertainment","9":"tag-entretenimiento","10":"tag-es","11":"tag-espana","12":"tag-kreator","13":"tag-msg","14":"tag-music","15":"tag-musica","16":"tag-rancor","17":"tag-spain","18":"tag-terminal-violence"},"share_on_mastodon":{"url":"","error":""},"_links":{"self":[{"href":"https:\/\/www.europesays.com\/es\/wp-json\/wp\/v2\/posts\/145081","targetHints":{"allow":["GET"]}}],"collection":[{"href":"https:\/\/www.europesays.com\/es\/wp-json\/wp\/v2\/posts"}],"about":[{"href":"https:\/\/www.europesays.com\/es\/wp-json\/wp\/v2\/types\/post"}],"author":[{"embeddable":true,"href":"https:\/\/www.europesays.com\/es\/wp-json\/wp\/v2\/users\/2"}],"replies":[{"embeddable":true,"href":"https:\/\/www.europesays.com\/es\/wp-json\/wp\/v2\/comments?post=145081"}],"version-history":[{"count":0,"href":"https:\/\/www.europesays.com\/es\/wp-json\/wp\/v2\/posts\/145081\/revisions"}],"wp:featuredmedia":[{"embeddable":true,"href":"https:\/\/www.europesays.com\/es\/wp-json\/wp\/v2\/media\/145082"}],"wp:attachment":[{"href":"https:\/\/www.europesays.com\/es\/wp-json\/wp\/v2\/media?parent=145081"}],"wp:term":[{"taxonomy":"category","embeddable":true,"href":"https:\/\/www.europesays.com\/es\/wp-json\/wp\/v2\/categories?post=145081"},{"taxonomy":"post_tag","embeddable":true,"href":"https:\/\/www.europesays.com\/es\/wp-json\/wp\/v2\/tags?post=145081"}],"curies":[{"name":"wp","href":"https:\/\/api.w.org\/{rel}","templated":true}]}}