{"id":145097,"date":"2025-09-28T21:36:13","date_gmt":"2025-09-28T21:36:13","guid":{"rendered":"https:\/\/www.europesays.com\/es\/145097\/"},"modified":"2025-09-28T21:36:13","modified_gmt":"2025-09-28T21:36:13","slug":"rescates-de-vehiculos-y-calles-anegadas-en-cuarte-y-maria-de-huerva-en-zaragoza-el-agua-corre-como-si-fuese-un-rio-heraldo-es","status":"publish","type":"post","link":"https:\/\/www.europesays.com\/es\/145097\/","title":{"rendered":"Rescates de veh\u00edculos y calles anegadas en Cuarte y Mar\u00eda de Huerva en Zaragoza: &quot;El agua corre como si fuese un r\u00edo&quot; &#8211; heraldo.es"},"content":{"rendered":"<ol>\n<li><a href=\"https:\/\/news.google.com\/rss\/articles\/CBMi1gFBVV95cUxOV0gwSnI3UkpRNlQyaTZTY21vWjVZeUx2bGFmRmhtM1NoY09VU2xzbnJXU2RwazQ5NkkxMURIaHZOSDRCVXpJRi1aOVNHSHNMYVpiN0d0MXVnOGk1amdZQ25jVERqX1l5ZTdNWDNHMzNMZ2t2RE1aLXBOVW1DZVdKYkFjMngzZDBOYUM1eE5nQkhhNHNZQkJ2Yms5TGVpWHpYbndibHpDdWV1bkpNQTF5RHZxb2lsUEVxRFZnOFM3SW9pc0tWSTRCSlZRZTgxQk1RV1JGNTdn?oc=5\" target=\"_blank\" rel=\"nofollow noopener\">Rescates de veh\u00edculos y calles anegadas en Cuarte y Mar\u00eda de Huerva en Zaragoza: \u00abEl agua corre como si fuese un r\u00edo\u00bb<\/a>&nbsp;&nbsp;heraldo.es<\/li>\n<li><a href=\"https:\/\/news.google.com\/rss\/articles\/CBMi_gFBVV95cUxPVk5PN0NWOFVSSHpMRGd5c2tobGZlbWh6QklwUGs0SmdJRDJSOENsWWJwaHRnMkt6RzhCN0tyTDdQdUFqZVVpNFdoZVJ2bDI3TFNmMTJ5cjJlTXBhZE1aOTZ4ck9PeXp5SjhpU3BEeFVrZHR2a2FWZnhScklCX2dkVXFxTXZYVndEZEY3NFZtTE9CWll5WnQ0TExqTmgtb3Z1dWMzb21NTlVKRDRvU1ZJVUtZTFNJMjd4cWZuS1ZPbkRHdEtJbmYwUDIyOUpNUEZFdlN3RVk2dmJhWnhOc3VYZkd4bTJKMTdsbmFzUDJCUnR0aVBvaEVSUVJfeFFGZ9IB_gFBVV95cUxOLXhuaUxfM1hUUXJWczFNbDVGc0o1TEt3dmhqUmFFb0poeE1SRzVrV0JKVEZBc3hDcVlma0RaaTV2Vl81eUZRLU1MWU1kdC0zYjI1U1lxb3dRcVRqejhnYUtRTms1N0laOFpPVTVYQ3FCdE5ZX3VKSnJaVDNnM3dORm9ZZjlZR0I4VXNTSFp3WGxnNm5FZ2R5RmxzYnRKYy0xY05lbUhKcVV5WlNTaUItZHo5MU91SzUtdFpmeXB2R3B2RUlYUE5EWjJUMUYzbVIyVFVnVjU1a2wtYmdqTndqbzRWam9UQ0liX0dtdW00NG9UWmRiQ1BGekxPaXFSZw?oc=5\" target=\"_blank\" rel=\"nofollow noopener\">Temporal de lluvia, en directo | Los Bomberos realizan varios rescates a personas atrapadas en sus veh\u00edculos e<\/a>&nbsp;&nbsp;LaSexta<\/li>\n<li><a href=\"https:\/\/news.google.com\/rss\/articles\/CBMi3AFBVV95cUxNSzNLX2J0Wk1oRGpfMTV0aXB0SkVlb3RUMXpianpYaU9Db0ZHd3FoM0RUZG5naGRiOUtqV01DU2txZ0NOR1JuM1FWUzFEM1ZWMThMMEY2LWVYWE1wVHpvVDdwTDNPeklOMXh0dGpQUDZ0amlHcjRtVFFDMkV1NjNVMkFXSkhYVGtESVBQYW8zQjNIanV4SC1DTTI3eXFkXzdGQzRwMmZqblhrWXNXem9rQjZVR2l6YnZQZGp6dGFtZzZaWnZ2czN3dVFyMFdJWk1mbXBZWEFac3V3VUZI?oc=5\" target=\"_blank\" rel=\"nofollow noopener\">La lluvia en Zaragoza causa rescates en coches y obliga a cortar la Z-30 en el barranco de la Muerte<\/a>&nbsp;&nbsp;heraldo.es<\/li>\n<li><a href=\"https:\/\/news.google.com\/rss\/articles\/CBMi3AFBVV95cUxNMkhONVFFeWkxZUE0X2t6ZWpuR0p3THp2TWE1NmVsTFVoTGs0M1VGaXNYOEJUdUZjMWxqWG5SUkd3WEhZLV93TEwwaGVmamxndlRvQ3ZVVTJKQXRJVXU5NHJJY1JXbzBOYzl1RWxiZW1jSDRzeW5jLTZNNnNNdnR6SDI2ZEtkMFZacl9FcFBaQjZZR253RFVYaXFBRG1NUFFvQVhZNUZVcHBzMG9tazJVNVZVcmxMRkpYQVFhTldsbnBPQUN2aDNDc0dZamV5NEdFdWNvSmJiaHJ2b21W?oc=5\" target=\"_blank\" rel=\"nofollow noopener\">La lluvia desborda Mar\u00eda y Cuarte de Huerva, con calles anegadas, coches arrastrados y un pabell\u00f3n evacuado<\/a>&nbsp;&nbsp;elDiario.es<\/li>\n<li><a href=\"https:\/\/news.google.com\/rss\/articles\/CBMi7gFBVV95cUxNdklhd1lTT2lCQXc3TDE3d1Q3VUdqNF96TjljX1hTdXZtYlVUbE5zdkNRaEFOUTdiUlVpZ1YtR3pxcDEwZjVTQmZCN1VzSDNoQ2duY3oxeFZsanpPSjF1N3FGcW8zbkduVGo5YkpfZWd1T2RXcTV6RVdhODBYdk0ya1VyNDJwRXZ5dDcyMTBkSkhBS2wtNEV2Q2RKRjY2VWNJbnJpLWFtWG9hQUtDQ2o0d2wxWklBVnRmZUNTa21KWE5mQWdNSkhmbndWTkNBdUwtQW1mTTZVd0lkb3o5NFYyc0w0aVNralVzQlhMOXp30gHzAUFVX3lxTE1FaTlvWExfaVZnaXFXZ3dkelV5Smhpd2pvY1RtS2YyY2U1cDdtd21sdGlQdDdlSnFMWXhNWWZWU2JGX1otRWoxaW4yWld2OEsxWFIyS2NIUVJoZThObTgyNUFNdGRILWNmM2h5eXVrekZ6c1NJbVY1WjdHa1p6dk80UmdLY1dORVBmQjE0Ql9QeXBOUWlCbHc3TDdNWUxoLVVFWWFZSmNNNnJ4TE90Z3R5RFNQREdKaGhuVTdVSHZHMXkzaDBpU3NrWE5FV294eGdfcE82WkJyUkpsdXhMYmwyS2RhZm14NHhFTDd4c3o5YXp2bw?oc=5\" target=\"_blank\" rel=\"nofollow noopener\">La lluvia corta el tranv\u00eda y la Z-30 en el barranco de la Muerte (Zaragoza) y obliga al rescate de varias personas<\/a>&nbsp;&nbsp;La Vanguardia<\/li>\n<\/ol>\n","protected":false},"excerpt":{"rendered":"Rescates de veh\u00edculos y calles anegadas en Cuarte y Mar\u00eda de Huerva en Zaragoza: \u00abEl agua corre como&hellip;\n","protected":false},"author":2,"featured_media":145098,"comment_status":"","ping_status":"","sticky":false,"template":"","format":"standard","meta":{"footnotes":""},"categories":[8],"tags":[44698,17,18,44700,25,24,13,14,11,44699,19,20,9,10,15,16,17433,23,12,21,22,10152],"class_list":{"0":"post-145097","1":"post","2":"type-post","3":"status-publish","4":"format-standard","5":"has-post-thumbnail","7":"category-espana","8":"tag-anegadas","9":"tag-breaking-news","10":"tag-breakingnews","11":"tag-cuarte","12":"tag-es","13":"tag-espana","14":"tag-featured-news","15":"tag-featurednews","16":"tag-headlines","17":"tag-huerva","18":"tag-latest-news","19":"tag-latestnews","20":"tag-news","21":"tag-noticias","22":"tag-noticias-destacadas","23":"tag-noticiasdestacadas","24":"tag-rescates","25":"tag-spain","26":"tag-titulares","27":"tag-ultimas-noticias","28":"tag-ultimasnoticias","29":"tag-vehiculos"},"share_on_mastodon":{"url":"","error":""},"_links":{"self":[{"href":"https:\/\/www.europesays.com\/es\/wp-json\/wp\/v2\/posts\/145097","targetHints":{"allow":["GET"]}}],"collection":[{"href":"https:\/\/www.europesays.com\/es\/wp-json\/wp\/v2\/posts"}],"about":[{"href":"https:\/\/www.europesays.com\/es\/wp-json\/wp\/v2\/types\/post"}],"author":[{"embeddable":true,"href":"https:\/\/www.europesays.com\/es\/wp-json\/wp\/v2\/users\/2"}],"replies":[{"embeddable":true,"href":"https:\/\/www.europesays.com\/es\/wp-json\/wp\/v2\/comments?post=145097"}],"version-history":[{"count":0,"href":"https:\/\/www.europesays.com\/es\/wp-json\/wp\/v2\/posts\/145097\/revisions"}],"wp:featuredmedia":[{"embeddable":true,"href":"https:\/\/www.europesays.com\/es\/wp-json\/wp\/v2\/media\/145098"}],"wp:attachment":[{"href":"https:\/\/www.europesays.com\/es\/wp-json\/wp\/v2\/media?parent=145097"}],"wp:term":[{"taxonomy":"category","embeddable":true,"href":"https:\/\/www.europesays.com\/es\/wp-json\/wp\/v2\/categories?post=145097"},{"taxonomy":"post_tag","embeddable":true,"href":"https:\/\/www.europesays.com\/es\/wp-json\/wp\/v2\/tags?post=145097"}],"curies":[{"name":"wp","href":"https:\/\/api.w.org\/{rel}","templated":true}]}}