{"id":145110,"date":"2025-09-28T21:45:08","date_gmt":"2025-09-28T21:45:08","guid":{"rendered":"https:\/\/www.europesays.com\/es\/145110\/"},"modified":"2025-09-28T21:45:08","modified_gmt":"2025-09-28T21:45:08","slug":"el-casademont-zaragoza-no-se-cansa-de-hacer-historia-68-79-nuestro-deporte","status":"publish","type":"post","link":"https:\/\/www.europesays.com\/es\/145110\/","title":{"rendered":"El Casademont Zaragoza no se cansa de hacer historia (68-79) | Nuestro deporte"},"content":{"rendered":"<p>El Casademont Zaragoza ha vuelto a hacer historia tras imponerse al Valencia Basket en la final de la Supercopa femenina. El conjunto rojillo fue el mejor durante todo el torneo y muy superior en la final al conjunto valenciano,<strong> lo que le ha permitido conseguir el segundo t\u00edtulo de su historia.<\/strong><\/p>\n<p><strong>Comenzar\u00edan el encuentro igualado pero con peque\u00f1as rentas de un Casademont que estar\u00eda m\u00e1s acertado en ataque<\/strong> (11-16). Valencia seguir\u00eda sin aparecer en el partido, y solo a cuenta gotas conseguir\u00edan anotar gracias a Alexander y Atkinson. Sin embargo,<strong> una ligera reacci\u00f3n en el tramo final le permitir\u00eda reducir la diferencia al final del primer periodo\u00a0(20-26).<\/strong> Volver\u00eda a coger la m\u00e1xima del encuentro el equipo aragon\u00e9s pero Valencia volver\u00eda a engancharse, impidiendo que la renta de 10 subiese. El Casademont intentar\u00eda continuamente marcharse,<strong> pero al descanso\u00a0se marchar\u00edan con cinco de ventaja\u00a0(38-43).<\/strong><\/p>\n<p>Tras el intermedio,<strong> volver\u00eda a la carga el equipo rojillo, e iba a conseguir superar los diez de ventaja (41-53).<\/strong> As\u00ed se mantendr\u00eda durante todo el tercer cuarto, consiguiendo irse al \u00faltimo periodo con buenas sensaciones (50-62). <strong>Valencia no iba a decir su \u00faltima palabra, intent\u00e1ndolo hasta el final,<\/strong> pero Casademont se mostrar\u00eda muy s\u00f3lido <strong>paralizando cualquier intento de reacci\u00f3n y ampliando considerablemente la renta al final del encuentro para hacerse con el t\u00edtulo y volver as\u00ed a hacer historia\u00a0<\/strong><\/p>\n<p><strong>Ficha t\u00e9cnica:<\/strong><\/p>\n<p><strong>Valencia Basket: <\/strong>Saravia, Ouvi\u00f1a, Buenavida, Ara\u00fajo, Casas, Romero, Fam, Fiebich, Carrera, Atkinson, Lekovic y Alexander.<\/p>\n<p><strong>Casademont Zaragoza:\u00a0<\/strong>Mariona Ortiz, Pueyo, Vorackova, Fingall, Hempe -cinco inicial-\u00a0Laia Flores, Leite, Bankol\u00e9, Gueye, Mawuli\u00a0y Oma<\/p>\n<p><strong>Parciales:\u00a0<\/strong>20-26 | 18-17 | 12-19 | 18-17<\/p>\n<p>Si quieres estar al d\u00eda de toda la actualidad deportiva, s\u00edguenos en redes sociales: <a href=\"https:\/\/www.instagram.com\/aragondeporte\/\" target=\"_blank\" rel=\"noindex nofollow noopener\">Instagram<\/a>, <a href=\"https:\/\/www.facebook.com\/aragondeporte\/\" target=\"_blank\" rel=\"noindex nofollow noopener\">Facebook<\/a>, <a href=\"https:\/\/x.com\/ardeportes\" target=\"_blank\" rel=\"noindex nofollow\">X<\/a> y tambi\u00e9n en el canal de <a href=\"https:\/\/whatsapp.com\/channel\/0029Vb8JrUy6rsQrHNE2y41l\" target=\"_blank\" rel=\"noindex nofollow noopener\">WhatsApp<\/a>.<\/p>\n<p>            <script async src=\"\/\/www.instagram.com\/embed.js\"><\/script><\/p>\n","protected":false},"excerpt":{"rendered":"El Casademont Zaragoza ha vuelto a hacer historia tras imponerse al Valencia Basket en la final de la&hellip;\n","protected":false},"author":2,"featured_media":145111,"comment_status":"","ping_status":"","sticky":false,"template":"","format":"standard","meta":{"footnotes":""},"categories":[269],"tags":[4499,4502,299,298,4501,4110,634,168,25,24,4500,1448,23,167,214],"class_list":{"0":"post-145110","1":"post","2":"type-post","3":"status-publish","4":"format-standard","5":"has-post-thumbnail","7":"category-baloncesto","8":"tag-aragon","9":"tag-aragonesa","10":"tag-baloncesto","11":"tag-basketball","12":"tag-cartv","13":"tag-corporacion","14":"tag-deporte","15":"tag-deportes","16":"tag-es","17":"tag-espana","18":"tag-publica","19":"tag-radio","20":"tag-spain","21":"tag-sports","22":"tag-tv"},"share_on_mastodon":{"url":"","error":""},"_links":{"self":[{"href":"https:\/\/www.europesays.com\/es\/wp-json\/wp\/v2\/posts\/145110","targetHints":{"allow":["GET"]}}],"collection":[{"href":"https:\/\/www.europesays.com\/es\/wp-json\/wp\/v2\/posts"}],"about":[{"href":"https:\/\/www.europesays.com\/es\/wp-json\/wp\/v2\/types\/post"}],"author":[{"embeddable":true,"href":"https:\/\/www.europesays.com\/es\/wp-json\/wp\/v2\/users\/2"}],"replies":[{"embeddable":true,"href":"https:\/\/www.europesays.com\/es\/wp-json\/wp\/v2\/comments?post=145110"}],"version-history":[{"count":0,"href":"https:\/\/www.europesays.com\/es\/wp-json\/wp\/v2\/posts\/145110\/revisions"}],"wp:featuredmedia":[{"embeddable":true,"href":"https:\/\/www.europesays.com\/es\/wp-json\/wp\/v2\/media\/145111"}],"wp:attachment":[{"href":"https:\/\/www.europesays.com\/es\/wp-json\/wp\/v2\/media?parent=145110"}],"wp:term":[{"taxonomy":"category","embeddable":true,"href":"https:\/\/www.europesays.com\/es\/wp-json\/wp\/v2\/categories?post=145110"},{"taxonomy":"post_tag","embeddable":true,"href":"https:\/\/www.europesays.com\/es\/wp-json\/wp\/v2\/tags?post=145110"}],"curies":[{"name":"wp","href":"https:\/\/api.w.org\/{rel}","templated":true}]}}