{"id":145114,"date":"2025-09-28T21:47:09","date_gmt":"2025-09-28T21:47:09","guid":{"rendered":"https:\/\/www.europesays.com\/es\/145114\/"},"modified":"2025-09-28T21:47:09","modified_gmt":"2025-09-28T21:47:09","slug":"la-reaccion-de-nicki-nicole-cuando-la-habitacion-de-su-hotel-en-brasil-fue-invadida-por-monos","status":"publish","type":"post","link":"https:\/\/www.europesays.com\/es\/145114\/","title":{"rendered":"La reacci\u00f3n de Nicki Nicole cuando la habitaci\u00f3n de su hotel en Brasil fue invadida por monos"},"content":{"rendered":"<p>Nicki Nicole mostr\u00f3 la inesperada visita que recibi\u00f3 en su habitaci\u00f3n por parte de unos monos en Brasil (Instagram)<\/p>\n<p class=\"paragraph\"><a rel=\"noopener noreferrer nofollow\" href=\"https:\/\/www.infobae.com\/tag\/nicki-nicole\/\" target=\"_blank\" title=\"https:\/\/www.infobae.com\/tag\/nicki-nicole\/\"><b>Nicki Nicole<\/b><\/a> <b>eligi\u00f3 Brasil para sumar una nueva parada internacional a su vertiginosa carrera <\/b>y termin\u00f3 viviendo una de las experiencias m\u00e1s ins\u00f3litas y divertidas de su agenda de viajes. Este fin de semana, la artista rosarina viaj\u00f3 por primera vez a tierras brasile\u00f1as<b> para presentarse en el<\/b><a rel=\"noopener noreferrer nofollow\" href=\"https:\/\/www.infobae.com\/tag\/floripa-el-festival\/\" target=\"_blank\" title=\"https:\/\/www.infobae.com\/tag\/floripa-el-festival\/\"><b> Floripa El Festival<\/b><\/a><b>, celebrado en la ciudad de Florian\u00f3polis<\/b>. La expectativa se centraba en el encuentro con el p\u00fablico carioca, el clima festivo y los paisajes de una de las locaciones m\u00e1s buscadas por los m\u00fasicos latinos. Sin embargo, lo que m\u00e1s dio que hablar no fue precisamente el show ni su llegada al aeropuerto, sino una inesperada escena en el hotel donde se hospedaba la cantante: <b>un grupo de monos eligi\u00f3 su balc\u00f3n para dar un show aparte<\/b>.<\/p>\n<p class=\"paragraph\"><b>Fue la propia Nicki quien comparti\u00f3 la secuencia <\/b>con sus millones de seguidores a trav\u00e9s de una historia de Instagram. \u201c<b>Mientras tanto, mi balc\u00f3n en Brasil<\/b>\u201d, escribi\u00f3, acompa\u00f1ando el texto con im\u00e1genes de los peculiares visitantes. El video mostraba a los monos desplaz\u00e1ndose sin apuro a lo largo del patio, trepando barandillas, explorando sillones y mirando a la cantante con una mezcla de curiosidad y desparpajo. La escena, lejana a cualquier predicci\u00f3n de su viaje,<b> arranc\u00f3 risas a la artista y a quienes segu\u00edan en tiempo real sus aventuras fuera del estudio<\/b>.<\/p>\n<p class=\"paragraph\">Con total liviandad y sentido del humor, la cantante<b> document\u00f3 el particular suceso y lo sum\u00f3 a su lista de an\u00e9cdotas profesionales<\/b>, lejos de los escenarios y cerca de la cotidianidad que tambi\u00e9n protagonizan sus d\u00edas de tour. As\u00ed, el inesperado safari urbano en plena Florian\u00f3polis se gan\u00f3 miles de reacciones en las redes, demostrando que la int\u00e9rprete argentina no solo es capaz de llenar festivales, sino tambi\u00e9n de robar sonrisas con los episodios m\u00e1s ins\u00f3litos de la rutina.<\/p>\n<p><img alt=\"La artista durante su visita\" class=\"global-image\" decoding=\"async\" fetchpriority=\"low\" height=\"1080\" loading=\"lazy\" src=\"https:\/\/www.europesays.com\/es\/wp-content\/uploads\/2025\/09\/KPH3OLNITBHIVNBY4WWXQBZCN4.jpg\" width=\"1080\"\/>La artista durante su visita a Brasil <\/p>\n<p class=\"paragraph\"><b>La escapada a Brasil coincidi\u00f3 con un momento especial en la vida personal de Nicki<\/b>. A pesar de la distancia y la apretada agenda, la artista no dud\u00f3 en expresarse sin filtros sobre el presente sentimental que comparte con el futbolista <a rel=\"noopener noreferrer nofollow\" href=\"https:\/\/www.infobae.com\/tag\/lamine-yamal\" target=\"_blank\" title=\"https:\/\/www.infobae.com\/tag\/lamine-yamal\"><b>Lamine Yamal<\/b><\/a>, figura del<a rel=\"noopener noreferrer nofollow\" href=\"https:\/\/www.infobae.com\/tag\/fc-barcelona\/\" target=\"_blank\" title=\"https:\/\/www.infobae.com\/tag\/fc-barcelona\/\"> <b>FC Barcelona<\/b><\/a>. D\u00edas atr\u00e1s, el delantero <a rel=\"noopener noreferrer nofollow\" href=\"https:\/\/www.infobae.com\/espana\/2025\/09\/22\/nicky-nicole-celebra-el-trofeo-kopa-de-lamine-yamal-a-traves-de-sus-redes-sociales-mi-estrella-te-amo\/\" target=\"_blank\" title=\"https:\/\/www.infobae.com\/espana\/2025\/09\/22\/nicky-nicole-celebra-el-trofeo-kopa-de-lamine-yamal-a-traves-de-sus-redes-sociales-mi-estrella-te-amo\/\">celebr\u00f3 su consagraci\u00f3n al ganar, por segundo a\u00f1o consecutivo, el <b>Trofeo Kopa<\/b><\/a>, que premia al mejor jugador joven del mundo. Si bien la rosarina no viaj\u00f3 a Par\u00eds para acompa\u00f1arlo en la gala del <a rel=\"noopener noreferrer nofollow\" href=\"https:\/\/www.infobae.com\/tag\/balon-de-oro\/\" target=\"_blank\" title=\"https:\/\/www.infobae.com\/tag\/balon-de-oro\/\"><b>Bal\u00f3n de Oro<\/b><\/a>, cuya celebraci\u00f3n tuvo lugar en el ic\u00f3nico Th\u00e9\u00e2tre du Ch\u00e2telet, s\u00ed recurri\u00f3 a sus historias de Instagram para establecer, una vez m\u00e1s, la presencia y el apoyo incondicional a su pareja.<\/p>\n<p class=\"paragraph\">La foto que comparti\u00f3 junto a Yamal, con la frase <b>\u201cMi estrella. Te amooooo\u201d<\/b>, no solo reforz\u00f3 el v\u00ednculo, sino que contribuy\u00f3 a desterrar versiones recientes de distanciamiento o crisis en la pareja. El gui\u00f1o publicado fue aplaudido por seguidores de ambos, que ven en la relaci\u00f3n una combinaci\u00f3n de talento, \u00e9xito y complicidad genuina.<\/p>\n<p><img alt=\"El emotivo mensaje de la\" class=\"global-image\" decoding=\"async\" fetchpriority=\"low\" height=\"1902\" loading=\"lazy\" src=\"https:\/\/www.europesays.com\/es\/wp-content\/uploads\/2025\/09\/RVDQJ5DSTBALLOHKFQKGA36FGQ.jpg\" width=\"1080\"\/>El emotivo mensaje de la rosarina a su pareja (Instagram)<\/p>\n<p class=\"paragraph\">M\u00e1s all\u00e1 de este cruce p\u00fablico, <b>la historia entre Nicki y Lamine ha ido creciendo a la vista de todos<\/b>. Semanas atr\u00e1s<a rel=\"noopener noreferrer nofollow\" href=\"https:\/\/www.infobae.com\/teleshow\/2025\/08\/26\/el-lujoso-collar-de-diamantes-que-nicki-nicole-uso-en-su-cumpleanos-regalo-de-lamine-yamal\/\" target=\"_blank\" title=\"https:\/\/www.infobae.com\/teleshow\/2025\/08\/26\/el-lujoso-collar-de-diamantes-que-nicki-nicole-uso-en-su-cumpleanos-regalo-de-lamine-yamal\/\">, durante el cumplea\u00f1os n\u00famero 25 de la cantante<\/a>, la pareja celebr\u00f3 su compromiso en Barcelona. Aquel festejo no escatim\u00f3 en detalles rom\u00e1nticos: globos en forma de coraz\u00f3n, una tarta personalizada para la ocasi\u00f3n y una ambientaci\u00f3n de p\u00e9talos que daba cuenta del esmero puesto por el futbolista para sorprender a Nicki. El regalo m\u00e1s significativo fue un collar de diamantes con un dije de mu\u00f1eca y la letra \u201cN\u201d, s\u00edmbolo de la artista y recordatorio del cuidado que ambos depositan en su historia, a distancia pero conectados.<\/p>\n<p class=\"paragraph\">La versatilidad de Nicki Nicole salta a la vista en cada episodio: puede pasar de un escenario multitudinario al living de su hotel, de los shows internacionales a los momentos m\u00e1s simples y entra\u00f1ables de su vida cotidiana. El fin de semana en Brasil quedar\u00e1, sin dudas, entre las an\u00e9cdotas m\u00e1s sorprendentes del a\u00f1o para la rosarina, que sum\u00f3 a su lista de postales m\u00e1s memorables una invasi\u00f3n de monos curiosos y simp\u00e1ticos.<\/p>\n<p class=\"paragraph\">As\u00ed, entre m\u00fasica, naturaleza e historias de amor, la artistalogr\u00f3 una vez m\u00e1s adue\u00f1arse del protagonismo en las redes y en la escena internacional, dejando en claro que, con ella, el show nunca termina justo donde baja el tel\u00f3n.<\/p>\n","protected":false},"excerpt":{"rendered":"Nicki Nicole mostr\u00f3 la inesperada visita que recibi\u00f3 en su habitaci\u00f3n por parte de unos monos en Brasil&hellip;\n","protected":false},"author":2,"featured_media":145115,"comment_status":"","ping_status":"","sticky":false,"template":"","format":"standard","meta":{"footnotes":""},"categories":[174],"tags":[255,146,147,25,24,256,23],"class_list":{"0":"post-145114","1":"post","2":"type-post","3":"status-publish","4":"format-standard","5":"has-post-thumbnail","7":"category-famosos","8":"tag-celebrities","9":"tag-entertainment","10":"tag-entretenimiento","11":"tag-es","12":"tag-espana","13":"tag-famosos","14":"tag-spain"},"share_on_mastodon":{"url":"","error":""},"_links":{"self":[{"href":"https:\/\/www.europesays.com\/es\/wp-json\/wp\/v2\/posts\/145114","targetHints":{"allow":["GET"]}}],"collection":[{"href":"https:\/\/www.europesays.com\/es\/wp-json\/wp\/v2\/posts"}],"about":[{"href":"https:\/\/www.europesays.com\/es\/wp-json\/wp\/v2\/types\/post"}],"author":[{"embeddable":true,"href":"https:\/\/www.europesays.com\/es\/wp-json\/wp\/v2\/users\/2"}],"replies":[{"embeddable":true,"href":"https:\/\/www.europesays.com\/es\/wp-json\/wp\/v2\/comments?post=145114"}],"version-history":[{"count":0,"href":"https:\/\/www.europesays.com\/es\/wp-json\/wp\/v2\/posts\/145114\/revisions"}],"wp:featuredmedia":[{"embeddable":true,"href":"https:\/\/www.europesays.com\/es\/wp-json\/wp\/v2\/media\/145115"}],"wp:attachment":[{"href":"https:\/\/www.europesays.com\/es\/wp-json\/wp\/v2\/media?parent=145114"}],"wp:term":[{"taxonomy":"category","embeddable":true,"href":"https:\/\/www.europesays.com\/es\/wp-json\/wp\/v2\/categories?post=145114"},{"taxonomy":"post_tag","embeddable":true,"href":"https:\/\/www.europesays.com\/es\/wp-json\/wp\/v2\/tags?post=145114"}],"curies":[{"name":"wp","href":"https:\/\/api.w.org\/{rel}","templated":true}]}}