{"id":145119,"date":"2025-09-28T21:51:09","date_gmt":"2025-09-28T21:51:09","guid":{"rendered":"https:\/\/www.europesays.com\/es\/145119\/"},"modified":"2025-09-28T21:51:09","modified_gmt":"2025-09-28T21:51:09","slug":"puente-aereo-entre-corea-y-el-circulo-de-bellas-artes","status":"publish","type":"post","link":"https:\/\/www.europesays.com\/es\/145119\/","title":{"rendered":"puente a\u00e9reo entre Corea y el C\u00edrculo de Bellas Artes"},"content":{"rendered":"<p style=\"\">La m\u00fasica<a href=\"https:\/\/www.abc.es\/cultura\/musica\/seul-parque-atracciones-celebrar-imperio-kpop-20250812133340-nt.html\" target=\"_self\" data-voc-vtm-id=\"in-text-traffic\" title=\" K-Pop\" data-mrf-link=\"www.abc.es\" rel=\"nofollow noopener\"> K-Pop<\/a> y, por extensi\u00f3n, la cultura surcoreana, ya no son ning\u00fan fen\u00f3meno en ascenso, sino que est\u00e1n ampliamente consolidadas entre las preferencias de millones de personas en todo el mundo, especialmente j\u00f3venes. En Espa\u00f1a ya ha habido conciertos multitudinarios, exposiciones, concursos y  &#8230; festivales gastron\u00f3micos con el sello surcoreano. A partir de hoy y hasta el martes, van a protagonizar la agenda de ocio en Madrid con un sinf\u00edn de actividades gracias al evento K-Expo, que tendr\u00e1 su epicentro de actividades en el C\u00edrculo de Bellas Artes, con m\u00e1s de 25.000 visitantes previstos. <\/p>\n<p class=\"voc-p\" style=\"\">La segunda planta del CBA ser\u00e1 la &#8216;K-Game Zone&#8217;, para videojuegos coreanos populares; K-Music Zone para vivir la experiencia del karaoke; una K-Webtoon Zone con c\u00f3mics y &#8216;webtoons&#8217;; una K-Animation Zone con personajes y animaciones ic\u00f3nicas, y una K-Heritage Zone, con productos de la Fundaci\u00f3n del Museo Nacional de Corea.<\/p>\n<p class=\"voc-p\" style=\"\">En la cuarta planta habr\u00e1 una exposici\u00f3n &#8216;K-Lifestyle&#8217;, con productos tur\u00edsticos, experiencias de cosm\u00e9tica y cocina en directo, adem\u00e1s de la &#8216;K-Party&#8217;, donde K-Pop, contenidos y gastronom\u00eda se fusionan para mostrar el encanto de Corea. El &#8216;K-Food Cooking Show&#8217; estar\u00e1 conducido por V\u00edctor Sandoval, junto con el reconocido chef coreano Park Joon Woo, quien presentar\u00e1 una selecci\u00f3n especial de platos elaborados con ingredientes espa\u00f1oles.<\/p>\n<p class=\"voc-p\" style=\"\">Programas interactivos como &#8216;Live Sketch&#8217; (arte multimedia con tecnolog\u00eda de vanguardia) y competiciones de baile K-Pop impulsadas por IA ser\u00e1n los protagonistas en la quinta planta del edificio. El culmen ser\u00e1 el concierto K-OST (bandas sonoras de K-dramas), que tendr\u00e1 lugar hoy en el teatro Fernando de Rojas. Actuar\u00e1n Ben, Isaac Hong, Yu-ree Choi y la artista espa\u00f1ola Lara Benito, interpretando en directo bandas sonoras de t\u00edtulos coreanos de \u00e9xito internacional, como el m\u00e1s comentado de Netflix, &#8216;When life gives you tangerines&#8217; (&#8216;Cuando la vida te da mandarinas&#8217;). Los dos \u00faltimos d\u00edas de K-Expo, el hotel Riu Plaza de Espa\u00f1a se une a la fiesta reuniendo a m\u00e1s de sesenta destacadas compa\u00f1\u00edas coreanas de sectores como contenidos, belleza y gastronom\u00eda, cada una presentando sus productos m\u00e1s innovadores en diferentes secciones.<\/p>\n<p class=\"voc-p\" style=\"\">La primera ser\u00e1 &#8216;K-Content&#8217;, en la que participar\u00e1n m\u00e1s de treinta empresas l\u00edderes, entre ellas diecisiete estudios de animaci\u00f3n como The Pinkfong Company (creadora de &#8216;Baby Shark&#8217;), cuatro cadenas de televisi\u00f3n, incluyendo MBC (que produce el programa de entretenimiento &#8216;Born to travel the world&#8217;), tres editoriales de c\u00f3mics y &#8216;webtoons&#8217;, cuatro desarrolladores de videojuegos y otras tantas gestoras de personajes. <\/p>\n<p><img decoding=\"async\" loading=\"lazy\" src=\"https:\/\/www.europesays.com\/es\/wp-content\/uploads\/2025\/09\/1-K-EXPO2025-U88726370888FoD-760x427@diario_abc.jpg\" class=\"voc-img\" width=\"760\" height=\"427\" alt=\"La 'K-Culture': puente a\u00e9reo entre Corea y el C\u00edrculo de Bellas Artes\" data-voc-vtm-id=\"in-text-traffic\"\/><\/p>\n<p class=\"voc-p\" style=\"\">En el apartado &#8216;K-Beauty&#8217;, una veintena de firmas de cosm\u00e9tica presentar\u00e1n sus \u00faltimos lanzamientos, como maquillaje profesional, mascarillas faciales y en forma de coraz\u00f3n. Se trata de una parte del estilo de vida coreano que est\u00e1 irrumpiendo con fuerza en Europa. <\/p>\n<p class=\"voc-p\" style=\"\">Por \u00faltimo, la experiencia &#8216;K-Food contar\u00e1 con ocho empresas coreanas de productos del mar, que comercializan art\u00edculos como algas secas (gim) y sal marina solar, y ofrecer\u00e1n marisco de primera calidad junto con una amplia gama de productos procesados.<\/p>\n<p class=\"voc-p\" style=\"\">Organizado por el Ministerio de Cultura, Deporte y Turismo de Corea (MCST) y promovido por la Korea Creative Content Agency (Kocca), K-Expo es un evento liderado por el Gobierno de Corea del Sur que ha celebrado ya cinco ediciones en todo el mundo. Ha pasado por Tailandia, Indonesia, Francia y, por \u00faltimo, Canad\u00e1 el pasado agosto. Busca, seg\u00fa los promotores, \u00abexpandir la proyecci\u00f3n de la K-Culture en Europa con Espa\u00f1a como punto estrat\u00e9gico\u00bb.<\/p>\n","protected":false},"excerpt":{"rendered":"La m\u00fasica K-Pop y, por extensi\u00f3n, la cultura surcoreana, ya no son ning\u00fan fen\u00f3meno en ascenso, sino que&hellip;\n","protected":false},"author":2,"featured_media":145120,"comment_status":"","ping_status":"","sticky":false,"template":"","format":"standard","meta":{"footnotes":""},"categories":[170],"tags":[1968,1967,23808,3972,146,147,25,24,194,184,185,23],"class_list":{"0":"post-145119","1":"post","2":"type-post","3":"status-publish","4":"format-standard","5":"has-post-thumbnail","7":"category-musica","8":"tag-artes","9":"tag-bellas","10":"tag-circulo","11":"tag-conquista","12":"tag-entertainment","13":"tag-entretenimiento","14":"tag-es","15":"tag-espana","16":"tag-kpop","17":"tag-music","18":"tag-musica","19":"tag-spain"},"share_on_mastodon":{"url":"","error":""},"_links":{"self":[{"href":"https:\/\/www.europesays.com\/es\/wp-json\/wp\/v2\/posts\/145119","targetHints":{"allow":["GET"]}}],"collection":[{"href":"https:\/\/www.europesays.com\/es\/wp-json\/wp\/v2\/posts"}],"about":[{"href":"https:\/\/www.europesays.com\/es\/wp-json\/wp\/v2\/types\/post"}],"author":[{"embeddable":true,"href":"https:\/\/www.europesays.com\/es\/wp-json\/wp\/v2\/users\/2"}],"replies":[{"embeddable":true,"href":"https:\/\/www.europesays.com\/es\/wp-json\/wp\/v2\/comments?post=145119"}],"version-history":[{"count":0,"href":"https:\/\/www.europesays.com\/es\/wp-json\/wp\/v2\/posts\/145119\/revisions"}],"wp:featuredmedia":[{"embeddable":true,"href":"https:\/\/www.europesays.com\/es\/wp-json\/wp\/v2\/media\/145120"}],"wp:attachment":[{"href":"https:\/\/www.europesays.com\/es\/wp-json\/wp\/v2\/media?parent=145119"}],"wp:term":[{"taxonomy":"category","embeddable":true,"href":"https:\/\/www.europesays.com\/es\/wp-json\/wp\/v2\/categories?post=145119"},{"taxonomy":"post_tag","embeddable":true,"href":"https:\/\/www.europesays.com\/es\/wp-json\/wp\/v2\/tags?post=145119"}],"curies":[{"name":"wp","href":"https:\/\/api.w.org\/{rel}","templated":true}]}}