{"id":145129,"date":"2025-09-28T21:56:09","date_gmt":"2025-09-28T21:56:09","guid":{"rendered":"https:\/\/www.europesays.com\/es\/145129\/"},"modified":"2025-09-28T21:56:09","modified_gmt":"2025-09-28T21:56:09","slug":"los-mejores-contenidos-de-la-semana-en-muycomputer-cdxci","status":"publish","type":"post","link":"https:\/\/www.europesays.com\/es\/145129\/","title":{"rendered":"Los mejores contenidos de la semana en MuyComputer (CDXCI)"},"content":{"rendered":"<p>Cerramos domingo con el recopilatorio de los\u00a0<strong>mejores contenidos<\/strong>\u00a0que hemos publicado en\u00a0<a href=\"https:\/\/www.muycomputer.com\/\" target=\"_blank\" rel=\"noopener nofollow\">MC<\/a>\u00a0a lo largo de la semana y que puedes revisar de un vistazo en esta\u00a0<strong>selecci\u00f3n con lo m\u00e1s relevante<\/strong>:<\/p>\n<p><strong><a href=\"https:\/\/www.muycomputer.com\/wp-content\/uploads\/2025\/09\/Cyberpunk-2077-3.jpg\" rel=\"nofollow noopener\" target=\"_blank\"><img loading=\"lazy\" decoding=\"async\" class=\"alignleft wp-image-386973 size-thumbnail\" src=\"https:\/\/www.europesays.com\/es\/wp-content\/uploads\/2025\/09\/Cyberpunk-2077-3-180x129.jpg\" alt=\"\" width=\"180\" height=\"129\"\/><\/a><a href=\"https:\/\/www.muycomputer.com\/2025\/09\/23\/cyberpunk-2-orion-todo-lo-que-sabemos-en-10-preguntas-y-respuestas\/\" target=\"_blank\" rel=\"noopener nofollow\">Cyberpunk 2 \u201cOrion\u201d: todo lo que sabemos en 10 preguntas y respuestas<\/a><\/strong>. Reunimos las teor\u00edas m\u00e1s s\u00f3lidas y los rumores m\u00e1s recientes sobre *Cyberpunk 2 \u201cOrion\u201d: posibles fechas, ambientaci\u00f3n, sistemas jugables y c\u00f3mo podr\u00eda continuar la narrativa de Night City. Si te has preguntado qu\u00e9 esperar de esta secuela, aqu\u00ed te damos algunas pistas clave.<\/p>\n<p><strong><a href=\"https:\/\/www.muycomputer.com\/wp-content\/uploads\/2025\/09\/GIGABYTE-GAMING-A16-28.jpeg\" rel=\"nofollow noopener\" target=\"_blank\"><img loading=\"lazy\" decoding=\"async\" class=\"alignleft wp-image-387046 size-thumbnail\" src=\"https:\/\/www.europesays.com\/es\/wp-content\/uploads\/2025\/09\/GIGABYTE-GAMING-A16-28-180x129.jpeg\" alt=\"GIGABYTE GAMING A16\" width=\"180\" height=\"129\"\/><\/a><a href=\"https:\/\/www.muycomputer.com\/2025\/09\/24\/gigabyte-gaming-a16-analisis-completo-del-modelo-con-geforce-rtx-5060-laptop\/\" target=\"_blank\" rel=\"noopener nofollow\">GIGABYTE Gaming A16: an\u00e1lisis completo del modelo con GeForce RTX 5060 (laptop)<\/a><\/strong>. GIGABYTE apuesta fuerte por el segmento gaming con este A16 equipado con gr\u00e1fica RTX 5060. En nuestro an\u00e1lisis te contamos c\u00f3mo se comporta en juegos, qu\u00e9 ofrece en dise\u00f1o y qu\u00e9 lugar puede ocupar entre los port\u00e1tiles m\u00e1s interesantes de 2025.<\/p>\n<p><strong><a href=\"https:\/\/www.muycomputer.com\/wp-content\/uploads\/2023\/10\/comandos-de-Windows-Terminal_2.jpg\" rel=\"nofollow noopener\" target=\"_blank\"><img loading=\"lazy\" decoding=\"async\" class=\"alignleft wp-image-345729 size-thumbnail\" src=\"https:\/\/www.europesays.com\/es\/wp-content\/uploads\/2025\/09\/comandos-de-Windows-Terminal_2-180x129.jpg\" alt=\"comandos de Windows Terminal\" width=\"180\" height=\"129\"\/><\/a><a href=\"https:\/\/www.muycomputer.com\/2025\/09\/25\/los-comandos-de-windows-terminal-mas-utiles\/\" target=\"_blank\" rel=\"noopener nofollow\">Los comandos de Windows Terminal m\u00e1s \u00fatiles<\/a><\/strong>. \u00bfSab\u00edas que con unos pocos comandos puedes ahorrar tiempo y hacer tareas avanzadas desde Windows Terminal? En este art\u00edculo seleccionamos aquellos que usamos a diario para administrar, optimizar y solucionar desde la consola. Si quieres dominar esa ventana negra, no te lo puedes perder.<\/p>\n<p><strong><a href=\"https:\/\/www.muycomputer.com\/wp-content\/uploads\/2025\/09\/GeForce-RTX-6090-Rubin.jpg\" rel=\"nofollow noopener\" target=\"_blank\"><img loading=\"lazy\" decoding=\"async\" class=\"alignleft wp-image-387122 size-thumbnail\" src=\"https:\/\/www.europesays.com\/es\/wp-content\/uploads\/2025\/09\/GeForce-RTX-6090-Rubin-180x129.jpg\" alt=\"\" width=\"180\" height=\"129\"\/><\/a><a href=\"https:\/\/www.muycomputer.com\/2025\/09\/25\/geforce-rtx-6090-posibles-especificaciones-y-rendimiento-frente-a-la-geforce-rtx-5090\/\" target=\"_blank\" rel=\"noopener nofollow\">GeForce RTX 6090: posibles especificaciones y rendimiento frente a la GeForce RTX 5090<\/a><\/strong>. En este art\u00edculo exploramos con prudencia las filtraciones y rumores sobre la futura RTX 6090: \u00bfm\u00e1s n\u00facleos, mejor arquitectura, mayores retos de consumo? Lo comparamos con lo que ya sabemos de la RTX 5090 para que te hagas una idea de lo que podr\u00eda venir, con una base s\u00f3lida.<\/p>\n<p><strong><a href=\"https:\/\/www.muycomputer.com\/wp-content\/uploads\/2025\/09\/Nintendo-Switch-2-1.jpg\" rel=\"nofollow noopener\" target=\"_blank\"><img loading=\"lazy\" decoding=\"async\" class=\"alignleft wp-image-387178 size-thumbnail\" src=\"https:\/\/www.europesays.com\/es\/wp-content\/uploads\/2025\/09\/Nintendo-Switch-2-1-180x129.jpg\" alt=\"\" width=\"180\" height=\"129\"\/><\/a><a href=\"https:\/\/www.muycomputer.com\/2025\/09\/26\/nintendo-switch-2-superara-en-ventas-a-xbox-series-x-y-series-s-en-2026\/\" target=\"_blank\" rel=\"noopener nofollow\">Nintendo Switch 2 superar\u00e1 en ventas a Xbox Series X y Series S en 2026<\/a><\/strong>. Las previsiones apuntan a que la Switch 2 podr\u00eda superar las ventas de las consolas Xbox actuales el pr\u00f3ximo a\u00f1o, lo que representa un giro importante en la generaci\u00f3n. En este art\u00edculo analizamos los motivos detr\u00e1s de esa posibilidad, los riesgos impl\u00edcitos y qu\u00e9 consecuencias podr\u00eda tener para Microsoft y la competencia en el mercado.<\/p>\n<p><strong><a href=\"https:\/\/www.muycomputer.com\/wp-content\/uploads\/2023\/12\/Menu-avanzado-de-windows_1.jpg\" rel=\"nofollow noopener\" target=\"_blank\"><img loading=\"lazy\" decoding=\"async\" class=\"alignleft wp-image-349811 size-thumbnail\" src=\"https:\/\/www.europesays.com\/es\/wp-content\/uploads\/2025\/09\/Menu-avanzado-de-windows_1-180x129.jpg\" alt=\"men\u00fa avanzado de Windows\" width=\"180\" height=\"129\"\/><\/a><a href=\"https:\/\/www.muycomputer.com\/2025\/09\/27\/como-usar-el-menu-avanzado-de-windows\/\" target=\"_blank\" rel=\"noopener nofollow\">C\u00f3mo usar el men\u00fa avanzado de Windows<\/a><\/strong>. El men\u00fa avanzado de Windows suele pasar desapercibido, pero es una herramienta poderosa para recuperar, diagnosticar o ajustar el sistema. En esta gu\u00eda explicamos cu\u00e1ndo conviene invocarlo y qu\u00e9 opciones deber\u00edas conocer si quieres tener m\u00e1s control sin complicarte.<\/p>\n<p>\u00a0<\/p>\n<p><strong><a href=\"https:\/\/www.muycomputer.com\/wp-content\/uploads\/2025\/09\/Aniversario-GEEKOM.jpg\" rel=\"nofollow noopener\" target=\"_blank\"><img loading=\"lazy\" decoding=\"async\" class=\"alignleft wp-image-386913 size-thumbnail\" src=\"https:\/\/www.europesays.com\/es\/wp-content\/uploads\/2025\/09\/Aniversario-GEEKOM-180x129.jpg\" alt=\"Aniversario GEEKOM\" width=\"180\" height=\"129\"\/><\/a><a href=\"https:\/\/www.muycomputer.com\/2025\/09\/28\/geekom-22-aniversario-oferta-geekom-it15-ai\/\" target=\"_blank\" rel=\"noopener nofollow\">GEEKOM 22.\u00ba aniversario: oferta en el mini PC IT15 AI<\/a><\/strong>. GEEKOM celebra su 22.\u00ba aniversario con una rebaja destacada en su modelo IT15 AI \u2014descuento de 250 \u20ac respecto al precio habitual\u2014 para quienes buscan un mini PC potente con funciones modernas. Si est\u00e1s considerando renovar equipo compacto, esta oferta podr\u00eda ser una oportunidad que no conviene pasar por alto.<\/p>\n<p>\u00a0<\/p>\n<p><strong>Otro contenido de MC que no debes perderte<\/strong><\/p>\n<p>Adem\u00e1s de la selecci\u00f3n anterior la semana ha dado para mucho y podemos destacar otros cuantos art\u00edculos que pensamos te van a gustar como:<\/p>\n<p>\u00a0<\/p>\n<p><strong>M\u00e1s art\u00edculos de TPNET que pueden interesarte<\/strong><\/p>\n<p>Si MC es el portal de consumo, seguro sabes que nuestra casa madre <a href=\"https:\/\/www.tpnet.es\/\" target=\"_blank\" rel=\"noopener nofollow\">TPNET<\/a> ofrece otros sitios web dedicados a empresas, profesionales, pymes y canal, adem\u00e1s de los especializados en seguridad y Linux. Te dejamos con una selecci\u00f3n de los mejores contenidos publicados que pueden ser de tu inter\u00e9s:<\/p>\n","protected":false},"excerpt":{"rendered":"Cerramos domingo con el recopilatorio de los\u00a0mejores contenidos\u00a0que hemos publicado en\u00a0MC\u00a0a lo largo de la semana y que&hellip;\n","protected":false},"author":2,"featured_media":145130,"comment_status":"","ping_status":"","sticky":false,"template":"","format":"standard","meta":{"footnotes":""},"categories":[81],"tags":[6092,119,123,124,6093,25,24,6094,10,117,121,122,23,118,120],"class_list":{"0":"post-145129","1":"post","2":"type-post","3":"status-publish","4":"format-standard","5":"has-post-thumbnail","7":"category-ciencia-y-tecnologia","8":"tag-articulos","9":"tag-ciencia","10":"tag-ciencia-y-tecnologia","11":"tag-cienciaytecnologia","12":"tag-contenidos","13":"tag-es","14":"tag-espana","15":"tag-mc","16":"tag-noticias","17":"tag-science","18":"tag-science-and-technology","19":"tag-scienceandtechnology","20":"tag-spain","21":"tag-technology","22":"tag-tecnologia"},"share_on_mastodon":{"url":"","error":""},"_links":{"self":[{"href":"https:\/\/www.europesays.com\/es\/wp-json\/wp\/v2\/posts\/145129","targetHints":{"allow":["GET"]}}],"collection":[{"href":"https:\/\/www.europesays.com\/es\/wp-json\/wp\/v2\/posts"}],"about":[{"href":"https:\/\/www.europesays.com\/es\/wp-json\/wp\/v2\/types\/post"}],"author":[{"embeddable":true,"href":"https:\/\/www.europesays.com\/es\/wp-json\/wp\/v2\/users\/2"}],"replies":[{"embeddable":true,"href":"https:\/\/www.europesays.com\/es\/wp-json\/wp\/v2\/comments?post=145129"}],"version-history":[{"count":0,"href":"https:\/\/www.europesays.com\/es\/wp-json\/wp\/v2\/posts\/145129\/revisions"}],"wp:featuredmedia":[{"embeddable":true,"href":"https:\/\/www.europesays.com\/es\/wp-json\/wp\/v2\/media\/145130"}],"wp:attachment":[{"href":"https:\/\/www.europesays.com\/es\/wp-json\/wp\/v2\/media?parent=145129"}],"wp:term":[{"taxonomy":"category","embeddable":true,"href":"https:\/\/www.europesays.com\/es\/wp-json\/wp\/v2\/categories?post=145129"},{"taxonomy":"post_tag","embeddable":true,"href":"https:\/\/www.europesays.com\/es\/wp-json\/wp\/v2\/tags?post=145129"}],"curies":[{"name":"wp","href":"https:\/\/api.w.org\/{rel}","templated":true}]}}