{"id":145148,"date":"2025-09-28T22:10:09","date_gmt":"2025-09-28T22:10:09","guid":{"rendered":"https:\/\/www.europesays.com\/es\/145148\/"},"modified":"2025-09-28T22:10:09","modified_gmt":"2025-09-28T22:10:09","slug":"patricia-pardo-impacta-al-revelar-el-alto-precio-que-ha-pagado-por-su-relacion-con-christian-galvez","status":"publish","type":"post","link":"https:\/\/www.europesays.com\/es\/145148\/","title":{"rendered":"Patricia Pardo impacta al revelar el alto precio que ha pagado por su relaci\u00f3n con Christian G\u00e1lvez"},"content":{"rendered":"<p>La relaci\u00f3n de <a href=\"https:\/\/eltelevisero.huffingtonpost.es\/2025\/09\/la-significativa-carta-de-christian-galvez-a-patricia-pardo-antes-de-iniciar-su-nueva-etapa-en-vamos-a-ver\/\" rel=\"nofollow noopener\" target=\"_blank\">Christian G\u00e1lvez y Patricia Pardo<\/a> fue una sorpresa para muchos. Y es que \u00e9l acababa de romper su matrimonio con<a href=\"https:\/\/eltelevisero.huffingtonpost.es\/2025\/01\/christian-galvez-habla-como-nunca-antes-sobre-su-ruptura-con-almudena-cid-y-senala-el-verdadero-detonante\/\" rel=\"nofollow noopener\" target=\"_blank\"> Almudena Cid,<\/a> lo que les convirti\u00f3 en una de las parejas m\u00e1s perseguidas por los paparazzis. Un a\u00f1o despu\u00e9s de comenzar su noviazgo se casaron y, poco despu\u00e9s, daban la bienvenida a su primer hijo, Lucas.<\/p>\n<p>El expresentador de &#8216;Pasapalabra&#8217; y la conductora de &#8216;<a href=\"https:\/\/eltelevisero.huffingtonpost.es\/2025\/09\/vamos-a-ver-se-renueva-con-patricia-pardo-en-telecinco-nuevo-horario-secciones-y-un-fichaje-explosivo-de-supervivientes\/\" rel=\"nofollow noopener\" target=\"_blank\">Vamos a ver&#8217; <\/a>dan rienda suelta a su amor a trav\u00e9s de las redes sociales, donde se suelen dedicar palabras de cari\u00f1o y admiraci\u00f3n. Ahora, la gallega ha concedido una de sus entrevistas m\u00e1s sinceras a \u00c1lex Fidalgo en el p\u00f3dcast &#8216;Lo que t\u00fa digas&#8217;, donde habl\u00f3 sin tapujos sobre los dif\u00edciles comienzos de su relaci\u00f3n.<\/p>\n<p>\u00abAhora ya es otra cosa, pero el primer a\u00f1o fue terror\u00edfico. Creo que se relajaron cuando nos mostramos un poco empalagosos en redes sociales. Son verdad todos los mensajes que nos mandamos, ya que lo sentimos, pero hay un punto de exhibici\u00f3n que nos ha venido muy bien, porque ha provocado que no tengan tanto inter\u00e9s en nosotros\u00bb, explica Patricia Pardo.<\/p>\n<blockquote class=\"instagram-media\" data-instgrm-captioned=\"\" data-instgrm-permalink=\"https:\/\/www.instagram.com\/p\/Cm1UEJEI2m4\/?utm_source=ig_embed&amp;utm_campaign=loading\" data-instgrm-version=\"14\" style=\"background:#FFF;border:0;border-radius:3px;margin: 1px;max-width:540px;min-width:326px;padding:0;width:99.375%;width:-webkit-calc(100% - 2px);width:calc(100% - 2px)\"\/>\n<p>Patricia Pardo denuncia las mentiras difundidas de su relaci\u00f3n Christian G\u00e1lvez<\/p>\n<p>Adem\u00e1s, ha denunciado todas las mentiras que se dijeron sobre el inicio de su noviazgo. Y es que se lleg\u00f3 a especular con la posibilidad de que Christian hubiera comenzado su relaci\u00f3n con Patricia estando todav\u00eda casado con Almudena Cid, algo que la periodista niega categ\u00f3ricamente.<\/p>\n<p>Es m\u00e1s, Patricia Pardo asegura que, cuando se hizo p\u00fablica, ni siquiera hab\u00edan dado un paseo juntos: \u00abLas personas que filtraron que nos est\u00e1bamos conociendo eran mis compa\u00f1eros. No ten\u00edamos una relaci\u00f3n, que es lo que mucha gente no quiere entender. No \u00e9ramos una pareja, \u00e9ramos dos personas divorciadas o separadas, que se hab\u00edan conocido en el pasillo de Telecinco y que hab\u00eda un tonteo, pero no hab\u00edamos dado un pu\u00f1etero primer paseo por la calle\u00bb.<\/p>\n<p>Tambi\u00e9n denuncia el \u00abpeaje\u00bb que han pagado por no renunciar a estar juntos: \u00abLa imagen que ten\u00edamos antes no es la que tenemos ahora, y esa es la realidad. Hemos pagado un peaje muy grande los dos, estoy convencida de ello. A m\u00ed me han puesto la etiqueta de &#8216;la mala de Espa\u00f1a&#8217; sin conocerme y juzg\u00e1ndome por algo que no pas\u00f3 y a \u00e9l, ni te quiero contar. Creo que estamos pagando un peaje muy grande por todo aquello, simplemente por estar juntos o por no haber hablado\u00bb.<\/p>\n<p>Y pone como ejemplo a un redactor de la revista &#8216;\u00a1Hola!&#8217;, al que, durante una entrevista off de record le confes\u00f3 que llevaba m\u00e1s de medio a\u00f1o divorciada, aunque prefer\u00eda no hacerlo p\u00fablico para no exponer su vida privada. \u00abFueron los \u00fanicos que me creyeron. No le interes\u00f3 a nadie, era mucho m\u00e1s f\u00e1cil colocar las etiquetas de &#8216;los malos de la pel\u00edcula&#8217;. Y eso lo hemos vivido as\u00ed\u00bb, sentencia Patricia Pardo.<\/p>\n<p>\t\t\t\t\t\t                    <script async src=\"\/\/www.instagram.com\/embed.js\"><\/script><\/p>\n","protected":false},"excerpt":{"rendered":"La relaci\u00f3n de Christian G\u00e1lvez y Patricia Pardo fue una sorpresa para muchos. Y es que \u00e9l acababa&hellip;\n","protected":false},"author":2,"featured_media":145149,"comment_status":"","ping_status":"","sticky":false,"template":"","format":"standard","meta":{"footnotes":""},"categories":[174],"tags":[255,146,147,25,24,256,23],"class_list":{"0":"post-145148","1":"post","2":"type-post","3":"status-publish","4":"format-standard","5":"has-post-thumbnail","7":"category-famosos","8":"tag-celebrities","9":"tag-entertainment","10":"tag-entretenimiento","11":"tag-es","12":"tag-espana","13":"tag-famosos","14":"tag-spain"},"share_on_mastodon":{"url":"","error":""},"_links":{"self":[{"href":"https:\/\/www.europesays.com\/es\/wp-json\/wp\/v2\/posts\/145148","targetHints":{"allow":["GET"]}}],"collection":[{"href":"https:\/\/www.europesays.com\/es\/wp-json\/wp\/v2\/posts"}],"about":[{"href":"https:\/\/www.europesays.com\/es\/wp-json\/wp\/v2\/types\/post"}],"author":[{"embeddable":true,"href":"https:\/\/www.europesays.com\/es\/wp-json\/wp\/v2\/users\/2"}],"replies":[{"embeddable":true,"href":"https:\/\/www.europesays.com\/es\/wp-json\/wp\/v2\/comments?post=145148"}],"version-history":[{"count":0,"href":"https:\/\/www.europesays.com\/es\/wp-json\/wp\/v2\/posts\/145148\/revisions"}],"wp:featuredmedia":[{"embeddable":true,"href":"https:\/\/www.europesays.com\/es\/wp-json\/wp\/v2\/media\/145149"}],"wp:attachment":[{"href":"https:\/\/www.europesays.com\/es\/wp-json\/wp\/v2\/media?parent=145148"}],"wp:term":[{"taxonomy":"category","embeddable":true,"href":"https:\/\/www.europesays.com\/es\/wp-json\/wp\/v2\/categories?post=145148"},{"taxonomy":"post_tag","embeddable":true,"href":"https:\/\/www.europesays.com\/es\/wp-json\/wp\/v2\/tags?post=145148"}],"curies":[{"name":"wp","href":"https:\/\/api.w.org\/{rel}","templated":true}]}}