{"id":145150,"date":"2025-09-28T22:11:19","date_gmt":"2025-09-28T22:11:19","guid":{"rendered":"https:\/\/www.europesays.com\/es\/145150\/"},"modified":"2025-09-28T22:11:19","modified_gmt":"2025-09-28T22:11:19","slug":"el-arquitecto-jean-nouvel-abre-un-nuevo-capitulo-para-la-fundacion-cartier-sabia-lo-que-queria-un-monumento-para-paris","status":"publish","type":"post","link":"https:\/\/www.europesays.com\/es\/145150\/","title":{"rendered":"El arquitecto Jean Nouvel abre un nuevo cap\u00edtulo para la Fundaci\u00f3n Cartier: \u201cSab\u00eda lo que quer\u00eda: un monumento para Par\u00eds\u201d"},"content":{"rendered":"<p><strong>Jean Nouvel transforma para la Fundaci\u00f3n Cartier un antiguo gran almac\u00e9n parisino en un templo para el <a href=\"https:\/\/www.revistaad.es\/tags\/arte-contemporaneo\" isautogenerated=\"true\" rel=\"nofollow noopener\" target=\"_blank\">arte contempor\u00e1neo<\/a>.<\/strong><\/p>\n<p>La Fundaci\u00f3n Cartier para el Arte Contempor\u00e1neo <strong>abrir\u00e1 sede el pr\u00f3ximo 25 de octubre en <a href=\"https:\/\/www.revistaad.es\/tags\/paris\" isautogenerated=\"true\" rel=\"nofollow noopener\" target=\"_blank\">Par\u00eds<\/a><\/strong>. El proyecto, al igual que el anterior, lleva la firma de <a href=\"https:\/\/www.revistaad.es\/articulos\/jean-nouvel-firma-el-nuevo-espacio-de-la-fundacion-cartier-en-paris-primeras-imagenes\" rel=\"nofollow noopener\" target=\"_blank\">Jean Nouvel<\/a> (Fumel, <a href=\"https:\/\/www.revistaad.es\/tags\/francia\" isautogenerated=\"true\" rel=\"nofollow noopener\" target=\"_blank\">Francia<\/a>, 1945), autor de hitos tan reconocibles como el Instituto del Mundo \u00c1rabe en la capital francesa o el Museo Nacional de Catar, en Doha. Cuando Nouvel, <strong>ganador del <a href=\"https:\/\/www.revistaad.es\/tags\/premio-pritzker\" isautogenerated=\"true\" rel=\"nofollow noopener\" target=\"_blank\">premio Pritzker<\/a> en 2008<\/strong>, se reuni\u00f3 por primera vez con el presidente de la Fundaci\u00f3n Cartier, Alain Dominique Perrin, las <a href=\"https:\/\/www.revistaad.es\/tags\/ideas\" isautogenerated=\"true\" rel=\"nofollow noopener\" target=\"_blank\">ideas<\/a> estaban claras. \u201cSab\u00eda lo que quer\u00eda: un monumento para Par\u00eds\u201d, recuerda el arquitecto.<\/p>\n<p><img decoding=\"async\" alt=\"sala roja.\" loading=\"lazy\" class=\"ResponsiveImageContainer-eNxvmU cfBbTk responsive-image__image\"   src=\"https:\/\/www.europesays.com\/es\/wp-content\/uploads\/2025\/09\/AD1025_CARTIER_4.jpg\"\/><\/p>\n<p>El auditorio panelado de madera te\u00f1ida de rojo, el color que m\u00e1s caracteriza a Cartier.<\/p>\n<p>\u00a9 Adrien Dirand<\/p>\n<p>La espera ha sido larga. Hace doce a\u00f1os, Perrin puso el ojo en <strong>un imponente edificio del <a href=\"https:\/\/www.revistaad.es\/tags\/siglo-xix\" isautogenerated=\"true\" rel=\"nofollow noopener\" target=\"_blank\">siglo XIX<\/a> situado en la rue de Rivoli<\/strong>: un antiguo hotel convertido en grandes almacenes que durante d\u00e9cadas alberg\u00f3 tambi\u00e9n un mercado de <a href=\"https:\/\/www.revistaad.es\/tags\/anticuarios\" isautogenerated=\"true\" rel=\"nofollow noopener\" target=\"_blank\">anticuarios<\/a>. No ten\u00eda duda alguna de que ese lugar deb\u00eda ser el futuro \u2013y m\u00e1s grande\u2013 hogar de la Fundaci\u00f3n. As\u00ed que llam\u00f3 a Nouvel y le invit\u00f3 a visitarlo para saber qu\u00e9 pensaba. El arquitecto fue consciente, pr\u00e1cticamente al instante, del valor del espacio, conocido como los Grands Magasins du Louvre. \u201cSu punto fuerte est\u00e1 en su longitud, como le ocurre al Centre Pompidou\u201d, explica. Pero tambi\u00e9n percibi\u00f3 el reto: \u201cEra un lugar oscuro, sin profundidad. Hab\u00eda que encontrar diferentes alturas y jugar con la luz. Quer\u00edamos crear una perspectiva que ayudara al visitante a ubicarse\u201d.<\/p>\n<p>Para lograrlo, Nouvel ha ideado un atrio de m\u00e1s de 6.500 metros cuadrados con cinco plataformas m\u00f3viles que pueden elevarse hasta once metros, <strong>transformando el entorno seg\u00fan las necesidades del momento<\/strong>. \u201cSon como escenarios\u201d, explica el franc\u00e9s. Esta flexibilidad permitir\u00e1 a comisarios y <a href=\"https:\/\/www.revistaad.es\/tags\/artistas\" isautogenerated=\"true\" rel=\"nofollow noopener\" target=\"_blank\">artistas<\/a> adaptar el espacio a obras de todo tipo y generar recorridos m\u00faltiples seg\u00fan sus deseos. \u201cBusc\u00e1bamos jugar con eso, no simplemente con muros y m\u00e1s muros\u201d. La galer\u00eda central, inundada de luz, se articula alrededor de m\u00e1s de 1.200 metros cuadrados de pasarelas \u2013o passages, como le gusta llamarlas a Nouvel\u2013 distribuidas en tres niveles, que ofrecen vistas a\u00e9reas de las <a href=\"https:\/\/www.revistaad.es\/tags\/exposiciones\" isautogenerated=\"true\" rel=\"nofollow noopener\" target=\"_blank\">exposiciones<\/a>.<\/p>\n","protected":false},"excerpt":{"rendered":"Jean Nouvel transforma para la Fundaci\u00f3n Cartier un antiguo gran almac\u00e9n parisino en un templo para el arte&hellip;\n","protected":false},"author":2,"featured_media":145151,"comment_status":"","ping_status":"","sticky":false,"template":"","format":"standard","meta":{"footnotes":""},"categories":[173],"tags":[229,233,231,230,232,234,146,147,25,24,4759,23],"class_list":{"0":"post-145150","1":"post","2":"type-post","3":"status-publish","4":"format-standard","5":"has-post-thumbnail","7":"category-arte-y-diseno","8":"tag-arte","9":"tag-arte-y-diseno","10":"tag-arts","11":"tag-arts-and-design","12":"tag-design","13":"tag-diseno","14":"tag-entertainment","15":"tag-entretenimiento","16":"tag-es","17":"tag-espana","18":"tag-paris","19":"tag-spain"},"share_on_mastodon":{"url":"","error":""},"_links":{"self":[{"href":"https:\/\/www.europesays.com\/es\/wp-json\/wp\/v2\/posts\/145150","targetHints":{"allow":["GET"]}}],"collection":[{"href":"https:\/\/www.europesays.com\/es\/wp-json\/wp\/v2\/posts"}],"about":[{"href":"https:\/\/www.europesays.com\/es\/wp-json\/wp\/v2\/types\/post"}],"author":[{"embeddable":true,"href":"https:\/\/www.europesays.com\/es\/wp-json\/wp\/v2\/users\/2"}],"replies":[{"embeddable":true,"href":"https:\/\/www.europesays.com\/es\/wp-json\/wp\/v2\/comments?post=145150"}],"version-history":[{"count":0,"href":"https:\/\/www.europesays.com\/es\/wp-json\/wp\/v2\/posts\/145150\/revisions"}],"wp:featuredmedia":[{"embeddable":true,"href":"https:\/\/www.europesays.com\/es\/wp-json\/wp\/v2\/media\/145151"}],"wp:attachment":[{"href":"https:\/\/www.europesays.com\/es\/wp-json\/wp\/v2\/media?parent=145150"}],"wp:term":[{"taxonomy":"category","embeddable":true,"href":"https:\/\/www.europesays.com\/es\/wp-json\/wp\/v2\/categories?post=145150"},{"taxonomy":"post_tag","embeddable":true,"href":"https:\/\/www.europesays.com\/es\/wp-json\/wp\/v2\/tags?post=145150"}],"curies":[{"name":"wp","href":"https:\/\/api.w.org\/{rel}","templated":true}]}}