{"id":145213,"date":"2025-09-28T22:55:10","date_gmt":"2025-09-28T22:55:10","guid":{"rendered":"https:\/\/www.europesays.com\/es\/145213\/"},"modified":"2025-09-28T22:55:10","modified_gmt":"2025-09-28T22:55:10","slug":"las-palabras-de-sergio-scariolo-tras-la-derrota-del-real-madrid-en-la-final-de-la-supercopa-endesa","status":"publish","type":"post","link":"https:\/\/www.europesays.com\/es\/145213\/","title":{"rendered":"Las palabras de Sergio Scariolo tras la derrota del Real Madrid en la final de la Supercopa Endesa"},"content":{"rendered":"<p><strong>Sergio Scariolo\u00a0<\/strong>compareci\u00f3 en rueda de prensa despu\u00e9s de la derrota del Real Madrid en la final de la Supercopa por 98 a 94 frente al Valencia Basket.<\/p>\n<p>Estas fueron las palabras de Sergio Scariolo:<\/p>\n<p>\u00abHa sido un gran partido de baloncesto con dos equipos que han jugado muy bien para las alturas de la temporada a la que estamos. Los dos pod\u00edamos haber ganado, m\u00e9rito y enhorabuena al Valencia Basket y a Pedro Mart\u00ednez. Podemos mejorar c\u00f3mo jugamos los finales de partido, el control, la frialdad\u2026 Tenemos tristeza por no haber ganado esta final pero hay que reconocer que han estado un poquito mejor.<\/p>\n<p>Me alegro de que Sergio de Larrea haya sido MVP despu\u00e9s de un verano lleno de significado para m\u00ed entren\u00e1ndole y para \u00e9l creciendo. Recordar\u00e9is las dos primeras semanas y los dos primeros amistosos con la selecci\u00f3n y ver un poco los \u00faltimos partidos y este. Enhorabuena a Larry y enhorabuena al esfuerzo de mis jugadores que han luchado hasta el final. <\/p>\n<p>Todos hemos cometido errores. Yo por ejemplo a falta de 3 minutos pod\u00eda haber quitado a Edy Tavares. Porque la quinta falta ha sido seguramente decisiva para el desenlace del partido y esperaba que no hubiese cometido esa falta. Pero como siempre, a posteriori acertamos todos. Igual me parec\u00eda una cantidad de tiempo suficiente como para esperar que aguantar\u00eda sin cometerla. <\/p>\n<p>A partir de ah\u00ed tenemos que resetear r\u00e1pidamente, creo que hemos dado paso adelante en este partido aunque desde la tristeza de no haber ganado porque en 48 horas o incluso menos empezamos con la Euroliga as\u00ed que esto no para y durante la temporada habr\u00e1 partido, esperemos que la mayor\u00eda ganados. Lo importante es que cuando se pierda se compita hasta el final y si el rival lo hace un poco mejor se le da la mano, se le felicita y el siguiente partido llega en apenas unas horas.<\/p>\n<p>Me ha gustado la actitud, la manera de competir, el hecho de que hemos sido capaces de no perder nunca la cara al partido, igual que ayer. No puedo decir que haya algo espec\u00edfico que no me guste. Casi todo puede mejorar y no tengo duda de que el trabajo, la competici\u00f3n, la salud y el f\u00edsico va a mejorar y por consecuencia mejorar\u00e1n las cosas que todav\u00eda no se ejecutan a lo largo de los 40 minutos. Hay muchos minutos muy buenos pero debemos llegar a una continuidad que es el objetivo realmente.<\/p>\n<p>Tengo plena confianza en Bruno Fernando y en Usman Garuba, habr\u00e1 partidos buenos y partidos malos. Esos son los jugadores que complementan a Edy Tavares en el rol de 5 y como el resto del equipo tendr\u00e1n que encontrar continuidad de concentraci\u00f3n en primer lugar y de rendimiento por efecto de esta causa. Y seguir con nuestro 5 titular que por supuesto es Edy Tavares pudiendo llegar a tener un puesto competitivo seguramente.<\/p>\n<p>El dato de asistencias y p\u00e9rdidas es la foto de un equipo que se conoce poco y en el que los mecanismos est\u00e1n muy verdes. El timing de un pase, el de un bloqueo, la tranquilidad de poder dar el pase extra y no la ansiedad de querer meter una canasta aunque haya alguien delante. Solo hemos hecho un entreno con el equipo al completo y tenemos un margen de mejora amplio en ese aspecto\u00bb.<\/p>\n<p style=\"text-align: right;\">acb Photo \/ M.Pozo<\/p>\n<p><img decoding=\"async\" src=\"https:\/\/www.europesays.com\/es\/wp-content\/uploads\/2025\/09\/1759100108_766_mtracking.gif\" alt=\"Etiquetas de Mautic\" style=\"display:none;\"\/><\/p>\n<p><a href=\"https:\/\/www.gigantes.com\/tienda\/hemeroteca\/guia-de-la-liga-endesa-2025-26-no-1-560-septiembre-2025\/\" rel=\"nofollow noopener\" target=\"_blank\"><img loading=\"lazy\" decoding=\"async\" class=\"alignnone size-large wp-image-756436\" src=\"https:\/\/www.europesays.com\/es\/wp-content\/uploads\/2025\/09\/1759100109_482_WhatsApp-Image-2025-09-01-at-17.56.05-1024x1024.jpeg.webp.webp\" alt=\"\" width=\"680\" height=\"680\"  \/><\/a><\/p>\n<p>\t\t\t\t\t<img loading=\"lazy\" decoding=\"async\" src=\"https:\/\/www.europesays.com\/es\/wp-content\/uploads\/2025\/09\/1759100110_194_mano.png\" width=\"60\" height=\"60\" alt=\"Deliza hacia abajo\"\/>Sigue deslizando hacia abajo para ver m\u00e1s contenidos<\/p>\n","protected":false},"excerpt":{"rendered":"Sergio Scariolo\u00a0compareci\u00f3 en rueda de prensa despu\u00e9s de la derrota del Real Madrid en la final de la&hellip;\n","protected":false},"author":2,"featured_media":145214,"comment_status":"","ping_status":"","sticky":false,"template":"","format":"standard","meta":{"footnotes":""},"categories":[268],"tags":[168,25,24,280,282,3049,281,23,167,6840],"class_list":{"0":"post-145213","1":"post","2":"type-post","3":"status-publish","4":"format-standard","5":"has-post-thumbnail","7":"category-futbol","8":"tag-deportes","9":"tag-es","10":"tag-espana","11":"tag-football","12":"tag-futbol","13":"tag-sergio-scariolo","14":"tag-soccer","15":"tag-spain","16":"tag-sports","17":"tag-supercopa-endesa"},"share_on_mastodon":{"url":"","error":""},"_links":{"self":[{"href":"https:\/\/www.europesays.com\/es\/wp-json\/wp\/v2\/posts\/145213","targetHints":{"allow":["GET"]}}],"collection":[{"href":"https:\/\/www.europesays.com\/es\/wp-json\/wp\/v2\/posts"}],"about":[{"href":"https:\/\/www.europesays.com\/es\/wp-json\/wp\/v2\/types\/post"}],"author":[{"embeddable":true,"href":"https:\/\/www.europesays.com\/es\/wp-json\/wp\/v2\/users\/2"}],"replies":[{"embeddable":true,"href":"https:\/\/www.europesays.com\/es\/wp-json\/wp\/v2\/comments?post=145213"}],"version-history":[{"count":0,"href":"https:\/\/www.europesays.com\/es\/wp-json\/wp\/v2\/posts\/145213\/revisions"}],"wp:featuredmedia":[{"embeddable":true,"href":"https:\/\/www.europesays.com\/es\/wp-json\/wp\/v2\/media\/145214"}],"wp:attachment":[{"href":"https:\/\/www.europesays.com\/es\/wp-json\/wp\/v2\/media?parent=145213"}],"wp:term":[{"taxonomy":"category","embeddable":true,"href":"https:\/\/www.europesays.com\/es\/wp-json\/wp\/v2\/categories?post=145213"},{"taxonomy":"post_tag","embeddable":true,"href":"https:\/\/www.europesays.com\/es\/wp-json\/wp\/v2\/tags?post=145213"}],"curies":[{"name":"wp","href":"https:\/\/api.w.org\/{rel}","templated":true}]}}