{"id":145215,"date":"2025-09-28T22:56:11","date_gmt":"2025-09-28T22:56:11","guid":{"rendered":"https:\/\/www.europesays.com\/es\/145215\/"},"modified":"2025-09-28T22:56:11","modified_gmt":"2025-09-28T22:56:11","slug":"la-confesion-de-jennifer-lopez-sobre-su-divorcio-de-ben-affleck-fue-lo-mejor-que-me-ha-pasado-en-la-vida","status":"publish","type":"post","link":"https:\/\/www.europesays.com\/es\/145215\/","title":{"rendered":"La confesi\u00f3n de Jennifer Lopez sobre su divorcio de Ben Affleck: \u201cFue lo mejor que me ha pasado en la vida\u201d"},"content":{"rendered":"<p><img alt=\"La artista destaca el valor\" class=\"global-image\" decoding=\"async\" fetchpriority=\"high\" height=\"1080\" loading=\"eager\" src=\"https:\/\/www.europesays.com\/es\/wp-content\/uploads\/2025\/09\/NCPJCJEH65DWBJDMRGJCI564JY.jpg\" width=\"1920\"\/>La artista destaca el valor transformador de la separaci\u00f3n y su impacto en su bienestar individual<br \/>\n(REUTERS\/Mario Anzuoni)<\/p>\n<p class=\"paragraph\">La separaci\u00f3n definitiva entre <a rel=\"noopener noreferrer nofollow\" href=\"https:\/\/www.infobae.com\/entretenimiento\/2025\/09\/07\/jennifer-lopez-salio-de-compras-con-el-hijo-de-ben-affleck-a-un-ano-de-la-separacion-del-actor\/\" target=\"_blank\" title=\"https:\/\/www.infobae.com\/entretenimiento\/2025\/09\/07\/jennifer-lopez-salio-de-compras-con-el-hijo-de-ben-affleck-a-un-ano-de-la-separacion-del-actor\/\"><b>Jennifer Lopez<\/b><\/a><b> <\/b>y<b> <\/b><a rel=\"noopener noreferrer nofollow\" href=\"https:\/\/www.infobae.com\/historias\/2025\/08\/15\/la-transformacion-de-ben-affleck-a-los-53-anos-confesiones-sobre-su-alcoholismo-una-advertencia-y-una-mansion-con-24-banos\/\" target=\"_blank\" title=\"https:\/\/www.infobae.com\/historias\/2025\/08\/15\/la-transformacion-de-ben-affleck-a-los-53-anos-confesiones-sobre-su-alcoholismo-una-advertencia-y-una-mansion-con-24-banos\/\"><b>Ben Affleck<\/b><\/a> no fue simplemente el cierre de una relaci\u00f3n medi\u00e1tica: se convirti\u00f3 en un punto de inflexi\u00f3n que redefini\u00f3 la vida de la artista tanto en lo personal como en lo profesional. <\/p>\n<p class=\"paragraph\">Con una franqueza poco habitual, la cantante y actriz reconoci\u00f3 que el <b>divorcio<\/b> no solo signific\u00f3 el fin de un v\u00ednculo sentimental, sino tambi\u00e9n el <b>comienzo de una nueva etapa de transformaci\u00f3n y crecimiento<\/b> en su historia.<\/p>\n<p class=\"paragraph\">El divorcio entre Lopez, de 56 a\u00f1os, y Affleck, de 53, fue formalizado en enero tras una relaci\u00f3n prolongada por a\u00f1os de idas y venidas. Durante su participaci\u00f3n en <b>CBS News Sunday Morning<\/b>, la artista explic\u00f3 que el proceso de separaci\u00f3n la oblig\u00f3 a reflexionar profundamente sobre s\u00ed misma y sus prioridades. <\/p>\n<p class=\"paragraph\">\u201c<b>Fue lo mejor que me ha pasado en la vida<\/b>\u201d, afirm\u00f3 Lopez, enfatizando el valor transformador de ese momento. Seg\u00fan la artista, la experiencia marc\u00f3 un antes y un despu\u00e9s en su forma de ver las relaciones, llev\u00e1ndola a apreciar la importancia del crecimiento personal y del bienestar individual.<\/p>\n<p><img alt=\"El reencuentro y posterior ruptura\" class=\"global-image\" decoding=\"async\" fetchpriority=\"low\" height=\"2666\" loading=\"lazy\" src=\"https:\/\/www.europesays.com\/es\/wp-content\/uploads\/2025\/09\/P6HMKIRVH2EDSSXHF4WRA5Z2NU.jpg\" width=\"4000\"\/>El reencuentro y posterior ruptura de Lopez y Affleck marcaron etapas clave en sus vidas (AP Foto\/Ashley Landis, Archivo)<\/p>\n<p class=\"paragraph\">La relaci\u00f3n entre los dos artistas comenz\u00f3 en 2002 y r\u00e1pidamente acapar\u00f3 la atenci\u00f3n de la prensa y el p\u00fablico. La pareja lleg\u00f3 a comprometerse, pero puso fin a la relaci\u00f3n en 2004, lo que los llev\u00f3 a seguir caminos distintos por varios a\u00f1os. <\/p>\n<p class=\"paragraph\">Tras ello, Lopez se cas\u00f3 con <b>Marc Anthony<\/b>, con quien tuvo a los gemelos <b>Max<\/b> y <b>Emme<\/b>, mientras que Affleck contrajo matrimonio con <b>Jennifer Garner<\/b>, con quien tuvo tres hijos. <\/p>\n<p class=\"paragraph\">El reencuentro de Lopez y Affleck se produjo en 2021 y, despu\u00e9s de recuperar su relaci\u00f3n, celebraron una boda sencilla en Las Vegas en 2022, seguida de una segunda ceremonia en Georgia. No obstante, ella solicit\u00f3 el divorcio dos a\u00f1os despu\u00e9s, citando diferencias irreconciliables.<\/p>\n<p class=\"paragraph\">El desenlace legal de su relaci\u00f3n coincidi\u00f3 con el estreno de <b>El beso de la mujer ara\u00f1a<\/b> en el <b>Festival de Cine de Sundance<\/b>, largometraje en el que Affleck actu\u00f3 como productor ejecutivo. La artista cont\u00f3 en entrevista con CBS News Sunday Morning, seg\u00fan informaci\u00f3n compartida por PEOPLE, que este periodo fue especialmente complejo debido a la intensidad emocional que experimentaba. <\/p>\n<p class=\"paragraph\">\u201c<b>Fue una \u00e9poca muy dif\u00edcil<\/b>. Cada momento en el set, cada momento que interpretaba este papel, era tan feliz, y luego, en casa, la cosa no iba bien. Y me preguntaba: \u2018\u00bfC\u00f3mo puedo trabajar con esto?\u2019\u201d, relat\u00f3 Lopez, transmitiendo c\u00f3mo el contraste entre la satisfacci\u00f3n profesional y el malestar particular se convirti\u00f3 en un desaf\u00edo cotidiano.<\/p>\n<p><img alt=\"El estreno de 'El beso\" class=\"global-image\" decoding=\"async\" fetchpriority=\"low\" height=\"886\" loading=\"lazy\" src=\"https:\/\/www.europesays.com\/es\/wp-content\/uploads\/2025\/09\/1759100170_603_FDOFA63G6BHTZOI5CFQJ65ZAII.jpg\" width=\"1791\"\/>El estreno de &#8216;El beso de la mujer ara\u00f1a&#8217; coincidi\u00f3 con el proceso de divorcio de la cantante (Cr\u00e9ditos: YouTube \/ Jennifer Lopez)<\/p>\n<p class=\"paragraph\">Durante la filmaci\u00f3n en Nueva York, Lopez afront\u00f3 la tarea de equilibrar las exigencias de su carrera con su situaci\u00f3n personal. La pel\u00edcula, que se estrenar\u00e1 el <b>10 de octubre<\/b>, marca el debut de la artista en el <b>g\u00e9nero musical cinematogr\u00e1fico<\/b>, lo que le otorga un significado \u00fanico. <\/p>\n<p class=\"paragraph\">En el marco del <b>Festival de Sundance<\/b>, la cantante confes\u00f3 que su participaci\u00f3n en este proyecto representaba un sue\u00f1o largamente esperado, se\u00f1alando que se trataba de un g\u00e9nero que siempre la hab\u00eda atra\u00eddo y cuya oportunidad busc\u00f3 durante a\u00f1os.<\/p>\n<p class=\"paragraph\">El contenido de El beso de la mujer ara\u00f1a tiene un fuerte componente emotivo para la cantante. Durante la entrevista, Lopez explic\u00f3 que la pel\u00edcula es, adem\u00e1s, un homenaje a su madre, <b>Guadalupe Rodr\u00edguez<\/b>. Ella fue la figura que le inculc\u00f3 su pasi\u00f3n por los musicales y el cine cl\u00e1sico, influyendo significativamente en sus aspiraciones art\u00edsticas. Este nexo con su historia familiar result\u00f3 fundamental para afrontar los meses en que rodaba la pel\u00edcula, pese a las dificultades sentimentales que atravesaba.<\/p>\n<p><img alt=\"La pel\u00edcula representa el debut\" class=\"global-image\" decoding=\"async\" fetchpriority=\"low\" height=\"1080\" loading=\"lazy\" src=\"https:\/\/www.europesays.com\/es\/wp-content\/uploads\/2025\/09\/7WY3KNW7NNET7NSJCOSGVTLX5M.jpg\" width=\"1920\"\/>La pel\u00edcula representa el debut de Lopez en el g\u00e9nero musical cinematogr\u00e1fico y un homenaje a su madre<br \/>\n(REUTERS\/Mike Blake)<\/p>\n<p class=\"paragraph\">La artista comparti\u00f3 que la dedicaci\u00f3n al proyecto y el apoyo de su equipo le permitieron atravesar la etapa de crisis con entereza. Esta pel\u00edcula, filmada en medio de transformaciones personales, simboliza para Lopez una oportunidad para reinventarse, as\u00ed como para honrar el legado y las ense\u00f1anzas maternas que la han acompa\u00f1ado durante su carrera.<\/p>\n<p class=\"paragraph\">Luego de oficializar la separaci\u00f3n, fuentes cercanas se\u00f1alaron a PEOPLE que Lopez se encuentra en un estado de \u00e1nimo renovado, centrada en sus metas profesionales y dispuesta a disfrutar de los desaf\u00edos que presenta su nueva vida. <\/p>\n<p class=\"paragraph\">Seg\u00fan las mismas fuentes, la experiencia vivida durante la realizaci\u00f3n de la pel\u00edcula coincidi\u00f3 con una etapa dif\u00edcil, pero a partir de entonces, la artista ha mostrado una actitud positiva y agradecida.<\/p>\n<p><img alt=\"Tras la separaci\u00f3n, Lopez se\" class=\"global-image\" decoding=\"async\" fetchpriority=\"low\" height=\"3667\" loading=\"lazy\" src=\"https:\/\/www.europesays.com\/es\/wp-content\/uploads\/2025\/09\/I4GRNYRHYBCU7N7IA4DEWPTXYU.jpg\" width=\"5500\"\/>Tras la separaci\u00f3n, Lopez se muestra renovada, enfocada en su bienestar y en nuevos proyectos art\u00edsticos (REUTERS\/Mario Anzuoni)<\/p>\n<p class=\"paragraph\">Actualmente, Lopez se dedica por completo a la<b> promoci\u00f3n de su nuevo proyecto<\/b> y reafirma su compromiso con su bienestar y el de su familia. El aprendizaje obtenido a ra\u00edz de la separaci\u00f3n la llev\u00f3 a revalorar las oportunidades y a enfrentar su presente con entusiasmo y optimismo. Hoy, la artista utiliza su historia de superaci\u00f3n como inspiraci\u00f3n, reflejando fuerza y resiliencia.<\/p>\n","protected":false},"excerpt":{"rendered":"La artista destaca el valor transformador de la separaci\u00f3n y su impacto en su bienestar individual (REUTERS\/Mario Anzuoni)&hellip;\n","protected":false},"author":2,"featured_media":145216,"comment_status":"","ping_status":"","sticky":false,"template":"","format":"standard","meta":{"footnotes":""},"categories":[174],"tags":[3118,255,146,147,25,24,256,4560,3119,23],"class_list":{"0":"post-145215","1":"post","2":"type-post","3":"status-publish","4":"format-standard","5":"has-post-thumbnail","7":"category-famosos","8":"tag-arts-culture-entertainment","9":"tag-celebrities","10":"tag-entertainment","11":"tag-entretenimiento","12":"tag-es","13":"tag-espana","14":"tag-famosos","15":"tag-las-vegas","16":"tag-north-america","17":"tag-spain"},"share_on_mastodon":{"url":"","error":""},"_links":{"self":[{"href":"https:\/\/www.europesays.com\/es\/wp-json\/wp\/v2\/posts\/145215","targetHints":{"allow":["GET"]}}],"collection":[{"href":"https:\/\/www.europesays.com\/es\/wp-json\/wp\/v2\/posts"}],"about":[{"href":"https:\/\/www.europesays.com\/es\/wp-json\/wp\/v2\/types\/post"}],"author":[{"embeddable":true,"href":"https:\/\/www.europesays.com\/es\/wp-json\/wp\/v2\/users\/2"}],"replies":[{"embeddable":true,"href":"https:\/\/www.europesays.com\/es\/wp-json\/wp\/v2\/comments?post=145215"}],"version-history":[{"count":0,"href":"https:\/\/www.europesays.com\/es\/wp-json\/wp\/v2\/posts\/145215\/revisions"}],"wp:featuredmedia":[{"embeddable":true,"href":"https:\/\/www.europesays.com\/es\/wp-json\/wp\/v2\/media\/145216"}],"wp:attachment":[{"href":"https:\/\/www.europesays.com\/es\/wp-json\/wp\/v2\/media?parent=145215"}],"wp:term":[{"taxonomy":"category","embeddable":true,"href":"https:\/\/www.europesays.com\/es\/wp-json\/wp\/v2\/categories?post=145215"},{"taxonomy":"post_tag","embeddable":true,"href":"https:\/\/www.europesays.com\/es\/wp-json\/wp\/v2\/tags?post=145215"}],"curies":[{"name":"wp","href":"https:\/\/api.w.org\/{rel}","templated":true}]}}