{"id":145219,"date":"2025-09-28T23:01:21","date_gmt":"2025-09-28T23:01:21","guid":{"rendered":"https:\/\/www.europesays.com\/es\/145219\/"},"modified":"2025-09-28T23:01:21","modified_gmt":"2025-09-28T23:01:21","slug":"la-directora-vitoriana-laura-guerricaechevarria-viaja-con-el-asombro-de-magialdia-a-sitges","status":"publish","type":"post","link":"https:\/\/www.europesays.com\/es\/145219\/","title":{"rendered":"La directora vitoriana Laura Guerricaechevarr\u00eda viaja con &#8216;El asombro&#8217; de Magialdia a Sitges"},"content":{"rendered":"<p>Fue hace dos a\u00f1os, en el festival Magialdia, cuando Laura Guerricaechevarr\u00eda (<a href=\"https:\/\/www.elcorreo.com\/temas\/lugares\/vitoria-gasteiz.html\" title=\"www.elcorreo.com\" data-voc-vtm-id=\"in-text-traffic\" data-mrf-link=\"www.elcorreo.com\" rel=\"nofollow noopener\" target=\"_blank\">Vitoria<\/a>, 1997) descubri\u00f3 que aquel mundo le fascinaba. \u00abAdem\u00e1s, me resucit\u00f3 la pasi\u00f3n  &#8230; que ten\u00eda mi abuelo por la disciplina; \u00e9l sol\u00eda ponerme v\u00eddeos del ilusionista Ren\u00e9 Lavand cuando era peque\u00f1a y ten\u00eda una gran colecci\u00f3n de juegos y de libros que hered\u00e9\u00bb, recuerda la cineasta. De esa motivaci\u00f3n personal y afici\u00f3n nace el documental &#8216;El asombro&#8217;, un trabajo en el que combina la investigaci\u00f3n sobre dos libros antiguos, el testimonio de distintos profesionales y la exhibici\u00f3n de diferentes trucos. Tras su buena acogida en el estreno tanto en los cines Florida y en el colegio San Viator (y en el marco del <a href=\"https:\/\/www.elcorreo.com\/temas\/generales\/magialdia.html\" target=\"_blank\" data-voc-vtm-id=\"in-text-traffic\" title=\"Magialdia\" data-mrf-link=\"www.elcorreo.com\" rel=\"nofollow noopener\">Magialdia<\/a>), la pel\u00edcula viaja ahora al festival de Sitges, donde ha sido seleccionada para una proyecci\u00f3n especial dentro del ciclo que se celebrar\u00e1 del 9 al 19 de octubre.<\/p>\n<p class=\"v-p\">La joven directora repite as\u00ed en el prestigioso certamen catal\u00e1n dedicado al g\u00e9nero fant\u00e1stico, donde ya present\u00f3 hace dos a\u00f1os el corto &#8216;Holiday&#8217;, una evocadora historia de fantasmas. En esta ocasi\u00f3n recurre a su propio archivo y a la memoria familiar para dar forma a un largometraje en el que ella misma tambi\u00e9n aparece en pantalla. La pel\u00edcula est\u00e1 dedicada a su abuelo materno. \u00abYo tendr\u00eda unos cuatro a\u00f1os cuando me pon\u00eda v\u00eddeos de magia, y falleci\u00f3 cuando ten\u00eda unos seis. Decidi\u00f3 dejarme como herencia su colecci\u00f3n de magia\u00bb, explica. <\/p>\n<p><a href=\"http:\/\/www.elcorreo.com\/alava\/araba\/paul-urkijo-regresa-sitges-estrenar-mundialmente-gaua-20250716144039-nt.html#vtm_modulosEngag=mod-rel:alava:noticia:1:cmp:1-not\" class=\"v-a-link\" aria-label=\"Imagen\" rel=\"nofollow noopener\" target=\"_blank\"><\/p>\n<p><img decoding=\"async\" loading=\"lazy\" src=\"https:\/\/www.europesays.com\/es\/wp-content\/uploads\/2025\/09\/gaua-david-herranz-kW2B--366x256@El Correo.jpg\" class=\"v-a-img\" width=\"258\" height=\"180\" alt=\"\" data-voc-vtm-id=\"in-text-traffic\"\/><\/p>\n<p><\/a><\/p>\n<p class=\"v-p\">Entre aquel legado se encontraba una rara edici\u00f3n de &#8216;Enga\u00f1os a ojos vista&#8217;, de Pablo Minguet, y otro volumen titulado &#8216;Juegos de manos&#8217;, del siglo XIX. \u00abEstaban guardados en mi casa en una caja de puros Montecristo; eran los ejemplares m\u00e1s antiguos que hab\u00eda conseguido\u00bb. El historiador Ram\u00f3n Mayrata, que participa en la cinta, destaca la relevancia de esas publicaciones en una investigaci\u00f3n que funciona como gancho.<\/p>\n<p class=\"v-p\">Ese punto de partida se entrelaza con las voces de magos y expertos, que reflexionan sobre el arte del enga\u00f1o, la sorpresa o la capacidad de emocionar. El rodaje se desarroll\u00f3 entre <a href=\"https:\/\/www.elcorreo.com\/culturas\/cine\/cine-quimera-podido-descubrir-experimentando-20230509000834-nt.html\" target=\"_blank\" data-voc-vtm-id=\"in-text-traffic\" title=\"Vitoria \" data-mrf-link=\"www.elcorreo.com\" rel=\"nofollow noopener\">Vitoria <\/a>y Madrid, en escenarios como el p\u00f3rtico de la Catedral de Santa Mar\u00eda, el Museo Fournier de Naipes y el teatro <a href=\"https:\/\/www.elcorreo.com\/alava\/araba\/mirador-puntada-hilo-20250822001500-nt.html\" target=\"_blank\" data-voc-vtm-id=\"in-text-traffic\" title=\"Ortzai\" data-mrf-link=\"www.elcorreo.com\" rel=\"nofollow noopener\">Ortzai<\/a>. Una de las secuencias m\u00e1s llamativas transcurre en una nave industrial madrile\u00f1a, donde construyeron una c\u00e1mara oscura exprofeso . \u00abPara m\u00ed simbolizaba la uni\u00f3n entre las ra\u00edces del cine y de la magia, al tratarse de un efecto \u00f3ptico concebido para provocar ilusi\u00f3n\u00bb, comenta. \u00abEse proceso de conseguir que funcionara para m\u00ed fue como redescubrir el cine\u00bb. <\/p>\n<p>Construcci\u00f3n de c\u00e1mara oscura<\/p>\n<p class=\"v-p\">Uno de los mayores retos fue trasladar al lenguaje audiovisual unos n\u00fameros dise\u00f1ados para vivirse en directo. Para ello cont\u00f3 con el asesoramiento de Ricardo S\u00e1nchez. \u00abFue quien gestion\u00f3 con los magos lo que se iba a hacer y c\u00f3mo se iba a rodar, para que yo pudiera reaccionar con pureza y honestidad\u00bb, apunta Guerricaechevarr\u00eda.<\/p>\n<p class=\"v-p\">En pantalla aparecen figuras destacadas como Woody Arag\u00f3n, Miguel \u00c1ngel Gea o Pablo Raijenstein, entre otros. \u00bfCu\u00e1l fue el primer espect\u00e1culo que le cautiv\u00f3? \u00abFue en una gala clandestina de Magialdia, con Giancarlo Scalia, que tambi\u00e9n aparece. Me impresion\u00f3 tanto que guard\u00e9 la carta y la llevo siempre conmigo\u00bb, recuerda la cineasta que prepara un guion para un drama fant\u00e1stico y la grabaci\u00f3n de un corto en unos meses.<\/p>\n","protected":false},"excerpt":{"rendered":"Fue hace dos a\u00f1os, en el festival Magialdia, cuando Laura Guerricaechevarr\u00eda (Vitoria, 1997) descubri\u00f3 que aquel mundo le&hellip;\n","protected":false},"author":2,"featured_media":145220,"comment_status":"","ping_status":"","sticky":false,"template":"","format":"standard","meta":{"footnotes":""},"categories":[169],"tags":[3935,177,44733,146,147,25,24,176,44732,44734,175,31941,23,2177],"class_list":{"0":"post-145219","1":"post","2":"type-post","3":"status-publish","4":"format-standard","5":"has-post-thumbnail","7":"category-cine","8":"tag-alava","9":"tag-cine","10":"tag-el-asombro","11":"tag-entertainment","12":"tag-entretenimiento","13":"tag-es","14":"tag-espana","15":"tag-film","16":"tag-laura-guerricaechevarria","17":"tag-magialdia","18":"tag-movies","19":"tag-sitges","20":"tag-spain","21":"tag-vitoria"},"share_on_mastodon":{"url":"","error":""},"_links":{"self":[{"href":"https:\/\/www.europesays.com\/es\/wp-json\/wp\/v2\/posts\/145219","targetHints":{"allow":["GET"]}}],"collection":[{"href":"https:\/\/www.europesays.com\/es\/wp-json\/wp\/v2\/posts"}],"about":[{"href":"https:\/\/www.europesays.com\/es\/wp-json\/wp\/v2\/types\/post"}],"author":[{"embeddable":true,"href":"https:\/\/www.europesays.com\/es\/wp-json\/wp\/v2\/users\/2"}],"replies":[{"embeddable":true,"href":"https:\/\/www.europesays.com\/es\/wp-json\/wp\/v2\/comments?post=145219"}],"version-history":[{"count":0,"href":"https:\/\/www.europesays.com\/es\/wp-json\/wp\/v2\/posts\/145219\/revisions"}],"wp:featuredmedia":[{"embeddable":true,"href":"https:\/\/www.europesays.com\/es\/wp-json\/wp\/v2\/media\/145220"}],"wp:attachment":[{"href":"https:\/\/www.europesays.com\/es\/wp-json\/wp\/v2\/media?parent=145219"}],"wp:term":[{"taxonomy":"category","embeddable":true,"href":"https:\/\/www.europesays.com\/es\/wp-json\/wp\/v2\/categories?post=145219"},{"taxonomy":"post_tag","embeddable":true,"href":"https:\/\/www.europesays.com\/es\/wp-json\/wp\/v2\/tags?post=145219"}],"curies":[{"name":"wp","href":"https:\/\/api.w.org\/{rel}","templated":true}]}}