{"id":145251,"date":"2025-09-28T23:25:26","date_gmt":"2025-09-28T23:25:26","guid":{"rendered":"https:\/\/www.europesays.com\/es\/145251\/"},"modified":"2025-09-28T23:25:26","modified_gmt":"2025-09-28T23:25:26","slug":"gran-expectacion-en-la-proyeccion-del-documental-de-gregorio-ordonez-en-el-zinemaldia-el-diario-vasco","status":"publish","type":"post","link":"https:\/\/www.europesays.com\/es\/145251\/","title":{"rendered":"Gran expectaci\u00f3n en la proyecci\u00f3n del documental de Gregorio Ord\u00f3\u00f1ez en el Zinemaldia &#8211; El Diario Vasco"},"content":{"rendered":"<ol>\n<li><a href=\"https:\/\/news.google.com\/rss\/articles\/CBMi0wFBVV95cUxOVkdMN205MExacnh4SU15QlotRDFCM01vVE91Um5yNVFrRnp0VnIxQ0oyZUJMb254NE5obFJLUkxXNmEzVnBGYWZhSWxrd0U5Z21Ga2xiRV91M3hlQ3JVYTZRNi1WdEYxSWk3UlQ0UVFDQjEwbi1mTm1FUXVPdGhDeVZIRmt3REhCOGRfSl9lRm5CNmNvQjN0bHNIaWxWVEx6U1hXei15NTlHTEQ1dnNTZjROb3pNeEQyUnhLNHlFMHpQakF4MDFxa3ExU1NDYTJWeno40gHYAUFVX3lxTE9qc0h5Wk5PX2E1ckY1T0ZaX2dUbnZEejhLWnFLX0M0NS1sTHBZUF9ib29ZTGVkNUdMRTNYSU90NEs1QWxKanc5YXNoa1Fsa0ZNLXdlUzJnb3lOSDhqNUUxWUs5QmNnMzdrVDF2aVVabUhuUlpKT2dGLXpIc0JhbDNHNzdweXVxRDBjckxnLWtvUnBEbGZiUEM2bnFEU2ZVOFpqSVlqMXhCVF9UWDQzbS05TUhjYUJvT1JOSXJlYkJLblNlX1RCV0hZakVfMTNRVWxiZU5QbFJmLQ?oc=5\" target=\"_blank\" rel=\"nofollow noopener\">Gran expectaci\u00f3n en la proyecci\u00f3n del documental de Gregorio Ord\u00f3\u00f1ez en el Zinemaldia<\/a>&nbsp;&nbsp;El Diario Vasco<\/li>\n<li><a href=\"https:\/\/news.google.com\/rss\/articles\/CBMiqgFBVV95cUxNS1Q5eHptMnBlbUpjX1lKb0JwMU1oWFZMOXZNUFNuWjZhX1RGMmp1SWNmWU9LZENjVHlXNDZmYV9JNVBLM0FyY0JCeTlhelczR3dic0pCX1pnbWQ5UEZhU0RJZFpFYVdBREUtT2h5QlZHMW04ZFVEajJnYU5EVHdtbklueTd0bGZxZlh2bkxkNmpHYTlFZ3hVR0RRRWRCVXNBOXgwTjloSDRtUQ?oc=5\" target=\"_blank\" rel=\"nofollow noopener\">La memoria de Gregorio Ord\u00f3\u00f1ez y el honor de los que derrotaron a ETA<\/a>&nbsp;&nbsp;ABC<\/li>\n<li><a href=\"https:\/\/news.google.com\/rss\/articles\/CBMiogFBVV95cUxQc1drV0lmb2xuREd3N2w0Wndra3pXNmVPWnByRENYMEdNaGdVWjh1Qi1QSzV5YkRRNG9PNmhvMWdsTUZDYnVCOGdCSDNDLTJaZ1VOVGM0LWIxajdydkdHeHVYc2FhVG9vNjhGZEJfWDdSSHNGdTN2ODVJOGhlcTlkVEh5U0dVcVJ2WnE4U1NESkFjT2p1NXpYLV9WbG5QWHdONEE?oc=5\" target=\"_blank\" rel=\"nofollow noopener\">\u00abGoyo gustaba incluso a quienes no pensaban como \u00e9l\u00bb<\/a>&nbsp;&nbsp;El Diario Vasco<\/li>\n<li><a href=\"https:\/\/news.google.com\/rss\/articles\/CBMikAFBVV95cUxOUGhXOFUyM0VhSmhteGtmU2hkX0xYU05HUThoN08yUWpRN05UMlpOVjFIcl90c056eThvaEdSVWFLUUxuZndOa01qbGtsYzJfdUphS2x4US1mV3BfVXFvNHFCUnE5emR6VTctalZOcFJ4NmpZWE5DVXdfelBtQlg2TzlxWDVzbnZxbTBRUWhtazQ?oc=5\" target=\"_blank\" rel=\"nofollow noopener\">Santander regresa a la Espa\u00f1a de 1995 con el asesinato de Gregorio Ord\u00f3\u00f1ez. Martes 23, 19.30 h, El Ateneo<\/a>&nbsp;&nbsp;cantabria directa<\/li>\n<li><a href=\"https:\/\/news.google.com\/rss\/articles\/CBMi8AFBVV95cUxOci1zNWtoNk91NEFTMnBIakpSVjhNak85WmN5SWQ0MkxIRE9VdV9rV1NqZ1daeWg0OUNHbGRGcEQwZzh4WDc3eTloS2gybGtzallKc3NmcnBfR1JpYXJqTTNmaWhuc1IyQ2lhbENjZm9XSEpkVWh3dXFJaDhnR1h1OVg2ZnR4bHlWdGQtOEZSLW5GTFVJalM1bkFvemtCdVcwSFgxd2FEYy1HaHJiS3lJUHpiMG02SFRKTTNtRUF4WVRUVzVuUXJDa1ZHTVVSZmwtQ0Z0dGdneU90b2VUUEc4QlFtT2d2eUlRZC0teThpYzU?oc=5\" target=\"_blank\" rel=\"nofollow noopener\">Mar\u00eda San Gil presenta el documental \u00abEsta es una historia real\u00bb, en el 30\u00ba aniversario del asesinato de Gregorio Ord\u00f3\u00f1ez<\/a>&nbsp;&nbsp;Fundaci\u00f3n Santander Creativa<\/li>\n<\/ol>\n","protected":false},"excerpt":{"rendered":"Gran expectaci\u00f3n en la proyecci\u00f3n del documental de Gregorio Ord\u00f3\u00f1ez en el Zinemaldia&nbsp;&nbsp;El Diario Vasco La memoria de&hellip;\n","protected":false},"author":2,"featured_media":145252,"comment_status":"","ping_status":"","sticky":false,"template":"","format":"standard","meta":{"footnotes":""},"categories":[169],"tags":[177,6084,146,147,25,24,17171,176,3956,8727,175,36013,44741,23,24803],"class_list":{"0":"post-145251","1":"post","2":"type-post","3":"status-publish","4":"format-standard","5":"has-post-thumbnail","7":"category-cine","8":"tag-cine","9":"tag-documental","10":"tag-entertainment","11":"tag-entretenimiento","12":"tag-es","13":"tag-espana","14":"tag-expectacion","15":"tag-film","16":"tag-gran","17":"tag-gregorio","18":"tag-movies","19":"tag-ordonez","20":"tag-proyeccion","21":"tag-spain","22":"tag-zinemaldia"},"share_on_mastodon":{"url":"","error":""},"_links":{"self":[{"href":"https:\/\/www.europesays.com\/es\/wp-json\/wp\/v2\/posts\/145251","targetHints":{"allow":["GET"]}}],"collection":[{"href":"https:\/\/www.europesays.com\/es\/wp-json\/wp\/v2\/posts"}],"about":[{"href":"https:\/\/www.europesays.com\/es\/wp-json\/wp\/v2\/types\/post"}],"author":[{"embeddable":true,"href":"https:\/\/www.europesays.com\/es\/wp-json\/wp\/v2\/users\/2"}],"replies":[{"embeddable":true,"href":"https:\/\/www.europesays.com\/es\/wp-json\/wp\/v2\/comments?post=145251"}],"version-history":[{"count":0,"href":"https:\/\/www.europesays.com\/es\/wp-json\/wp\/v2\/posts\/145251\/revisions"}],"wp:featuredmedia":[{"embeddable":true,"href":"https:\/\/www.europesays.com\/es\/wp-json\/wp\/v2\/media\/145252"}],"wp:attachment":[{"href":"https:\/\/www.europesays.com\/es\/wp-json\/wp\/v2\/media?parent=145251"}],"wp:term":[{"taxonomy":"category","embeddable":true,"href":"https:\/\/www.europesays.com\/es\/wp-json\/wp\/v2\/categories?post=145251"},{"taxonomy":"post_tag","embeddable":true,"href":"https:\/\/www.europesays.com\/es\/wp-json\/wp\/v2\/tags?post=145251"}],"curies":[{"name":"wp","href":"https:\/\/api.w.org\/{rel}","templated":true}]}}