{"id":145297,"date":"2025-09-28T23:56:10","date_gmt":"2025-09-28T23:56:10","guid":{"rendered":"https:\/\/www.europesays.com\/es\/145297\/"},"modified":"2025-09-28T23:56:10","modified_gmt":"2025-09-28T23:56:10","slug":"la-aemet-activa-la-alerta-roja-por-lluvias-torrenciales-ante-la-llegada-de-una-borrasca-potencialmente-peligrosa","status":"publish","type":"post","link":"https:\/\/www.europesays.com\/es\/145297\/","title":{"rendered":"La AEMET activa la alerta roja por \u00ablluvias torrenciales\u00bb ante la llegada de una borrasca \u00abpotencialmente peligrosa\u00bb"},"content":{"rendered":"<p>Les Useres registra la primera tormenta intensa del episodio en Castell\u00f3n con 61 l\/m\u00b2<\/p>\n<p class=\"articleParagraph\">La primera tormenta intensa del episodio de lluvias que afecta a la Comunidad Valenciana ha dejado 61 litros por metro cuadrado en Les Useres, en la comarca castellonense de l&#8217;Alcalat\u00e9n, seg\u00fan datos de la Asociaci\u00f3n Valenciana de Meteorolog\u00eda (Avamet).<\/p>\n<p class=\"articleParagraph\">El fen\u00f3meno se enmarca dentro del episodio de inestabilidad que ha obligado a la Agencia Estatal de Meteorolog\u00eda (Aemet) a mantener el aviso rojo desde las 20.00 horas de este domingo en el litoral norte de Castell\u00f3n.<\/p>\n<p>Clases suspendidas<\/p>\n<p class=\"articleParagraph\">Ante la alerta, se han suspendido las clases en Castell\u00f3 de la Plana, numerosos municipios de la provincia y las universidades Universitat Jaume I (UJI) y CEU Cardenal Herrera, que impartir\u00e1n docencia virtual.<\/p>\n<p class=\"articleParagraph\">Las autoridades insisten en extremar las precauciones en las zonas m\u00e1s expuestas a inundaciones, as\u00ed como en la red viaria, especialmente en tramos secundarios o con riesgo de acumulaci\u00f3n de agua.<\/p>\n<p class=\"articleParagraph\">En la comarca del Baix Maestrat la medida afecta a Vinar\u00f2s, Pe\u00f1\u00edscola, Benicarl\u00f3, Alcossebre, Sant Mateu, Sant Magdalena de Pulpis, Traiguera, Chert y C\u00e0lig. En la Plana Alta han suspendido las clases Oropesa, Benic\u00e0ssim, Almassora, Torreblanca y Borriol.<\/p>\n<p class=\"articleParagraph\">En la Plana Baixa lo han hecho Vila-real, Betx\u00ed, Moncofa, Burriana, Nules, La Vilavella, La Llosa y Chilches. En el Alt Maestrat, la suspensi\u00f3n afecta a Alboc\u00e0sser. En el Alt Millars, suspendidas en Montanejos y en l\u2019Alcalaten, canceladas en Fanzara)<\/p>\n","protected":false},"excerpt":{"rendered":"Les Useres registra la primera tormenta intensa del episodio en Castell\u00f3n con 61 l\/m\u00b2 La primera tormenta intensa&hellip;\n","protected":false},"author":2,"featured_media":145298,"comment_status":"","ping_status":"","sticky":false,"template":"","format":"standard","meta":{"footnotes":""},"categories":[5],"tags":[17,18,25,24,13,14,11,19,20,9,10,15,16,23,12,21,22],"class_list":{"0":"post-145297","1":"post","2":"type-post","3":"status-publish","4":"format-standard","5":"has-post-thumbnail","7":"category-titulares","8":"tag-breaking-news","9":"tag-breakingnews","10":"tag-es","11":"tag-espana","12":"tag-featured-news","13":"tag-featurednews","14":"tag-headlines","15":"tag-latest-news","16":"tag-latestnews","17":"tag-news","18":"tag-noticias","19":"tag-noticias-destacadas","20":"tag-noticiasdestacadas","21":"tag-spain","22":"tag-titulares","23":"tag-ultimas-noticias","24":"tag-ultimasnoticias"},"share_on_mastodon":{"url":"","error":""},"_links":{"self":[{"href":"https:\/\/www.europesays.com\/es\/wp-json\/wp\/v2\/posts\/145297","targetHints":{"allow":["GET"]}}],"collection":[{"href":"https:\/\/www.europesays.com\/es\/wp-json\/wp\/v2\/posts"}],"about":[{"href":"https:\/\/www.europesays.com\/es\/wp-json\/wp\/v2\/types\/post"}],"author":[{"embeddable":true,"href":"https:\/\/www.europesays.com\/es\/wp-json\/wp\/v2\/users\/2"}],"replies":[{"embeddable":true,"href":"https:\/\/www.europesays.com\/es\/wp-json\/wp\/v2\/comments?post=145297"}],"version-history":[{"count":0,"href":"https:\/\/www.europesays.com\/es\/wp-json\/wp\/v2\/posts\/145297\/revisions"}],"wp:featuredmedia":[{"embeddable":true,"href":"https:\/\/www.europesays.com\/es\/wp-json\/wp\/v2\/media\/145298"}],"wp:attachment":[{"href":"https:\/\/www.europesays.com\/es\/wp-json\/wp\/v2\/media?parent=145297"}],"wp:term":[{"taxonomy":"category","embeddable":true,"href":"https:\/\/www.europesays.com\/es\/wp-json\/wp\/v2\/categories?post=145297"},{"taxonomy":"post_tag","embeddable":true,"href":"https:\/\/www.europesays.com\/es\/wp-json\/wp\/v2\/tags?post=145297"}],"curies":[{"name":"wp","href":"https:\/\/api.w.org\/{rel}","templated":true}]}}