{"id":145311,"date":"2025-09-29T00:05:04","date_gmt":"2025-09-29T00:05:04","guid":{"rendered":"https:\/\/www.europesays.com\/es\/145311\/"},"modified":"2025-09-29T00:05:04","modified_gmt":"2025-09-29T00:05:04","slug":"dro-el-noveno-canterano-que-debuta-a-las-ordenes-de-flick","status":"publish","type":"post","link":"https:\/\/www.europesays.com\/es\/145311\/","title":{"rendered":"Dro, el noveno canterano que debuta a las \u00f3rdenes de Flick"},"content":{"rendered":"<p class=\"ft-text\">El Bar\u00e7a est\u00e1 <strong>malacostumbrando al mundo del f\u00fatbol<\/strong> logrando algo ins\u00f3lito: hacer que cada a\u00f1o debute y despunte un canterano. Pedro Fern\u00e1ndez &#8216;Dro&#8217;, de apenas 17 a\u00f1os, ha debutado en partido oficial con el Bar\u00e7a esta tarde<strong> cuajando una buena actuaci\u00f3n <\/strong>y sorprendiendo a todos los presentes en Montju\u00efc.<\/p>\n<p class=\"ft-text\">De padre gallego y madre filipina, Dro sorprendi\u00f3 mucho en la gira asi\u00e1tica de esta temporada y llam\u00f3 la atenci\u00f3n de Hansi Flick y su cuerpo t\u00e9cnico en los entrenamientos. El centrocampista deb\u00eda disputar toda la temporada en el filial, pero su progresi\u00f3n ha sido tal que el t\u00e9cnico alem\u00e1n lo est\u00e1 convocando cada semana para tenerlo a sus \u00f3rdenes. De hecho, se podr\u00eda decir que &#8216;Dro&#8217; <strong>pr\u00e1cticamente ha pasado del Juvenil B al primer equipo<\/strong>, ya que apenas jug\u00f3 un partido con el Bar\u00e7a Atl\u00e8tic y siete en la Youth League, con dos goles.<\/p>\n<p class=\"ft-text\">Hoy nadie esperaba verlo en el once y fue titular. La decisi\u00f3n sorprendi\u00f3 a todos menos a \u00e9l, que respondi\u00f3 con una <strong>calma y personalidad impropias de un jugador que est\u00e1 en edad de juvenil.<\/strong> Desde el inicio del partido se ofreci\u00f3, pidi\u00f3 la pelota y jug\u00f3 a uno o dos toques, dando mucho ritmo al encuentro, justo lo que le ped\u00eda el t\u00e9cnico alem\u00e1n.<strong> En el vestuario ya hablaban maravillas de \u00e9l <\/strong>y hoy se ha entendido por qu\u00e9. Adem\u00e1s, tuvo la gran ayuda de Frenkie y Pedri. A su lado todo parece m\u00e1s f\u00e1cil.<\/p>\n<p class=\"ft-text\">El centrocampista se retir\u00f3 en la media parte para dejar su sitio a Dani Olmo, convirti\u00e9ndose en el en\u00e9simo canterano azulgrana que sube con fuerza pidiendo paso.<\/p>\n<p>El noveno en debutar<\/p>\n<p class=\"ft-text\">Mucho se especul\u00f3 el a\u00f1o pasado con que Hansi Flick llamaba a los chavales por necesidad, por las ausencias de los internacionales tras Eurocopa y Copa Am\u00e9rica, pero la realidad &#8211;y especialmente los datos&#8211; relatan otra historia completamente distinta. En su<strong> primera campa\u00f1a debutaron ocho canteranos <\/strong>y muchos m\u00e1s entraron en las convocatorias, aunque no llegaron a jugar. Hoy el gallego se ha convertido en el noveno en hacerlo. Antes que \u00e9l se estrenaron<strong> Gerard Mart\u00edn, Marc Bernal, Pau V\u00edctor, Sergi Dom\u00ednguez, Andr\u00e9s Cuenca, Toni Fern\u00e1ndez, Dani Rodr\u00edguez y Jofre Torrents. <\/strong><\/p>\n<p class=\"ft-text\">Sin lugar a dudas, otra demostraci\u00f3n de que el trabajo en La Masia se est\u00e1 ejecutando a la perfecci\u00f3n, detectando el talento de manera precoz para identificar cu\u00e1les son los jugadores que tienen el ADN Bar\u00e7a para triunfar.<strong> Hoy es &#8216;Dro&#8217; pero, \u00bfqui\u00e9n ser\u00e1 ma\u00f1ana? El tiempo dir\u00e1. <\/strong><\/p>\n","protected":false},"excerpt":{"rendered":"El Bar\u00e7a est\u00e1 malacostumbrando al mundo del f\u00fatbol logrando algo ins\u00f3lito: hacer que cada a\u00f1o debute y despunte&hellip;\n","protected":false},"author":2,"featured_media":145312,"comment_status":"","ping_status":"","sticky":false,"template":"","format":"standard","meta":{"footnotes":""},"categories":[268],"tags":[2296,23215,168,44749,3735,25,24,4970,280,282,44750,281,23,167],"class_list":{"0":"post-145311","1":"post","2":"type-post","3":"status-publish","4":"format-standard","5":"has-post-thumbnail","7":"category-futbol","8":"tag-barca","9":"tag-debutante","10":"tag-deportes","11":"tag-dro","12":"tag-entrenamientos","13":"tag-es","14":"tag-espana","15":"tag-flick","16":"tag-football","17":"tag-futbol","18":"tag-pedro-fernandez","19":"tag-soccer","20":"tag-spain","21":"tag-sports"},"share_on_mastodon":{"url":"","error":""},"_links":{"self":[{"href":"https:\/\/www.europesays.com\/es\/wp-json\/wp\/v2\/posts\/145311","targetHints":{"allow":["GET"]}}],"collection":[{"href":"https:\/\/www.europesays.com\/es\/wp-json\/wp\/v2\/posts"}],"about":[{"href":"https:\/\/www.europesays.com\/es\/wp-json\/wp\/v2\/types\/post"}],"author":[{"embeddable":true,"href":"https:\/\/www.europesays.com\/es\/wp-json\/wp\/v2\/users\/2"}],"replies":[{"embeddable":true,"href":"https:\/\/www.europesays.com\/es\/wp-json\/wp\/v2\/comments?post=145311"}],"version-history":[{"count":0,"href":"https:\/\/www.europesays.com\/es\/wp-json\/wp\/v2\/posts\/145311\/revisions"}],"wp:featuredmedia":[{"embeddable":true,"href":"https:\/\/www.europesays.com\/es\/wp-json\/wp\/v2\/media\/145312"}],"wp:attachment":[{"href":"https:\/\/www.europesays.com\/es\/wp-json\/wp\/v2\/media?parent=145311"}],"wp:term":[{"taxonomy":"category","embeddable":true,"href":"https:\/\/www.europesays.com\/es\/wp-json\/wp\/v2\/categories?post=145311"},{"taxonomy":"post_tag","embeddable":true,"href":"https:\/\/www.europesays.com\/es\/wp-json\/wp\/v2\/tags?post=145311"}],"curies":[{"name":"wp","href":"https:\/\/api.w.org\/{rel}","templated":true}]}}