{"id":145315,"date":"2025-09-29T00:09:07","date_gmt":"2025-09-29T00:09:07","guid":{"rendered":"https:\/\/www.europesays.com\/es\/145315\/"},"modified":"2025-09-29T00:09:07","modified_gmt":"2025-09-29T00:09:07","slug":"lasexta-resiste-el-empuje-de-tve","status":"publish","type":"post","link":"https:\/\/www.europesays.com\/es\/145315\/","title":{"rendered":"LaSexta resiste el empuje de TVE"},"content":{"rendered":"<p>No se puede decir que <strong>LaSexta <\/strong>atraviese el mejor momento de su historia porque eso ser\u00eda mentir. Tambi\u00e9n est\u00e1 muy lejos del peor, que se registr\u00f3 a finales de la d\u00e9cada del 2000, cuando la &#8216;gran recesi\u00f3n&#8217; empeor\u00f3 su situaci\u00f3n econ\u00f3mica -que ya era compleja- y eso precipit\u00f3 su venta a <a href=\"https:\/\/www.elindependiente.com\/etiquetas\/atresmedia\/\" rel=\"nofollow noopener\" target=\"_blank\">Atresmedia<\/a>. <\/p>\n<p>Lo que sucede en este 2025 es que se enfrenta a un competidor cuyo m\u00fasculo es considerable, dentro de un momento en el que Moncloa ha garantizado un presupuesto estable para la radio y televisi\u00f3n p\u00fablica; y en el que los grupos privados aplican la cautela a gran parte de sus decisiones ante la incertidumbre que generan la ca\u00edda progresiva del consumo televisivo y el empeoramiento del mercado publicitario.<\/p>\n<p>Esta situaci\u00f3n ha generado dificultades en algunos de los principales espacios de <strong>LaSexta<\/strong> que compiten directamente con los que se emiten de forma simult\u00e1nea en <strong>La 1<\/strong>. Pese a todo, no puede decirse que se haya producido una ca\u00edda relevante de su resultado interanual de audiencia. <\/p>\n<p>Los resultados de LaSexta<\/p>\n<p>Los datos de Kantar Media muestran que la media que ha conseguido el canal durante los ocho primeros meses del a\u00f1o es de 6,3 puntos, frente a la de 6,17 puntos del mismo per\u00edodo del a\u00f1o anterior. <\/p>\n<p>El a\u00f1o 2024 lo cerr\u00f3 con el 6,4%; mientras que 2023, con 6,3 y 2022, con 6,1 puntos. Su principal competidor es <strong>Cuatro<\/strong>, con el que mantiene una distancia &#8216;suficiente&#8217; (5,8 puntos entre enero y agosto), pese a la mejora de 6 d\u00e9cimas de la segunda cadena de Mediaset en este per\u00edodo.<\/p>\n<p>Lo que sucede es que <strong>La 1<\/strong> se ha escorado y el perfil ideol\u00f3gico de programas como Ma\u00f1aneros 360, Malas lenguas, Los archivos del NO-DO o incluso La revuelta es muy similar al de espacios que emite <strong>LaSexta <\/strong>a la misma hora.<\/p>\n<p>LaSexta vs Cuatro<\/p>\n<p>La cadena &#8216;verde&#8217; no es el buque insignia de su grupo, dado que ese papel lo ejerce <strong>Antena 3<\/strong>, que aventaja de forma c\u00f3moda -aunque menor- a La 1, pese a que la televisi\u00f3n presidida por <strong>Jos\u00e9 Pablo L\u00f3pez <\/strong>lograr\u00e1 el mejor septiembre en varios a\u00f1os, con una media que probablemente ser\u00e1 superior a los 11,5 puntos.<\/p>\n<p><strong>LaSexta <\/strong>compite directamente con Cuatro y ah\u00ed tambi\u00e9n tiene ventaja. El problema es que La 1 ha adoptado una pol\u00edtica editorial muy similar en algunas franjas y eso ha endurecido la competencia y perjudicado a programas como Al rojo vivo, que registra en lo que va de mes una audiencia de 8,4 puntos, frente a los 11,1 que obtuvo, de media, durante la pasada temporada. <\/p>\n<p>Curiosamente, La 1 contaba en abril con una audiencia similar (8,8%). A partir de ah\u00ed, <strong>Javier Ruiz <\/strong>se incorpor\u00f3 al segundo tramo del programa y se inyect\u00f3 una elevada carga pol\u00edtica en el programa. Su audiencia se ha disparado desde entonces, hasta el punto que en septiembre roza el 14,4%. <\/p>\n<p>Al Rojo Vivo<\/p>\n<p>El r\u00e9cord del programa de <strong>Antonio Garc\u00eda Ferreras<\/strong> se registr\u00f3 en la campa\u00f1a 2018\/2019, cuando su cuota de pantalla media fue del 15,5%. Durante el per\u00edodo sanchista, ha ca\u00eddo de forma significativa.<\/p>\n<p>Otro ejemplo de franja en la que La 1 ha aumentado su competitividad es el access prime-time, donde, por cierto, el rey es El hormiguero, de<strong> Pablo Motos<\/strong>. RTVE comprometi\u00f3 en 2024 una inversi\u00f3n m\u00ednima de 28 millones de euros, por dos temporadas, para incrementar su competitividad en esta hora del d\u00eda.<\/p>\n<p>Para ello, contrat\u00f3 a El Terrat para que compitiera con La revuelta contra Antena 3, pero tambi\u00e9n contra LaSexta, donde Globomedia produce El Intermedio, es decir, el programa que presenta &#8216;el gran Wyoming&#8217;. <\/p>\n<p>La misma franja<\/p>\n<p>Se da la circunstancia de que tanto El Terrat como Globomedia pertenecen al mismo grupo, que es Mediapro. Ambas mantienen una pugna a la misma hora del d\u00eda desde La 1 y desde LaSexta.<\/p>\n<p>David Broncano mejor\u00f3 ostensiblemente el resultado de la televisi\u00f3n p\u00fablica en ese momento del d\u00eda. Su primera temporada la cerr\u00f3 con una cuota media de pantalla de 13,5 puntos, en segunda posici\u00f3n de su franja.<\/p>\n<p>Este fen\u00f3meno impact\u00f3 sobre El intermedio, que perdi\u00f3 1,2 puntos de share la pasada temporada, el equivalente al 16% de su audiencia. Sin embargo, su resultado (6,3%) no fue inferior a la media del canal y la actual temporada la ha empezado con n\u00fameros mejores (6,7%).<\/p>\n<p>\u00bfM\u00e1s dinero para RTVE?<\/p>\n<p>El pasado jueves, <strong>Jos\u00e9 Pablo L\u00f3pez<\/strong> compareci\u00f3 en el Congreso de los Diputados y defendi\u00f3 la mejora de la audiencia de los canales de TVE en este inicio de temporada. El presidente de la corporaci\u00f3n tambi\u00e9n reclam\u00f3 un incremento del presupuesto de RTVE para no perder competitividad con los grupos privados. <\/p>\n<p>La inmensa mayor\u00eda de los ingresos de RTVE proceden de <strong>fuentes p\u00fablicas de financiaci\u00f3n<\/strong>, mientras que las televisiones privadas obtienen su recaudaci\u00f3n, principalmente, a partir del mercado publicitario. <\/p>\n<p>En un momento en el que una parte de los anunciantes ha emigrado hacia las plataformas digitales, y en el que Moncloa parece decidida a abrir la mano con RTVE -la cual controla sin casi oposici\u00f3n-, la competitividad de &#8216;la p\u00fablica&#8217; podr\u00eda aumentar en detrimento de la de los canales privados.<\/p>\n<p>Hay apuestas de las cadenas privadas -como las mencionadas anteriormente- que se han resentido como consecuencia de las inversiones realizadas por la televisi\u00f3n p\u00fablica en esas mismas franjas. Est\u00e1 por ver c\u00f3mo potenciar\u00e1n o aminorar\u00e1n este fen\u00f3meno el mercado&#8230; y el dinero p\u00fablico.<\/p>\n<p>PUBLICIDAD<\/p>\n","protected":false},"excerpt":{"rendered":"No se puede decir que LaSexta atraviese el mejor momento de su historia porque eso ser\u00eda mentir. Tambi\u00e9n&hellip;\n","protected":false},"author":2,"featured_media":145316,"comment_status":"","ping_status":"","sticky":false,"template":"","format":"standard","meta":{"footnotes":""},"categories":[171],"tags":[151,146,147,25,24,518,23,807,214],"class_list":{"0":"post-145315","1":"post","2":"type-post","3":"status-publish","4":"format-standard","5":"has-post-thumbnail","7":"category-tv","8":"tag-atresmedia","9":"tag-entertainment","10":"tag-entretenimiento","11":"tag-es","12":"tag-espana","13":"tag-rtve","14":"tag-spain","15":"tag-television","16":"tag-tv"},"share_on_mastodon":{"url":"","error":""},"_links":{"self":[{"href":"https:\/\/www.europesays.com\/es\/wp-json\/wp\/v2\/posts\/145315","targetHints":{"allow":["GET"]}}],"collection":[{"href":"https:\/\/www.europesays.com\/es\/wp-json\/wp\/v2\/posts"}],"about":[{"href":"https:\/\/www.europesays.com\/es\/wp-json\/wp\/v2\/types\/post"}],"author":[{"embeddable":true,"href":"https:\/\/www.europesays.com\/es\/wp-json\/wp\/v2\/users\/2"}],"replies":[{"embeddable":true,"href":"https:\/\/www.europesays.com\/es\/wp-json\/wp\/v2\/comments?post=145315"}],"version-history":[{"count":0,"href":"https:\/\/www.europesays.com\/es\/wp-json\/wp\/v2\/posts\/145315\/revisions"}],"wp:featuredmedia":[{"embeddable":true,"href":"https:\/\/www.europesays.com\/es\/wp-json\/wp\/v2\/media\/145316"}],"wp:attachment":[{"href":"https:\/\/www.europesays.com\/es\/wp-json\/wp\/v2\/media?parent=145315"}],"wp:term":[{"taxonomy":"category","embeddable":true,"href":"https:\/\/www.europesays.com\/es\/wp-json\/wp\/v2\/categories?post=145315"},{"taxonomy":"post_tag","embeddable":true,"href":"https:\/\/www.europesays.com\/es\/wp-json\/wp\/v2\/tags?post=145315"}],"curies":[{"name":"wp","href":"https:\/\/api.w.org\/{rel}","templated":true}]}}