{"id":145319,"date":"2025-09-29T00:12:15","date_gmt":"2025-09-29T00:12:15","guid":{"rendered":"https:\/\/www.europesays.com\/es\/145319\/"},"modified":"2025-09-29T00:12:15","modified_gmt":"2025-09-29T00:12:15","slug":"flick-lamine-yamal-volvera-a-competir-por-el-balon-de-oro-futbol-deportes","status":"publish","type":"post","link":"https:\/\/www.europesays.com\/es\/145319\/","title":{"rendered":"Flick: \u201cLamine Yamal volver\u00e1 a competir por el Bal\u00f3n de Oro\u201d | F\u00fatbol | Deportes"},"content":{"rendered":"<p class=\"\"><a href=\"https:\/\/elpais.com\/deportes\/futbol\/2025-09-21\/ferran-torres-lo-dije-siempre-puedo-ser-titular-en-el-barcelona.html\" target=\"_blank\" rel=\"noreferrer nofollow noopener\" title=\"https:\/\/elpais.com\/deportes\/futbol\/2025-09-21\/ferran-torres-lo-dije-siempre-puedo-ser-titular-en-el-barcelona.html\">La idea de Hansi Flick<\/a> no sorprendi\u00f3 a sus jugadores. A algunos, en cambio, los irrit\u00f3. El preparador alem\u00e1n, en cualquier caso, se mantuvo fiel a su plan y, con el PSG en la mira, opt\u00f3 por hacer rotaciones sin importarle que el Barcelona se estuviera jugando el liderato de la tabla, tras la goleada del Atl\u00e9tico al Real el pasado s\u00e1bado.<\/p>\n<p class=\"\">Flick apost\u00f3 por Dro y Bardghji en lugar de<a href=\"https:\/\/elpais.com\/deportes\/eurocopa-futbol\/2024-07-08\/dani-olmo-mi-padre-me-enseno-a-leer-los-partidos.html\" target=\"_blank\" rel=\"noreferrer nofollow noopener\" title=\"https:\/\/elpais.com\/deportes\/eurocopa-futbol\/2024-07-08\/dani-olmo-mi-padre-me-enseno-a-leer-los-partidos.html\"> Dani Olmo y Lamine Yamal,<\/a> respectivamente. \u201cCuando el m\u00edster me dijo en el hotel que era titular, no me lo cre\u00eda. Ten\u00eda unos nervios&#8230; El debut oficial es algo \u00fanico y la primera vez es muy especial\u201d, coment\u00f3 Dro. \u201cEs un gran talento. Tiene las caracter\u00edsticas t\u00edpicas del Bar\u00e7a, el tipo de jugador que nos gusta. Maneja bien el bal\u00f3n y sabe qu\u00e9 hacer en el \u00faltimo tercio del campo. Adem\u00e1s, nos permite alternar con otros jugadores y darles descanso. Le ped\u00ed que diera lo mejor de s\u00ed mismo, y eso fue lo que quer\u00eda ver. Jug\u00f3 bien\u201d, explic\u00f3 Flick.<\/p>\n<p>M\u00e1s informaci\u00f3n<\/p>\n<p class=\"\">La ausencia de Lamine estaba calculada: el t\u00e9cnico ya le hab\u00eda anticipado durante la semana que jugar\u00eda unos 30 minutos frente a la Real. Olmo, por su parte, se enter\u00f3 cuando Flick dibuj\u00f3 el once en el entrenamiento del s\u00e1bado. Sin embargo, Flick cambi\u00f3 de planes con \u00e9l: Dro dur\u00f3 apenas 45 minutos en el campo. \u201cDani Olmo no ten\u00eda ning\u00fan problema f\u00edsico, pero quer\u00edamos dosificarlo para que est\u00e9 listo el mi\u00e9rcoles ante el PSG\u201d, aclar\u00f3 el t\u00e9cnico azulgrana. Con Lamine, en cambio, cumpli\u00f3 el plan. Y al 10 azulgrana le bastaron 30 segundos en el campo para mostrar toda su rabia por haberse quedado con la plata en el Bal\u00f3n de Oro.<\/p>\n<p class=\"\">\u201cSu sola presencia es una amenaza. Cuando coge el bal\u00f3n demuestra que es el mejor del mundo. Es un gusto ver a Lamine en el campo. Su entrada ha sido totalmente determinante\u201d, elogi\u00f3 Sergio Francisco, t\u00e9cnico de la Real Sociedad. \u201cMuy contento por su regreso, porque lo vamos a necesitar\u201d, intervino Kound\u00e9. Y Flick se explay\u00f3: \u201cLamine volver\u00e1 a competir por el Bal\u00f3n de Oro la pr\u00f3xima temporada. Sabemos que es importante para cualquier jugador, y \u00e9l dar\u00e1 lo mejor de s\u00ed mismo. Es espl\u00e9ndido tenerlo de vuelta. Todo el mundo ha podido ver lo bueno que es\u201d.<\/p>\n<p class=\"\">El preparador del Barcelona elogi\u00f3 a Lamine, como siempre, pero tambi\u00e9n quiso destacar al resto de la plantilla. \u201cTodo el equipo ha hecho un gran trabajo. Desde el \u00faltimo partido hemos tenido 68 horas de descanso y es incre\u00edble que todos los jugadores est\u00e9n dando su mejor versi\u00f3n. Nuestro objetivo era conseguir los tres puntos hoy. Jugamos contra un gran equipo, me gusta su estilo de juego. Fue un partido dif\u00edcil, pero creo que la victoria fue merecida. Falta poco para el pr\u00f3ximo partido y estoy muy orgulloso de la actuaci\u00f3n de mis jugadores\u201d, concluy\u00f3 Flick. El mi\u00e9rcoles, frente al PSG, ya no habr\u00e1 sorpresas en el once, ni para la afici\u00f3n ni para sus jugadores.<\/p>\n","protected":false},"excerpt":{"rendered":"La idea de Hansi Flick no sorprendi\u00f3 a sus jugadores. A algunos, en cambio, los irrit\u00f3. El preparador&hellip;\n","protected":false},"author":2,"featured_media":145320,"comment_status":"","ping_status":"","sticky":false,"template":"","format":"standard","meta":{"footnotes":""},"categories":[93],"tags":[1540,168,1539,25,24,881,282,1538,1210,8138,7209,23,167],"class_list":{"0":"post-145319","1":"post","2":"type-post","3":"status-publish","4":"format-standard","5":"has-post-thumbnail","7":"category-deportes","8":"tag-competiciones","9":"tag-deportes","10":"tag-entrenadores","11":"tag-es","12":"tag-espana","13":"tag-fc-barcelona","14":"tag-futbol","15":"tag-futbolistas","16":"tag-laliga-ea-sports","17":"tag-lamine-yamal","18":"tag-real-sociedad","19":"tag-spain","20":"tag-sports"},"share_on_mastodon":{"url":"","error":""},"_links":{"self":[{"href":"https:\/\/www.europesays.com\/es\/wp-json\/wp\/v2\/posts\/145319","targetHints":{"allow":["GET"]}}],"collection":[{"href":"https:\/\/www.europesays.com\/es\/wp-json\/wp\/v2\/posts"}],"about":[{"href":"https:\/\/www.europesays.com\/es\/wp-json\/wp\/v2\/types\/post"}],"author":[{"embeddable":true,"href":"https:\/\/www.europesays.com\/es\/wp-json\/wp\/v2\/users\/2"}],"replies":[{"embeddable":true,"href":"https:\/\/www.europesays.com\/es\/wp-json\/wp\/v2\/comments?post=145319"}],"version-history":[{"count":0,"href":"https:\/\/www.europesays.com\/es\/wp-json\/wp\/v2\/posts\/145319\/revisions"}],"wp:featuredmedia":[{"embeddable":true,"href":"https:\/\/www.europesays.com\/es\/wp-json\/wp\/v2\/media\/145320"}],"wp:attachment":[{"href":"https:\/\/www.europesays.com\/es\/wp-json\/wp\/v2\/media?parent=145319"}],"wp:term":[{"taxonomy":"category","embeddable":true,"href":"https:\/\/www.europesays.com\/es\/wp-json\/wp\/v2\/categories?post=145319"},{"taxonomy":"post_tag","embeddable":true,"href":"https:\/\/www.europesays.com\/es\/wp-json\/wp\/v2\/tags?post=145319"}],"curies":[{"name":"wp","href":"https:\/\/api.w.org\/{rel}","templated":true}]}}