{"id":145410,"date":"2025-09-29T01:21:20","date_gmt":"2025-09-29T01:21:20","guid":{"rendered":"https:\/\/www.europesays.com\/es\/145410\/"},"modified":"2025-09-29T01:21:20","modified_gmt":"2025-09-29T01:21:20","slug":"un-muy-buena-real-cae-en-montjuic","status":"publish","type":"post","link":"https:\/\/www.europesays.com\/es\/145410\/","title":{"rendered":"Un muy buena Real cae en Montjuic"},"content":{"rendered":"<p>La Real ha completado un notable partido, pero se vuelve de vac\u00edo de Barcelona. A pesar de ponerse por delante en el marcador, los locales han conseguido voltear el resultado ante un equipo que se ha mostrado s\u00f3lido, atrevido y que no ha estado lejos de poder sacar un resultado positivo de Montjuic.\u00a0<\/p>\n<p>La Real ha comenzado el partido muy bien asentada en el terreno de juego. Mucho trabajo colectivo en defensa que ha impedido a los locales tener la claridad habitual arriba. Un disparo de Rashford que ha repelido Remiro ha precedido al tanto txuri urdin. Barrene ha desbordado a Kound\u00e9 y su centro lo ha rematado a la red Odriozola, que se hab\u00eda sumado al ataque en la acci\u00f3n. En el tramo final de la primera parte los blaugrana han apretado y Remiro ha tenido que intervenir en tres ocasiones magistrales, pero no ha podido hacer nada en un cabezazo de Kound\u00e9 que ha significado el empate justo antes del descanso.<\/p>\n<p>El inicio del segundo tiempo ha sido esperanzador, con dos centros laterales peligros\u00edsimos que no han encontrado rematador. Pero el Bar\u00e7a, con el reci\u00e9n incorporado Lamine, ha golpeado con el tanto de Lewandowski. Los de Sergio se han rehecho bien y han gozado de opciones para igualar, como una de Oyarzabal en la que el control del capit\u00e1n le ha impedido rematar con mayor claridad. En los \u00faltimos minutos la Real ha estado muy cerca de igualar, pero el disparo de Kubo se ha ido al travesa\u00f1o. El empate ha estado ah\u00ed. En la contra de esa misma jugada, los locales tambi\u00e9n se han topado con la madera.<\/p>\n<p>La Real ha ca\u00eddo, s\u00ed, pero ha estado realmente cerca de puntuar. A pesar de la derrota los realistas deben extraer conclusiones muy positivas de este partido. Es el camino.<\/p>\n<p><b>Ficha t\u00e9cnica:<\/b><\/p>\n<p><b>FC Barcelona<\/b>: Szczesny, Kound\u00e9, Ara\u00fajo, Christensen, Gerard Mart\u00edn (Eric, min.78), De Jong (cap), Pedri (Casad\u00f3, min.94), Dro (Olmo, min.46), Bardghji (Lamine, min.58), Rashford (Ferr\u00e1n, min.78) y Lewandowski.<\/p>\n<p><b>Real Sociedad<\/b>: Remiro, Odriozola (Sergio G\u00f3mez, min.61), Zubeldia, \u0106aleta-Car, Zubeldia, Aihen, Gorrotxa, Turrientes (Soler, min.66), Mar\u00edn (Brais M\u00e9ndez, min.66), Guedes (Take, min.57), Barrene (Sadiq, min.81) y Oyarzabal (cap).<\/p>\n<p><b>Goles<\/b>: 0-1: Odriozola, min.31. 1-1: Kound\u00e9, min.43. 2-1: Lewandowski, min.59.<\/p>\n<p><b>\u00c1rbitro<\/b>: Alejandro Hern\u00e1ndez. Ha amonestado al local Kound\u00e9 y a los visitantes Zubeldia y \u0106aleta-Car. <\/p>\n","protected":false},"excerpt":{"rendered":"La Real ha completado un notable partido, pero se vuelve de vac\u00edo de Barcelona. A pesar de ponerse&hellip;\n","protected":false},"author":2,"featured_media":145411,"comment_status":"","ping_status":"","sticky":false,"template":"","format":"standard","meta":{"footnotes":""},"categories":[93],"tags":[168,25,24,282,1044,798,492,23,167],"class_list":{"0":"post-145410","1":"post","2":"type-post","3":"status-publish","4":"format-standard","5":"has-post-thumbnail","7":"category-deportes","8":"tag-deportes","9":"tag-es","10":"tag-espana","11":"tag-futbol","12":"tag-liga","13":"tag-real","14":"tag-sociedad","15":"tag-spain","16":"tag-sports"},"share_on_mastodon":{"url":"","error":""},"_links":{"self":[{"href":"https:\/\/www.europesays.com\/es\/wp-json\/wp\/v2\/posts\/145410","targetHints":{"allow":["GET"]}}],"collection":[{"href":"https:\/\/www.europesays.com\/es\/wp-json\/wp\/v2\/posts"}],"about":[{"href":"https:\/\/www.europesays.com\/es\/wp-json\/wp\/v2\/types\/post"}],"author":[{"embeddable":true,"href":"https:\/\/www.europesays.com\/es\/wp-json\/wp\/v2\/users\/2"}],"replies":[{"embeddable":true,"href":"https:\/\/www.europesays.com\/es\/wp-json\/wp\/v2\/comments?post=145410"}],"version-history":[{"count":0,"href":"https:\/\/www.europesays.com\/es\/wp-json\/wp\/v2\/posts\/145410\/revisions"}],"wp:featuredmedia":[{"embeddable":true,"href":"https:\/\/www.europesays.com\/es\/wp-json\/wp\/v2\/media\/145411"}],"wp:attachment":[{"href":"https:\/\/www.europesays.com\/es\/wp-json\/wp\/v2\/media?parent=145410"}],"wp:term":[{"taxonomy":"category","embeddable":true,"href":"https:\/\/www.europesays.com\/es\/wp-json\/wp\/v2\/categories?post=145410"},{"taxonomy":"post_tag","embeddable":true,"href":"https:\/\/www.europesays.com\/es\/wp-json\/wp\/v2\/tags?post=145410"}],"curies":[{"name":"wp","href":"https:\/\/api.w.org\/{rel}","templated":true}]}}