{"id":145412,"date":"2025-09-29T01:22:16","date_gmt":"2025-09-29T01:22:16","guid":{"rendered":"https:\/\/www.europesays.com\/es\/145412\/"},"modified":"2025-09-29T01:22:16","modified_gmt":"2025-09-29T01:22:16","slug":"huc-rehabilitacion-cardiaca-una-unidad-de-excelencia-la-sociedad-espanola-de-cardiologia-reconoce-la-calidad-de-estos-servicios-del-huc","status":"publish","type":"post","link":"https:\/\/www.europesays.com\/es\/145412\/","title":{"rendered":"HUC REHABILITACI\u00d3N CARDIACA | Una unidad de excelencia: la Sociedad Espa\u00f1ola de Cardiolog\u00eda reconoce la calidad de estos servicios del HUC"},"content":{"rendered":"<p class=\"ft-text ft-helper-closenews\">La<strong> Unidad de Rehabilitaci\u00f3n Cardiaca<\/strong> del Complejo Hospitalario Universitario de Canarias (<a class=\"ft-link ft-link--decoration\" href=\"https:\/\/www.eldia.es\/sociedad\/2025\/09\/22\/trabas-disminuir-espera-rehabilitacion-huc-121834385.html\" rel=\"nofollow noopener\" target=\"_blank\">HUC<\/a>) presta servicios \u00abexcelentes\u00bb. Tan es as\u00ed que la <strong>Sociedad Espa\u00f1ola de Cardiolog\u00eda (SEC)<\/strong> le ha <strong>otorgado <\/strong>recientemente la <strong>acreditaci\u00f3n SEC-Excelente<\/strong>. Se trata de un<strong> reconocimiento oficial<\/strong> que atribuye la entidad a aquellas unidades que alcanzan<strong> niveles extraordinarios<\/strong> y<strong> contribuyen a una atenci\u00f3n sanitaria m\u00e1s eficaz, segura <\/strong>y centrada en el paciente \u2014gracias a la calidad de los servicios prestados\u2014. Oficialmente, el equipo recibir\u00e1 el diploma acreditativo el pr\u00f3ximo 24 de octubre, en una celebraci\u00f3n anual que, en esta ocasi\u00f3n, tendr\u00e1 lugar en Granada. Es un reconocimiento que coincide con la celebraci\u00f3n, este lunes 29 de septiembre, del D\u00eda Mundial del Coraz\u00f3n.<\/p>\n<p class=\"ft-text\">La <strong>unidad <\/strong>est\u00e1 <strong>formada <\/strong>por un <strong>equipo multidisciplinar<\/strong> y completo. Adem\u00e1s de disponer de una <a class=\"ft-link ft-link--decoration\" href=\"https:\/\/www.eldia.es\/la-palma\/2021\/03\/06\/200-sanitarios-apoyan-medica-ejerce-38741860.html\" rel=\"nofollow noopener\" target=\"_blank\">cardi\u00f3loga<\/a>, un <strong>m\u00e9dico rehabilitador<\/strong>, una <strong>enfermera <\/strong>y una <strong>fisioterapeuta <\/strong>\u2014que es lo b\u00e1sico para componer una unidad de este tipo\u2014, el equipo suma una <strong>auxiliar de enfermer\u00eda<\/strong> a tiempo parcial, un <strong>psic\u00f3logo <\/strong>y una <strong>trabajadora social<\/strong>. \u00abEl <strong>objetivo <\/strong>de la rehabilitaci\u00f3n cardiaca es <strong>modificar<\/strong> fundamentalmente <strong>el estilo de vida de los pacientes que se han sometido a una intervenci\u00f3n cardiovascular<\/strong>, intentando <strong>evitar la aparici\u00f3n de factores de riesgo<\/strong> o si ya los tienen, mantenerlos controlados\u00bb, indica Idaira Hern\u00e1ndez, cardi\u00f3loga y coordinadora de la unidad. Adem\u00e1s,<strong> fomentan un estilo de vida saludable.<\/strong> \u00abEso significa dejar h\u00e1bitos t\u00f3xicos, cuidar la alimentaci\u00f3n e implementar ejercicio f\u00edsico\u00bb, agrega.<\/p>\n<p>Pacientes<\/p>\n<p class=\"ft-text\">Aunque el reconocimiento de la SEC no es la \u00fanica valoraci\u00f3n positiva que reciben estos servicios. Pacientes como D\u00e1cil Robayna opinan que es una <strong>suerte contar con una unidad de este calibre<\/strong>. Ella se someti\u00f3 a una operaci\u00f3n de <a class=\"ft-link ft-link--decoration\" href=\"https:\/\/www.eldia.es\/videos\/sociedad\/2024\/04\/22\/operacion-corazon-abierto-101400975.html\" rel=\"nofollow noopener\" target=\"_blank\"><strong>coraz\u00f3n abierto<\/strong><\/a><strong> <\/strong>por un problema cong\u00e9nito y ahora acude con frecuencia para retomar su vida de antes . \u00abMe siento una <strong>privilegiada <\/strong>por haber podido contar con este equipo. Me han <strong>ayudado f\u00edsica y emocionalmente<\/strong> a <strong>empezar de nuevo con mi vida<\/strong> y para m\u00ed eso ha sido <strong>imprescindible<\/strong>\u00ab, a\u00f1ade.<\/p>\n<p class=\"ft-text\">Los pacientes que acuden a este servicio suelen ser <strong>personas con cardiopat\u00eda isqu\u00e9mica<\/strong>, una enfermedad que <strong>afecta a las arterias del coraz\u00f3n y las obstruye<\/strong>. \u00abEsta patolog\u00eda va evolucionando con el paso de los a\u00f1os y el crecimiento de esa placa que atasca las arterias se ve favorecido por determinados factores\u00bb, detalla la cardi\u00f3loga. Esos<a class=\"ft-link ft-link--decoration\" href=\"https:\/\/www.eldia.es\/sociedad\/2025\/08\/13\/ola-de-calor-valencia-acumulacion-noches-torridas-eleva-riesgo-salud-personas-120610051.html\" rel=\"nofollow noopener\" target=\"_blank\"> factores de riesgo<\/a> son el <strong>tabaco, el sedentarismo, la obesidad y sobrepeso, el colesterol y la diabetes.<\/strong> \u00abLa buena noticia es que<strong> se puede controlar y modificar <\/strong>a trav\u00e9s de tratamiento y h\u00e1bitos saludables\u00bb, recuerda Hern\u00e1ndez. No obstante, advierte que<strong> hay factores gen\u00e9ticos<\/strong> que intervienen. Tambi\u00e9n tratan otras enfermedades como el s\u00edndrome de insuficiencia card\u00edaca o\u00a0a pacientes\u00a0operados por dificultades en v\u00e1lvulas del coraz\u00f3n, entre otras muchas circunstancias.<\/p>\n<p>Proceso<\/p>\n<p class=\"ft-text\">El proceso al que se somete el paciente cuando ingresa en rehabilitaci\u00f3n cardiaca se divide en <strong>tres fases<\/strong>. En la <strong>primera<\/strong>, la <strong>persona <\/strong>se encuentra <strong>hospitalizada <\/strong>tras haber sufrido alguna complicaci\u00f3n cardiovascular y es el cardi\u00f3logo el que emite una interconsulta. As\u00ed, la <strong>enfermera <\/strong>Miriam Dorta y la <a class=\"ft-link ft-link--decoration\" href=\"https:\/\/www.eldia.es\/sociedad\/2025\/09\/22\/satse-denuncia-peores-condiciones-fisioterapeutas-tenerife-atencion-primaria-121834324.html\" rel=\"nofollow noopener\" target=\"_blank\">fisioterapeuta <\/a>Gloria Mesa son las encargadas de<strong> valorar al paciente en planta<\/strong> y tener esa primera toma de contacto. \u00abAnalizamos qu\u00e9 factores de riesgo cardiovascular puede presentar, le <strong>ofrecemos nuestro programa<\/strong> y vemos si est\u00e1 interesado en participar\u00bb, cuenta Dorta. Una vez que ellas consideran que es apto para recibir los servicios, pasa a disposici\u00f3n de la unidad. Aunque no siempre se trata de un proceso lineal. \u00abHay veces que el paciente no est\u00e1 seguro o presenta unas condiciones espec\u00edficas y,<strong> en funci\u00f3n de cada caso, podemos derivarlo directamente al psic\u00f3logo<\/strong>\u00ab, matiza la enfermera. Es el caso de <strong>aquellas personas con problemas de tabaquismo<\/strong> o toxicidad alcoh\u00f3lica.<\/p>\n<p class=\"ft-text\">\u00abDesde el<strong> punto de vista <\/strong><a class=\"ft-link ft-link--decoration\" href=\"https:\/\/www.eldia.es\/sociedad\/2025\/08\/26\/fisioterapia-cancer-infantil-prevencion-secuelas-mejora-recuperacion-hospitales-cataluna-120960625.html\" rel=\"nofollow noopener\" target=\"_blank\">fisioterap\u00e9utico<\/a>, tambi\u00e9n <strong>hay personas<\/strong> que presentan <strong>limitaciones articulares, musculares o neurol\u00f3gicas<\/strong> que les impiden hacer alg\u00fan ejercicio y es <strong>mejor derivarlos<\/strong> directamente <strong>al m\u00e9dico rehabilitador<\/strong> \u2014que se encarga de hacer una exploraci\u00f3n m\u00e1s exhaustiva\u2014\u00bb, agrega Mesa. La sanitaria valora aspectos como el equilibrio y la fuerza para comprobar que no hay ninguna anomal\u00eda que impida al paciente acudir a la segunda fase. \u00abLo m\u00e1s importante es ver que va a funcionar mejor para que el paciente tenga una buena adherencia y proceder seg\u00fan las circunstancias\u00bb, confiesa. En cualquier caso, <strong>los pacientes siempre reciben pautas sobre c\u00f3mo llevar la situaci\u00f3n posterior a su ingreso.<\/strong> Pues en esa primera fase, las profesionales les <strong>aconsejan <\/strong>sobre el <strong>manejo de los factores de riesgo, la toma de medicaci\u00f3n y el ejercicio f\u00edsico<\/strong> como el elemento fundamental.<\/p>\n<p class=\"ft-text\">Antes de comenzar la segunda fase, los <strong>pacientes <\/strong>regresan un <strong>mes <\/strong>a <strong>casa <\/strong>para poner en pr\u00e1ctica esos consejos y conseguir, poco a poco, una mejora. Cuando se cumple ese plazo, se someten a una <strong>prueba de esfuerzo<\/strong> para <strong>conocer su capacidad funcional<\/strong>. \u00abAs\u00ed podemos <strong>ver su nivel<\/strong> de riesgo (bajo, medio o alto) y adaptar la rehabilitaci\u00f3n a su condici\u00f3n\u00bb, explica Mesa. Y ya metidos en esa <strong>segunda fase<\/strong>, deben <strong>acudir <\/strong>de forma <strong>presencial <\/strong>al hospital. \u00abDependiendo de cada caso, realizar\u00e1n m\u00e1s o menos sesiones de <strong>ejercicio monitorizado<\/strong> y controlado\u00bb, cuenta la enfermera. Y a\u00f1ade que tambi\u00e9n reciben <strong>sesiones educativas<\/strong> sobre los beneficios del bienestar f\u00edsico y el manejo de los factores de riesgo.<\/p>\n<p>Fuera de lo f\u00edsico<\/p>\n<p class=\"ft-text\">La unidad tambi\u00e9n presta especial atenci\u00f3n a <strong>aspectos<\/strong> que van <strong>m\u00e1s all\u00e1 de lo f\u00edsico<\/strong>. En este sentido, la <strong>trabajadora social<\/strong> Montserrat Torres se encarga de citar a cada paciente y <strong>valorar su situaci\u00f3n econ\u00f3mica, social y familiar.<\/strong> \u00abEn caso de que necesiten orientaci\u00f3n, ya sea para tramitar un grado de discapacidad o cuestiones relacionadas con la incapacidad laboral, le ayudamos\u00bb, aclara. Adem\u00e1s, en aquellos casos en los que la <strong>situaci\u00f3n econ\u00f3mica <\/strong>es especialmente <strong>vulnerable <\/strong>y el paciente requiere de <strong>medicaci\u00f3n<\/strong>, se <strong>coordinan <\/strong>con los <a class=\"ft-link ft-link--decoration\" href=\"https:\/\/www.eldia.es\/la-laguna\/2025\/08\/19\/laguna-celebrara-noviembre-congreso-nacional-120730294.html\" rel=\"nofollow noopener\" target=\"_blank\"><strong>servicios sociales<\/strong><\/a><strong> <\/strong>de la zona para garantizar esa ayuda.<\/p>\n<p class=\"ft-text\">Por su parte, el <strong>psic\u00f3logo <\/strong>cl\u00ednico Jos\u00e9 Mar\u00eda Pereira <strong>se encarga de los factores psicosociales y emocionales<\/strong> que acarrean las patolog\u00edas cardiacas. Adem\u00e1s del ejercicio f\u00edsico y educacional, los pacientes reciben <strong>sesiones terap\u00e9uticas<\/strong>. \u00abYo trato a los pacientes individualmente y en grupo. La idea es que <strong>aprendan a gestionar esas emociones negativas de la enfermedad<\/strong>, ya que el ingreso en un hospital por patolog\u00edas de este tipo puede ser muy traum\u00e1tico\u00bb, se\u00f1ala. En este contexto, las <strong>terapias grupales<\/strong>, seg\u00fan cuenta, se presentan como una <strong>herramienta<\/strong> fundamental para que establezcan un <strong>v\u00ednculo entre iguales<\/strong>. \u00abAdem\u00e1s, con las sesiones individuales tengo la oportunidad de evaluar a cada persona y, en aquellos casos en los que las emociones negativas persisten o les resulta complejo dejar h\u00e1bitos t\u00f3xicos, los derivo a Salud Mental\u00bb, matiza.<\/p>\n<p class=\"ft-text\">Cuando el paciente completa todas sus sesiones, el <strong>proceso de rehabilitaci\u00f3n cardiaca llega a su fin y se somete a una \u00faltima prueba <\/strong>para evaluar su progreso. \u00abLa idea es que pongan en <strong>pr\u00e1ctica <\/strong>los <strong>conocimientos adquiridos <\/strong>en esa <strong>tercera fase<\/strong>, que es la vuelta a rutina, y puedan disfrutar de su vida con normalidad. Igual que antes del ingreso o incluso mejor, gracias a la incorporaci\u00f3n de los h\u00e1bitos saludables\u00bb, concluye la cardi\u00f3loga y coordinadora de esta<strong> excelente unidad<\/strong>.<\/p>\n<p data-close=\"closedContent\" class=\"subscribeHideForDisplay\">Suscr\u00edbete para seguir leyendo<\/p>\n","protected":false},"excerpt":{"rendered":"La Unidad de Rehabilitaci\u00f3n Cardiaca del Complejo Hospitalario Universitario de Canarias (HUC) presta servicios \u00abexcelentes\u00bb. Tan es as\u00ed&hellip;\n","protected":false},"author":2,"featured_media":145413,"comment_status":"","ping_status":"","sticky":false,"template":"","format":"standard","meta":{"footnotes":""},"categories":[92],"tags":[679,4835,1507,25,24,2501,7900,14964,165,44768,5699,166,492,23,18472],"class_list":{"0":"post-145412","1":"post","2":"type-post","3":"status-publish","4":"format-standard","5":"has-post-thumbnail","7":"category-salud","8":"tag-cardiologia","9":"tag-corazon","10":"tag-ejercicio-fisico","11":"tag-es","12":"tag-espana","13":"tag-espanola","14":"tag-estilo-de-vida","15":"tag-excelencia","16":"tag-health","17":"tag-huc","18":"tag-rehabilitacion","19":"tag-salud","20":"tag-sociedad","21":"tag-spain","22":"tag-unidad"},"share_on_mastodon":{"url":"","error":""},"_links":{"self":[{"href":"https:\/\/www.europesays.com\/es\/wp-json\/wp\/v2\/posts\/145412","targetHints":{"allow":["GET"]}}],"collection":[{"href":"https:\/\/www.europesays.com\/es\/wp-json\/wp\/v2\/posts"}],"about":[{"href":"https:\/\/www.europesays.com\/es\/wp-json\/wp\/v2\/types\/post"}],"author":[{"embeddable":true,"href":"https:\/\/www.europesays.com\/es\/wp-json\/wp\/v2\/users\/2"}],"replies":[{"embeddable":true,"href":"https:\/\/www.europesays.com\/es\/wp-json\/wp\/v2\/comments?post=145412"}],"version-history":[{"count":0,"href":"https:\/\/www.europesays.com\/es\/wp-json\/wp\/v2\/posts\/145412\/revisions"}],"wp:featuredmedia":[{"embeddable":true,"href":"https:\/\/www.europesays.com\/es\/wp-json\/wp\/v2\/media\/145413"}],"wp:attachment":[{"href":"https:\/\/www.europesays.com\/es\/wp-json\/wp\/v2\/media?parent=145412"}],"wp:term":[{"taxonomy":"category","embeddable":true,"href":"https:\/\/www.europesays.com\/es\/wp-json\/wp\/v2\/categories?post=145412"},{"taxonomy":"post_tag","embeddable":true,"href":"https:\/\/www.europesays.com\/es\/wp-json\/wp\/v2\/tags?post=145412"}],"curies":[{"name":"wp","href":"https:\/\/api.w.org\/{rel}","templated":true}]}}