{"id":145420,"date":"2025-09-29T01:26:10","date_gmt":"2025-09-29T01:26:10","guid":{"rendered":"https:\/\/www.europesays.com\/es\/145420\/"},"modified":"2025-09-29T01:26:10","modified_gmt":"2025-09-29T01:26:10","slug":"una-enfermera-encadena-bajas-de-maternidad-falsas-durante-nueve-anos-para-trabajar-solo-seis-dias","status":"publish","type":"post","link":"https:\/\/www.europesays.com\/es\/145420\/","title":{"rendered":"Una enfermera encadena bajas de maternidad falsas durante nueve a\u00f1os para trabajar solo seis d\u00edas"},"content":{"rendered":"<p><a class=\"v-mdl-ath__fig-a\" href=\"https:\/\/www.elcorreo.com\/autor\/johana-gil-6178.html\" title=\"Johana Gil\" rel=\"nofollow noopener\" target=\"_blank\"><br \/>\n<img decoding=\"async\" class=\"v-mdl-ath__img\" src=\"https:\/\/www.europesays.com\/es\/wp-content\/uploads\/2025\/09\/1759109170_343_autor-6178-foto-2.jpeg\" alt=\"Johana Gil\"\/><br \/>\n<\/a><\/p>\n<p class=\"v-mdl-ath__p v-mdl-ath__p--6\">\nDomingo, 28 de septiembre 2025, 16:22<\/p>\n<p class=\"v-p\">Una enfermera ha burlado durante nueve a\u00f1os todos los controles internos de su empresa en Italia y ha cobrado su salario sin apenas presentarse a trabajar. Solo acudi\u00f3 seis d\u00edas a su puesto desde 2014, mientras acumulaba bajas m\u00e9dicas falsas, incluyendo dos embarazos simulados. El caso ha desatado la pol\u00e9mica en el sistema sanitario del pa\u00eds.<\/p>\n<p class=\"v-p\">La empleada del hospital Policl\u00ednico Sant&#8217;Orsola de Bolonia habr\u00eda presentado hasta 56 bajas m\u00e9dicas fraudulentas, seg\u00fan la investigaci\u00f3n judicial. Entre las excusas utilizadas figura una dermatitis de contacto atribuida a productos de limpieza, as\u00ed como dos embarazos irreales. Para estos \u00faltimos, lleg\u00f3 a contar con la colaboraci\u00f3n de m\u00e9dicos que emitieron certificados acreditando que se trataba de gestaciones de alto riesgo. Gracias a esos documentos, la enfermera obtuvo, adem\u00e1s, mejoras fiscales y derechos ligados a la negociaci\u00f3n colectiva.<\/p>\n<p class=\"v-p\">Los tribunales italianos han condenado ahora a la trabajadora a abonar una indemnizaci\u00f3n total de 129.370 euros. La cifra incluye 69.370 euros correspondientes a los salarios y beneficios percibidos de forma il\u00edcita, y otros 60.000 euros en concepto de da\u00f1os a la imagen de la empresa.<\/p>\n<p class=\"v-p\">La indignaci\u00f3n en el sector se ha sentido especialmente entre los profesionales que cumplen con sus responsabilidades sin acceder a privilegios indebidos. Las directivas de los centros hospitalarios subrayan la necesidad de reforzar los mecanismos de control tanto en la sanidad p\u00fablica como en la privada, para evitar que situaciones de este tipo se repitan.<\/p>\n<p>Comenta<\/p>\n<p>Reporta un error<\/p>\n","protected":false},"excerpt":{"rendered":"Domingo, 28 de septiembre 2025, 16:22 Una enfermera ha burlado durante nueve a\u00f1os todos los controles internos de&hellip;\n","protected":false},"author":2,"featured_media":145421,"comment_status":"","ping_status":"","sticky":false,"template":"","format":"standard","meta":{"footnotes":""},"categories":[42],"tags":[988,8917,17,18,960,29914,44770,29501,13,14,11,61,62,63,64,19,20,1913,9,10,15,16,6983,1139,1138,12,4710,21,22,65,66,67],"class_list":{"0":"post-145420","1":"post","2":"type-post","3":"status-publish","4":"format-standard","5":"has-post-thumbnail","7":"category-internacional","8":"tag-anos","9":"tag-bajas","10":"tag-breaking-news","11":"tag-breakingnews","12":"tag-dias","13":"tag-encadena","14":"tag-enfermera","15":"tag-falsas","16":"tag-featured-news","17":"tag-featurednews","18":"tag-headlines","19":"tag-internacional","20":"tag-international","21":"tag-international-news","22":"tag-internationalnews","23":"tag-latest-news","24":"tag-latestnews","25":"tag-maternidad","26":"tag-news","27":"tag-noticias","28":"tag-noticias-destacadas","29":"tag-noticiasdestacadas","30":"tag-nueve","31":"tag-seis","32":"tag-solo","33":"tag-titulares","34":"tag-trabajar","35":"tag-ultimas-noticias","36":"tag-ultimasnoticias","37":"tag-world","38":"tag-world-news","39":"tag-worldnews"},"share_on_mastodon":{"url":"","error":""},"_links":{"self":[{"href":"https:\/\/www.europesays.com\/es\/wp-json\/wp\/v2\/posts\/145420","targetHints":{"allow":["GET"]}}],"collection":[{"href":"https:\/\/www.europesays.com\/es\/wp-json\/wp\/v2\/posts"}],"about":[{"href":"https:\/\/www.europesays.com\/es\/wp-json\/wp\/v2\/types\/post"}],"author":[{"embeddable":true,"href":"https:\/\/www.europesays.com\/es\/wp-json\/wp\/v2\/users\/2"}],"replies":[{"embeddable":true,"href":"https:\/\/www.europesays.com\/es\/wp-json\/wp\/v2\/comments?post=145420"}],"version-history":[{"count":0,"href":"https:\/\/www.europesays.com\/es\/wp-json\/wp\/v2\/posts\/145420\/revisions"}],"wp:featuredmedia":[{"embeddable":true,"href":"https:\/\/www.europesays.com\/es\/wp-json\/wp\/v2\/media\/145421"}],"wp:attachment":[{"href":"https:\/\/www.europesays.com\/es\/wp-json\/wp\/v2\/media?parent=145420"}],"wp:term":[{"taxonomy":"category","embeddable":true,"href":"https:\/\/www.europesays.com\/es\/wp-json\/wp\/v2\/categories?post=145420"},{"taxonomy":"post_tag","embeddable":true,"href":"https:\/\/www.europesays.com\/es\/wp-json\/wp\/v2\/tags?post=145420"}],"curies":[{"name":"wp","href":"https:\/\/api.w.org\/{rel}","templated":true}]}}