{"id":145422,"date":"2025-09-29T01:27:13","date_gmt":"2025-09-29T01:27:13","guid":{"rendered":"https:\/\/www.europesays.com\/es\/145422\/"},"modified":"2025-09-29T01:27:13","modified_gmt":"2025-09-29T01:27:13","slug":"la-surrealista-pelea-de-dos-mujeres-entre-escobas-y-gas-pimienta-en-ourense-se-vuelve-viral-no-paro-de-reir","status":"publish","type":"post","link":"https:\/\/www.europesays.com\/es\/145422\/","title":{"rendered":"La surrealista pelea de dos mujeres entre escobas y gas pimienta en Ourense se vuelve viral: \u00abNo paro de re\u00edr\u00bb"},"content":{"rendered":"<p class=\"paragraph-atom &#10;        B-500-500-700-N B-600-500-700-N--md  \">Un <a href=\"https:\/\/www.laregion.es\/temas\/redes-sociales\/\" rel=\"nofollow noopener\" target=\"_blank\">ins\u00f3lito v\u00eddeo<\/a> grabado en la <strong>Plaza de la Sal, en pleno casco hist\u00f3rico de Ourense<\/strong>, est\u00e1 arrasando en redes sociales. Un usuario pubic\u00f3 la grabaci\u00f3n, que ya cuenta con alrededor de 100.000 visualizaciones, en la que <strong>dos mujeres protagonizan una surrealista pelea en plena calle<\/strong>: una blande una <strong>escoba <\/strong>mientras la otra intenta defenderse con lo que parece ser un <strong>spray de gas pimienta<\/strong>.<\/p>\n<p class=\"paragraph-atom &#10;        B-500-500-700-N B-600-500-700-N--md  \">La mezcla de improvisados \u201carmas\u201d y el escenario cotidiano ha generado una avalancha de comentarios divertidos.<strong> \u201cEs buen\u00edsimo\u201d, \u201cnecesito parte 2\u201d o \u201cquiero el chisme completo\u201d<\/strong> son algunos de los mensajes m\u00e1s repetidos por los usuarios.<\/p>\n<p class=\"paragraph-atom &#10;        B-500-500-700-N B-600-500-700-N--md  \">Aunque se desconocen las causas del enfrentamiento, la pelea se ha convertido en un aut\u00e9ntico <strong>fen\u00f3meno viral<\/strong>.<\/p>\n<p>\n        Relacionado\n    <\/p>\n","protected":false},"excerpt":{"rendered":"Un ins\u00f3lito v\u00eddeo grabado en la Plaza de la Sal, en pleno casco hist\u00f3rico de Ourense, est\u00e1 arrasando&hellip;\n","protected":false},"author":2,"featured_media":145423,"comment_status":"","ping_status":"","sticky":false,"template":"","format":"standard","meta":{"footnotes":""},"categories":[8],"tags":[17,18,25,44771,24,13,14,4180,11,19,20,4044,9,10,15,16,3968,23,8083,12,21,22],"class_list":{"0":"post-145422","1":"post","2":"type-post","3":"status-publish","4":"format-standard","5":"has-post-thumbnail","7":"category-espana","8":"tag-breaking-news","9":"tag-breakingnews","10":"tag-es","11":"tag-escobas","12":"tag-espana","13":"tag-featured-news","14":"tag-featurednews","15":"tag-gas","16":"tag-headlines","17":"tag-latest-news","18":"tag-latestnews","19":"tag-mujeres","20":"tag-news","21":"tag-noticias","22":"tag-noticias-destacadas","23":"tag-noticiasdestacadas","24":"tag-pelea","25":"tag-spain","26":"tag-surrealista","27":"tag-titulares","28":"tag-ultimas-noticias","29":"tag-ultimasnoticias"},"share_on_mastodon":{"url":"","error":""},"_links":{"self":[{"href":"https:\/\/www.europesays.com\/es\/wp-json\/wp\/v2\/posts\/145422","targetHints":{"allow":["GET"]}}],"collection":[{"href":"https:\/\/www.europesays.com\/es\/wp-json\/wp\/v2\/posts"}],"about":[{"href":"https:\/\/www.europesays.com\/es\/wp-json\/wp\/v2\/types\/post"}],"author":[{"embeddable":true,"href":"https:\/\/www.europesays.com\/es\/wp-json\/wp\/v2\/users\/2"}],"replies":[{"embeddable":true,"href":"https:\/\/www.europesays.com\/es\/wp-json\/wp\/v2\/comments?post=145422"}],"version-history":[{"count":0,"href":"https:\/\/www.europesays.com\/es\/wp-json\/wp\/v2\/posts\/145422\/revisions"}],"wp:featuredmedia":[{"embeddable":true,"href":"https:\/\/www.europesays.com\/es\/wp-json\/wp\/v2\/media\/145423"}],"wp:attachment":[{"href":"https:\/\/www.europesays.com\/es\/wp-json\/wp\/v2\/media?parent=145422"}],"wp:term":[{"taxonomy":"category","embeddable":true,"href":"https:\/\/www.europesays.com\/es\/wp-json\/wp\/v2\/categories?post=145422"},{"taxonomy":"post_tag","embeddable":true,"href":"https:\/\/www.europesays.com\/es\/wp-json\/wp\/v2\/tags?post=145422"}],"curies":[{"name":"wp","href":"https:\/\/api.w.org\/{rel}","templated":true}]}}