{"id":145428,"date":"2025-09-29T01:30:13","date_gmt":"2025-09-29T01:30:13","guid":{"rendered":"https:\/\/www.europesays.com\/es\/145428\/"},"modified":"2025-09-29T01:30:13","modified_gmt":"2025-09-29T01:30:13","slug":"galeria-cientos-de-sorianos-acompanan-a-ruben-sanz-en-las-ventas","status":"publish","type":"post","link":"https:\/\/www.europesays.com\/es\/145428\/","title":{"rendered":"Galer\u00eda: Cientos de sorianos acompa\u00f1an a Rub\u00e9n Sanz en Las Ventas"},"content":{"rendered":"<p class=\"prip\">El matador soriano confirm\u00f3 su alternativa en Las Ventas en lo que fue un d\u00eda especial para \u00e9l y para quienes le quieren y valoran su toreo. Cientos de sorianos acudieron al tendido de una plaza de Las Ventas donde son\u00f3 La Compa, se vieron muchas caras reconocidas de la tauromaquia soriana y se apoy\u00f3 sin descanso al matador soriano. Rub\u00e9n no tuvo suerte con su lote ni tampoco con la espada. Aplausos y silencio. <a href=\"https:\/\/sorianoticias.com\/noticia\/2025-09-28-ruben-sanz-se-confirma-en-las-ventas-sin-toros-sin-estoque-y-con-prisas-125214\" target=\"_blank\" rel=\"noopener  noreferrer nofollow\" title=\"Ir a: https:\/\/sorianoticias.com\/noticia\/2025-09-28-ruben-sanz-se-confirma-en-las-ventas-sin-toros-sin-estoque-y-con-prisas-125214\">Cr\u00f3nica del Desaf\u00edo Ganadero de Las Ventas (28\/09\/2025) con Rub\u00e9n Sanz. <\/a><\/p>\n","protected":false},"excerpt":{"rendered":"El matador soriano confirm\u00f3 su alternativa en Las Ventas en lo que fue un d\u00eda especial para \u00e9l&hellip;\n","protected":false},"author":2,"featured_media":145429,"comment_status":"","ping_status":"","sticky":false,"template":"","format":"standard","meta":{"footnotes":""},"categories":[277],"tags":[373,7264,168,1819,1639,25,24,10,4069,246,23,167,374],"class_list":{"0":"post-145428","1":"post","2":"type-post","3":"status-publish","4":"format-standard","5":"has-post-thumbnail","7":"category-toreo","8":"tag-bullfighting","9":"tag-capital","10":"tag-deportes","11":"tag-diario","12":"tag-digital","13":"tag-es","14":"tag-espana","15":"tag-noticias","16":"tag-periodico","17":"tag-soria","18":"tag-spain","19":"tag-sports","20":"tag-toreo"},"share_on_mastodon":{"url":"","error":""},"_links":{"self":[{"href":"https:\/\/www.europesays.com\/es\/wp-json\/wp\/v2\/posts\/145428","targetHints":{"allow":["GET"]}}],"collection":[{"href":"https:\/\/www.europesays.com\/es\/wp-json\/wp\/v2\/posts"}],"about":[{"href":"https:\/\/www.europesays.com\/es\/wp-json\/wp\/v2\/types\/post"}],"author":[{"embeddable":true,"href":"https:\/\/www.europesays.com\/es\/wp-json\/wp\/v2\/users\/2"}],"replies":[{"embeddable":true,"href":"https:\/\/www.europesays.com\/es\/wp-json\/wp\/v2\/comments?post=145428"}],"version-history":[{"count":0,"href":"https:\/\/www.europesays.com\/es\/wp-json\/wp\/v2\/posts\/145428\/revisions"}],"wp:featuredmedia":[{"embeddable":true,"href":"https:\/\/www.europesays.com\/es\/wp-json\/wp\/v2\/media\/145429"}],"wp:attachment":[{"href":"https:\/\/www.europesays.com\/es\/wp-json\/wp\/v2\/media?parent=145428"}],"wp:term":[{"taxonomy":"category","embeddable":true,"href":"https:\/\/www.europesays.com\/es\/wp-json\/wp\/v2\/categories?post=145428"},{"taxonomy":"post_tag","embeddable":true,"href":"https:\/\/www.europesays.com\/es\/wp-json\/wp\/v2\/tags?post=145428"}],"curies":[{"name":"wp","href":"https:\/\/api.w.org\/{rel}","templated":true}]}}