{"id":145430,"date":"2025-09-29T01:35:22","date_gmt":"2025-09-29T01:35:22","guid":{"rendered":"https:\/\/www.europesays.com\/es\/145430\/"},"modified":"2025-09-29T01:35:22","modified_gmt":"2025-09-29T01:35:22","slug":"max-verstappen-se-hace-con-la-victoria-en-la-carrera-sprint-del-circuito-de-spa","status":"publish","type":"post","link":"https:\/\/www.europesays.com\/es\/145430\/","title":{"rendered":"Max Verstappen se hace con la victoria en la carrera sprint del circuito de Spa"},"content":{"rendered":"<p data-gtm-element-container=\"modulo-texto-link\" class=\"paragraph\">El cu\u00e1druple campe\u00f3n del mundo, Max Verstappen (Red Bull), gan\u00f3 este s\u00e1bado la prueba sprint del Gran Premio de B\u00e9lgica, el decimotercero del Mundial de F\u00f3rmula Uno, que se disput\u00f3 este s\u00e1bado en el circuito de Spa-Francorchamps. Los espa\u00f1oles Carlos Sainz (Williams) y el doble campe\u00f3n mundial Fernando Alonso (Aston Martin) concluyeron sexto y decimocuarto, respectivamente: las posiciones que ocupaban en parrilla.<\/p>\n<p data-gtm-element-container=\"modulo-texto-link\" class=\"paragraph\">Verstappen, de 27 a\u00f1os, se impuso por delante de los dos McLaren, el del australiano Oscar Piastri, l\u00edder del Mundial -que hab\u00eda arrancado primero-, y el del ingl\u00e9s Lando Norris (McLaren), que concluy\u00f3 tercero la prueba corta, disputada a quince vueltas -poco m\u00e1s de un tercio de la carrera dominical- y con un recorrido de 105 kil\u00f3metros.<\/p>\n<p data-gtm-element-container=\"modulo-texto-link\" class=\"paragraph\">El monegasco Charles Leclerc (Ferrari) concluy\u00f3 en cuarta posici\u00f3n, justo por delante del franc\u00e9s Esteban Ocon (Haas).<\/p>\n<p data-gtm-element-container=\"modulo-texto-link\" class=\"paragraph\">Sainz sum\u00f3 tres unidades al acabar sexto una prueba en la que puntuaron los mejores ocho y en la que tambi\u00e9n lo hicieron el ingl\u00e9s Oliver Bearman (Haas) y el franc\u00e9s Isack Hadjar (RB), en el tercero de los seis fines de semana del a\u00f1o con formato sprint.<\/p>\n<p data-gtm-element-container=\"modulo-texto-link\" class=\"paragraph\">La cronometrada principal, que ordenar\u00e1 la parrilla de salida de la carrera de este domingo, se disputar\u00e1 a partir de las cuatro de la tarde de este s\u00e1bado.<\/p>\n","protected":false},"excerpt":{"rendered":"El cu\u00e1druple campe\u00f3n del mundo, Max Verstappen (Red Bull), gan\u00f3 este s\u00e1bado la prueba sprint del Gran Premio&hellip;\n","protected":false},"author":2,"featured_media":145431,"comment_status":"","ping_status":"","sticky":false,"template":"","format":"standard","meta":{"footnotes":""},"categories":[270],"tags":[168,25,24,306,271,272,23,167],"class_list":{"0":"post-145430","1":"post","2":"type-post","3":"status-publish","4":"format-standard","5":"has-post-thumbnail","7":"category-formula-1","8":"tag-deportes","9":"tag-es","10":"tag-espana","11":"tag-f1","12":"tag-formula-1","13":"tag-formula1","14":"tag-spain","15":"tag-sports"},"share_on_mastodon":{"url":"","error":""},"_links":{"self":[{"href":"https:\/\/www.europesays.com\/es\/wp-json\/wp\/v2\/posts\/145430","targetHints":{"allow":["GET"]}}],"collection":[{"href":"https:\/\/www.europesays.com\/es\/wp-json\/wp\/v2\/posts"}],"about":[{"href":"https:\/\/www.europesays.com\/es\/wp-json\/wp\/v2\/types\/post"}],"author":[{"embeddable":true,"href":"https:\/\/www.europesays.com\/es\/wp-json\/wp\/v2\/users\/2"}],"replies":[{"embeddable":true,"href":"https:\/\/www.europesays.com\/es\/wp-json\/wp\/v2\/comments?post=145430"}],"version-history":[{"count":0,"href":"https:\/\/www.europesays.com\/es\/wp-json\/wp\/v2\/posts\/145430\/revisions"}],"wp:featuredmedia":[{"embeddable":true,"href":"https:\/\/www.europesays.com\/es\/wp-json\/wp\/v2\/media\/145431"}],"wp:attachment":[{"href":"https:\/\/www.europesays.com\/es\/wp-json\/wp\/v2\/media?parent=145430"}],"wp:term":[{"taxonomy":"category","embeddable":true,"href":"https:\/\/www.europesays.com\/es\/wp-json\/wp\/v2\/categories?post=145430"},{"taxonomy":"post_tag","embeddable":true,"href":"https:\/\/www.europesays.com\/es\/wp-json\/wp\/v2\/tags?post=145430"}],"curies":[{"name":"wp","href":"https:\/\/api.w.org\/{rel}","templated":true}]}}