{"id":145432,"date":"2025-09-29T01:36:13","date_gmt":"2025-09-29T01:36:13","guid":{"rendered":"https:\/\/www.europesays.com\/es\/145432\/"},"modified":"2025-09-29T01:36:13","modified_gmt":"2025-09-29T01:36:13","slug":"el-valencia-basket-triunfa-en-la-supercopa-y-se-toma-la-revancha-de-la-final-de-la-liga-baloncesto-deportes","status":"publish","type":"post","link":"https:\/\/www.europesays.com\/es\/145432\/","title":{"rendered":"El Valencia Basket triunfa en la Supercopa y se toma la revancha de la final de la Liga | Baloncesto | Deportes"},"content":{"rendered":"<p class=\"\">Tres meses despu\u00e9s de la final de la Liga ACB, <a href=\"https:\/\/elpais.com\/deportes\/baloncesto\/2025-06-25\/el-madrid-gana-la-liga-acb-ante-el-valencia-en-el-adios-de-la-fonteta.html\" target=\"_self\" rel=\"nofollow noopener\" title=\"https:\/\/elpais.com\/deportes\/baloncesto\/2025-06-25\/el-madrid-gana-la-liga-acb-ante-el-valencia-en-el-adios-de-la-fonteta.html\">del triunfo del Real Madrid ante el Valencia Basket<\/a>, los dos equipos volvieron a verse en una final, la de la Supercopa que abre la nueva temporada y que esta vez encumbr\u00f3 al conjunto de Pedro Mart\u00ednez, que logra su segundo t\u00edtulo en el cuadro taronja. El joven <a href=\"https:\/\/elpais.com\/deportes\/baloncesto\/2024-12-15\/sergio-de-larrea-el-espartano-que-ha-roto-el-molde.html\" target=\"_self\" rel=\"nofollow noopener\" title=\"https:\/\/elpais.com\/deportes\/baloncesto\/2024-12-15\/sergio-de-larrea-el-espartano-que-ha-roto-el-molde.html\">Sergio de Larrea<\/a>, el base de solo 19 a\u00f1os que ya brill\u00f3 con Espa\u00f1a en la Eurocopa, fue providencial en el desenlace del partido.<\/p>\n<p class=\"\">La Supercopa acab\u00f3 convertida en una revancha de la final de la Liga ACB. El Real Madrid se presentaba en M\u00e1laga con el ilustre Sergio Scariolo al frente del banquillo y el Valencia Basket con un equipo construido al gusto de su entrenador, Pedro Mart\u00ednez, quien no vari\u00f3 el gusto mostrado el pasado ejercicio por las posesiones cortas y el tiro de tres. Sin dudar. Para lo bueno y para lo malo. El equipo blanco, por momentos, supo atar en corto a los temibles tiradores taronja, pero ante un rival as\u00ed no puedes relajarte un momento porque es capaz de encadenar en el segundo cuarto un parcial de 5-19 que le propuls\u00f3 en el marcador (34-43). El campe\u00f3n de Liga cometi\u00f3 varios errores y eso es gasolina para un conjunto al que le apasiona correr y cobrarse los regalos que se encuentra.<\/p>\n<p class=\"\">La direcci\u00f3n deportiva le ha llevado algo m\u00e1s de talento a Pedro Mart\u00ednez y el californiano Omari Moore dej\u00f3 varios detalles de mucha clase. El Valencia se estaba creciendo y dominaba el partido ante un contrincante dirigido por un Facu Campazzo que en M\u00e1laga ha parecido menos Campazzo, pero en la recta final del segundo cuarto el Real Madrid ajust\u00f3 las tuercas en defensa, el Valencia fall\u00f3 tres tiros libres seguidos y un triple de Sergio Llull en los \u00faltimos segundos, la especialidad de la casa, apret\u00f3 el marcador un poco antes del descanso (44-49). Este Valencia de <a href=\"https:\/\/elpais.com\/deportes\/baloncesto\/2024-05-29\/pedro-martinez-nuevo-tecnico-del-valencia-basket-y-el-reclamo-para-un-imposible-llenar-el-roig-arena.html\" target=\"_self\" rel=\"nofollow noopener\" title=\"https:\/\/elpais.com\/deportes\/baloncesto\/2024-05-29\/pedro-martinez-nuevo-tecnico-del-valencia-basket-y-el-reclamo-para-un-imposible-llenar-el-roig-arena.html\">Pedro Martinez<\/a> va dejando una estela plagada de r\u00e9cords, el \u00faltimo, la primera mitad m\u00e1s anotadora de la historia de este torneo: 51 puntos.<\/p>\n<p class=\"\">Mario Hezonja se puso serio en el tercer cuarto y lider\u00f3 la remontada de su equipo. El alero croata quer\u00eda el bal\u00f3n para castigar a sus defensores posteando. El Valencia sufr\u00eda porque ya no pod\u00eda correr y porque baj\u00f3 sus porcentajes de acierto. Sin triples, adelgaza de forma alarmante. Hezonja permiti\u00f3 que el Madrid recuperara la autoestima.<\/p>\n<p class=\"\">Pedro Mart\u00ednez rescat\u00f3 a Taylor y Moore, el Valencia volvi\u00f3 a su baloncesto a la carrera y eso le permiti\u00f3 entrar en el \u00faltimo cuarto metido en el partido con una acci\u00f3n antes de la bocina en la que Moore, todo un estilista, jug\u00f3 con Garuba, lo dej\u00f3 literalmente sentado en el parqu\u00e9 y anot\u00f3 para igualar el choque antes del \u00faltimo cuarto. Despu\u00e9s de 30 minutos, la final qued\u00f3 convertida en un intercambio de golpes. Un tramo final en el que ya ninguno de los dos equipos consegu\u00eda grandes diferencias. Minutos de estrechuras. Hasta el t\u00e9cnico catal\u00e1n le dio el volante a De Larrea. El vallisoletano, la mezcla perfecta de talento y descaro, supo sacarle a Tavares la quinta falta con tres minutos todav\u00eda por delante. El base tuvo m\u00e1s acciones decisivas y supo, a pesar de su corta edad, tomar las decisiones correctas para darle el \u00faltimo empuj\u00f3n a su equipo hasta el t\u00edtulo.<\/p>\n<p class=\"\">El Valencia Basket tambi\u00e9n jug\u00f3 la final de la Supercopa femenina en Huesca, pero ah\u00ed sufri\u00f3 una derrota ante un Casademont Zaragoza que fue superior f\u00edsica y deportivamente (68-79).<\/p>\n","protected":false},"excerpt":{"rendered":"Tres meses despu\u00e9s de la final de la Liga ACB, del triunfo del Real Madrid ante el Valencia&hellip;\n","protected":false},"author":2,"featured_media":145433,"comment_status":"","ping_status":"","sticky":false,"template":"","format":"standard","meta":{"footnotes":""},"categories":[269],"tags":[302,299,298,1540,168,25,24,8283,10765,23,167,43684,44772],"class_list":{"0":"post-145432","1":"post","2":"type-post","3":"status-publish","4":"format-standard","5":"has-post-thumbnail","7":"category-baloncesto","8":"tag-acb","9":"tag-baloncesto","10":"tag-basketball","11":"tag-competiciones","12":"tag-deportes","13":"tag-es","14":"tag-espana","15":"tag-jugadores-baloncesto","16":"tag-real-madrid-baloncesto","17":"tag-spain","18":"tag-sports","19":"tag-supercopa-baloncesto","20":"tag-valencia-basket-club"},"share_on_mastodon":{"url":"","error":""},"_links":{"self":[{"href":"https:\/\/www.europesays.com\/es\/wp-json\/wp\/v2\/posts\/145432","targetHints":{"allow":["GET"]}}],"collection":[{"href":"https:\/\/www.europesays.com\/es\/wp-json\/wp\/v2\/posts"}],"about":[{"href":"https:\/\/www.europesays.com\/es\/wp-json\/wp\/v2\/types\/post"}],"author":[{"embeddable":true,"href":"https:\/\/www.europesays.com\/es\/wp-json\/wp\/v2\/users\/2"}],"replies":[{"embeddable":true,"href":"https:\/\/www.europesays.com\/es\/wp-json\/wp\/v2\/comments?post=145432"}],"version-history":[{"count":0,"href":"https:\/\/www.europesays.com\/es\/wp-json\/wp\/v2\/posts\/145432\/revisions"}],"wp:featuredmedia":[{"embeddable":true,"href":"https:\/\/www.europesays.com\/es\/wp-json\/wp\/v2\/media\/145433"}],"wp:attachment":[{"href":"https:\/\/www.europesays.com\/es\/wp-json\/wp\/v2\/media?parent=145432"}],"wp:term":[{"taxonomy":"category","embeddable":true,"href":"https:\/\/www.europesays.com\/es\/wp-json\/wp\/v2\/categories?post=145432"},{"taxonomy":"post_tag","embeddable":true,"href":"https:\/\/www.europesays.com\/es\/wp-json\/wp\/v2\/tags?post=145432"}],"curies":[{"name":"wp","href":"https:\/\/api.w.org\/{rel}","templated":true}]}}