{"id":145434,"date":"2025-09-29T01:37:15","date_gmt":"2025-09-29T01:37:15","guid":{"rendered":"https:\/\/www.europesays.com\/es\/145434\/"},"modified":"2025-09-29T01:37:15","modified_gmt":"2025-09-29T01:37:15","slug":"notas-betis-osasuna-liga-las-notas-de-los-jugadores-del-betis-ante-osasuna","status":"publish","type":"post","link":"https:\/\/www.europesays.com\/es\/145434\/","title":{"rendered":"NOTAS BETIS OSASUNA LIGA | Las notas de los jugadores del Betis ante Osasuna"},"content":{"rendered":"<p class=\"ft-text\"><a class=\"ft-link ft-link--decoration\" href=\"https:\/\/www.elcorreoweb.es\/betis\/2025\/09\/28\/fornals-regala-pellegrini-triunfo-especial-betis-osasuna-122056790.html\" target=\"_blank\" rel=\"nofollow noopener\">El Real Betis Balompi\u00e9 venci\u00f3 de forma contundente y s\u00f3lida a Club Atl\u00e9tico Osasuna<\/a> en una <strong>noche especial para Manuel Pellegrini en la que sus pupilos gustaron de buen f\u00fatbol comandados por Pablo Fornals y con los goles de Ez Abde y Cucho Hern\u00e1ndez<\/strong>. El delantero cafetero anota por tercera jornada consecutiva en Liga.<\/p>\n<p>Las notas de los jugadores del Real Betis Balompi\u00e9<\/p>\n<p class=\"ft-text\"><strong>(10) Manuel Pellegrini<\/strong>: aclamado por los b\u00e9ticos en La Cartuja el d\u00eda que cumpli\u00f3 264 partidos como t\u00e9cnico verdiblanco superando a Serra Ferrer. Hizo cambios dejando a Lo Celso en el banquillo y le dio el sitio a Pablo Fornals, que firm\u00f3 una actuaci\u00f3n estelar. Un gran nivel colectivo y varias actuaciones individuales de m\u00e9rito para situarse sexto en la tabla.<\/p>\n<p>Titulares<\/p>\n<p class=\"ft-text\"><strong>(5) Pau L\u00f3pez<\/strong>: inseguro en algunos balones a\u00e9reos, s\u00ed que desbarat\u00f3 el peligro que le lleg\u00f3 en disparos. Con los pies algo dubitativo. No termina de entenderse en una defensa con tantos zurdos.<\/p>\n<p class=\"ft-text\"><strong>(7) H\u00e9ctor Beller\u00edn<\/strong>: otra buena noche del lateral verdiblanco, aplicado en defensa y entonado en las subidas entendi\u00e9ndose bien con Antony. Gran nivel personal despu\u00e9s de un verano de mucho trabajo para alcanzar el presente.<\/p>\n<p class=\"ft-text\"><strong>(5) Natan de Souza<\/strong>: la seguridad y tranquilidad que da cuando juega al lado de Llorente o Bartra no la experimenta cuando tiene que ser quien lleve el liderazgo en la defensa. Sali\u00f3 de zona en alguna ocasi\u00f3n y ello caus\u00f3 peligro en contra del Betis y tuvo que arreglar alg\u00fan fallo individual suyo con bal\u00f3n.<\/p>\n<p class=\"ft-text\"><strong>(7) Valent\u00edn G\u00f3mez<\/strong>: poco a poco va subiendo su nivel y esta noche dej\u00f3 una actuaci\u00f3n muy sobria y segura tanto por arriba como en lances terrestres. Con el bal\u00f3n en los pies sabe decidir.<\/p>\n<p class=\"ft-text\"><strong>(7) Ricardo Rodr\u00edguez<\/strong>: su mejor partido desde que lleg\u00f3 al Betis. R\u00e1pido en la anticipaci\u00f3n, sin regalar ning\u00fan bal\u00f3n al rival y sabiendo siempre decidir. Cada vez le va ganando m\u00e1s el sitio a Junior. Su mejor\u00eda, muy importante para el conjunto verdiblanco. Cero complicaciones.<\/p>\n<p class=\"ft-text\"><strong>(8) Sofyan Amrabat<\/strong>: otra notable actuaci\u00f3n del pivote de Huizen, que equilibra al <a class=\"ft-link ft-link--decoration\" href=\"https:\/\/www.elcorreoweb.es\/tags\/real-betis\/\" target=\"_blank\" rel=\"nofollow noopener\">Betis<\/a> casi \u00e9l s\u00f3lo y que siempre est\u00e1 atento para recoger cualquier bal\u00f3n suelto en sus dominios y aportarle criterio a la acci\u00f3n. Refuerzo de nivel para Pellegrini. Tiene un f\u00edsico imponente y sabe usarlo a su favor, que es lo m\u00e1s determinante. Tiene la virtud de hacer simple el f\u00fatbol, tan sencillo como hacerse con el control del esf\u00e9rico y decidir con claridad ad\u00f3nde tiene que ir la jugada.<\/p>\n<p class=\"ft-text\"><strong>(5) Marc Roca<\/strong>: primera titularidad tras su lesi\u00f3n despu\u00e9s de los buenos minutos que ofreci\u00f3 ante Real Sociedad y Nottingham Forest. Se compenetr\u00f3 perfectamente con Amrabat y estuvo atento en la resta y en la elaboraci\u00f3n.<\/p>\n<p class=\"ft-text\"><strong>(5) Antony Santos<\/strong>: le falta para llegar a su nivel y no estuvo certero con el bal\u00f3n. Intenta muchas acciones que puede hacerlas m\u00e1s f\u00e1ciles, pero siempre es una soluci\u00f3n para salir al espacio y se entiende con Beller\u00edn y con \u00c1ngel Ortiz.<\/p>\n<p class=\"ft-text\"><strong>(10) Pablo Fornals<\/strong>: si no le dan el MVP de septiembre de LaLiga habr\u00e1 que preguntarse qui\u00e9n es el que otorga dicho reconocimiento. Actuaci\u00f3n sublime. El trabajo que hizo en el 1-0 yendo con decisi\u00f3n a robarle el bal\u00f3n a Catena que despu\u00e9s sirvi\u00f3 a Abde refleja su partido. Luego le dio otra a Cucho, y una a Aitor, y a m\u00e1s compa\u00f1eros, y distribuy\u00f3 el juego, y corri\u00f3 y recuper\u00f3 balones. Donde lo pongan pero siempre en el campo.<\/p>\n<p class=\"ft-text\"><strong>(7) Abde Ezzalzouli<\/strong>: abri\u00f3 el marcador llegando bien desde segunda l\u00ednea acompa\u00f1ando el robo de Pablo Fornals que punte\u00f3 Cucho. Lo intent\u00f3 una y otra vez y estuvo cerca de meter otro en un disparo al primer palo que le sac\u00f3 Sergio Herrera.<\/p>\n<p class=\"ft-text\"><strong>(8) Cucho Hern\u00e1ndez<\/strong>: tercer gol del colombiano en tres jornadas consecutivas. Acci\u00f3n muy similar la de esta noche al definir en el 2-0 a la de la Real Sociedad: espera el momento justo para golpear fuerte al primer palo, esta vez potente y abajo. Tiene muchos registros y hace jugar al Betis. Si encima empiezan a entrarle una tras otra&#8230;<\/p>\n<p><img decoding=\"async\" src=\"https:\/\/www.europesays.com\/es\/wp-content\/uploads\/2025\/09\/dfb37b3f-1cd1-4b3f-ac9d-0c67ed49b783_alta-libre-aspect-ratio_default_0.jpg\" width=\"1200\" height=\"800\" alt=\"Cucho Hern\u00e1ndez celebra el segundo gol del equipo b\u00e9tico durante el encuentro correspondiente a la jornada 7 de LaLiga EA Sports que disputan domingo Betis y Osasuna en el estadio de La Cartuja.\" class=\"ft-helper-img-rd\" loading=\"lazy\" hasdataaida=\"true\"\/><\/p>\n<p class=\"ft-helper-fontColor-quaternary ft-helper-fontSize-body-S ft-helper-spacer-t-xxs\">Cucho Hern\u00e1ndez celebra el segundo gol del equipo b\u00e9tico durante el encuentro correspondiente a la jornada 7 de LaLiga EA Sports que disputan domingo Betis y Osasuna en el estadio de La Cartuja.  \/ Julio Mu\u00f1oz \/ EFE<\/p>\n<p>Suplentes<\/p>\n<p class=\"ft-text\"><strong>(5) Aitor Ruibal<\/strong>: le dio Fornals un bal\u00f3n para que se presentara delante de Sergio Herrera, pero iba s\u00f3lo y le cost\u00f3 concretar la acci\u00f3n. Sali\u00f3 para ayudar en la izquierda.<\/p>\n<p class=\"ft-text\"><strong>(5) Sergi Altimira<\/strong>: sali\u00f3 muy din\u00e1mico queriendo combinar con todos y acercar al <a class=\"ft-link ft-link--decoration\" href=\"https:\/\/www.realbetisbalompie.es\/\" rel=\"nofollow noopener\" target=\"_blank\">Betis<\/a> al tercero, pero era momento de dormir el partido y dosificar fuerzas. Le dio equilibrio a la medular junto a Amrabat.<\/p>\n<p class=\"ft-text\"><strong>(5) Rodrigo Riquelme<\/strong>: releg\u00f3 al hombre de la noche y entr\u00f3 con todo decidido. Ayud\u00f3 a controlar la posesi\u00f3n.<\/p>\n<p class=\"ft-text\"><strong>(5) \u00c1ngel Ortiz<\/strong>: entr\u00f3 por Beller\u00edn en los minutos finales para contener las subidas de Osasuna y para dar descanso a su compa\u00f1ero, que ser\u00e1 casi seguro titular en Bulgaria el pr\u00f3ximo jueves en la Europa League.<\/p>\n","protected":false},"excerpt":{"rendered":"El Real Betis Balompi\u00e9 venci\u00f3 de forma contundente y s\u00f3lida a Club Atl\u00e9tico Osasuna en una noche especial&hellip;\n","protected":false},"author":2,"featured_media":145435,"comment_status":"","ping_status":"","sticky":false,"template":"","format":"standard","meta":{"footnotes":""},"categories":[268],"tags":[32527,8901,4503,168,25,24,280,16831,282,1044,44773,10286,281,23,167,44774],"class_list":{"0":"post-145434","1":"post","2":"type-post","3":"status-publish","4":"format-standard","5":"has-post-thumbnail","7":"category-futbol","8":"tag-amrabat","9":"tag-ca-osasuna","10":"tag-cucho","11":"tag-deportes","12":"tag-es","13":"tag-espana","14":"tag-football","15":"tag-fornals","16":"tag-futbol","17":"tag-liga","18":"tag-notas-jugadores","19":"tag-real-betis","20":"tag-soccer","21":"tag-spain","22":"tag-sports","23":"tag-valentin-gomez"},"share_on_mastodon":{"url":"","error":""},"_links":{"self":[{"href":"https:\/\/www.europesays.com\/es\/wp-json\/wp\/v2\/posts\/145434","targetHints":{"allow":["GET"]}}],"collection":[{"href":"https:\/\/www.europesays.com\/es\/wp-json\/wp\/v2\/posts"}],"about":[{"href":"https:\/\/www.europesays.com\/es\/wp-json\/wp\/v2\/types\/post"}],"author":[{"embeddable":true,"href":"https:\/\/www.europesays.com\/es\/wp-json\/wp\/v2\/users\/2"}],"replies":[{"embeddable":true,"href":"https:\/\/www.europesays.com\/es\/wp-json\/wp\/v2\/comments?post=145434"}],"version-history":[{"count":0,"href":"https:\/\/www.europesays.com\/es\/wp-json\/wp\/v2\/posts\/145434\/revisions"}],"wp:featuredmedia":[{"embeddable":true,"href":"https:\/\/www.europesays.com\/es\/wp-json\/wp\/v2\/media\/145435"}],"wp:attachment":[{"href":"https:\/\/www.europesays.com\/es\/wp-json\/wp\/v2\/media?parent=145434"}],"wp:term":[{"taxonomy":"category","embeddable":true,"href":"https:\/\/www.europesays.com\/es\/wp-json\/wp\/v2\/categories?post=145434"},{"taxonomy":"post_tag","embeddable":true,"href":"https:\/\/www.europesays.com\/es\/wp-json\/wp\/v2\/tags?post=145434"}],"curies":[{"name":"wp","href":"https:\/\/api.w.org\/{rel}","templated":true}]}}