{"id":145450,"date":"2025-09-29T01:52:26","date_gmt":"2025-09-29T01:52:26","guid":{"rendered":"https:\/\/www.europesays.com\/es\/145450\/"},"modified":"2025-09-29T01:52:26","modified_gmt":"2025-09-29T01:52:26","slug":"el-ubu-san-pablo-burgos-hace-los-deberes-y-se-impone-a-proin-sevilla","status":"publish","type":"post","link":"https:\/\/www.europesays.com\/es\/145450\/","title":{"rendered":"El UBU San Pablo Burgos hace los deberes y se impone a Proin Sevilla"},"content":{"rendered":"<p><a class=\"v-mdl-ath__fig-a\" href=\"https:\/\/www.burgosconecta.es\/autor\/burgosconecta-2120.html\" title=\"BURGOSconecta\" rel=\"nofollow noopener\" target=\"_blank\"><br \/>\n<img decoding=\"async\" class=\"v-mdl-ath__img\" src=\"https:\/\/www.europesays.com\/es\/wp-content\/uploads\/2025\/08\/autor-2120-foto-2.jpeg\" alt=\"BURGOSconecta\"\/><br \/>\n<\/a><\/p>\n<p class=\"v-mdl-ath__p v-mdl-ath__p--6\">\nDomingo, 28 de septiembre 2025, 16:56<\/p>\n<p class=\"v-p\">Trabajada victoria en la tercera jornada de la Divisi\u00f3n de Honor Plata para el UBU San Pablo Bm Burgos 2031, que consigui\u00f3 superar al Cajasol Sevilla BM Proin con el ajustado marcador de 31-29. Esto significa que el conjunto burgal\u00e9s firma <a href=\"https:\/\/www.burgosconecta.es\/deportes\/balonmano\/ubu-san-pablo-burgos-arranca-temporada-exhibicion-20250914181056-nt.html\" data-voc-vtm-id=\"in-text-traffic\" title=\"dos victorias de los dos encuentros \" data-mrf-link=\"www.burgosconecta.es\" rel=\"nofollow noopener\" target=\"_blank\">dos victorias de los dos encuentros <\/a>disputados en El Plant\u00edo. <\/p>\n<p><img decoding=\"async\" loading=\"lazy\" src=\"https:\/\/www.europesays.com\/es\/wp-content\/uploads\/2025\/09\/ubu-kHkF--44x44@Burgosconecta.jpg\" class=\"v-scr__img\" width=\"44\" height=\"44\" alt=\"UBU SAN PABLO BURGOS 2031 \"\/><\/p>\n<p class=\"v-scr__t\">UBU SAN PABLO BURGOS 2031 <\/p>\n<p class=\"v-scr__p v-scr__p--3\">JOAO FURTADO (2), NASSIM BELLAHCENE, PABLO G\u00d3MEZ (2), TOM\u00c1S MOREIRA, JAIME FERN\u00c1NDEZ (9), MARCOS GARC\u00cdA, JAIME GONZ\u00c1LEZ (2), FABRIZIO CASANOVA (3), MIGUEL MALO (4), PEDRO MARTINS (1), GERARD FORNS, DANIEL SANTAMAR\u00cdA, BRIAN EST\u00c9BANEZ, ADRI\u00c1N S\u00c1NCHEZ (3) y ASIER PEDROARENA (5)..<\/p>\n<p class=\"v-scr__n-c v-scr__n-c--1 \">\n 31\n<\/p>\n<p class=\"v-scr__n-c v-scr__n-c--2\">\n&#8211;\n<\/p>\n<p class=\"v-scr__n-c v-scr__n-c--3 \">\n 29\n<\/p>\n<p class=\"v-scr__t\">CAJASOL SEVILLA BM. PROIN<\/p>\n<p><img decoding=\"async\" loading=\"lazy\" src=\"https:\/\/www.europesays.com\/es\/wp-content\/uploads\/2025\/09\/sevilla-bm.png\" class=\"v-scr__img\" width=\"44\" height=\"44\" alt=\"CAJASOL SEVILLA BM. PROIN\"\/><\/p>\n<p class=\"v-scr__p v-scr__p--3\">MANUEL GONZ\u00c1LEZ, ALBERTO RUIZ (7), FRANCISCO VIZCAINO, JUAN REYNALDO (3), RA\u00daL MORALES (5), JULI\u00c1N L\u00d3PEZ (5), JAVIER CASTILLA, MIGUEL LLORENS, KILIAN GARAJONAY, DAVID MART\u00cdNEZ (2), JOSE MOGUEL, VICTOR MANUEL (1), BALSA STEVOVIC (3), ANGEL MONTORO (1), JULIO MORGADO (2)<\/p>\n<ul class=\"v-u\">\n<li class=\"v-u__l\">\n<p class=\"v-p\">\n\u00c1RBITROS<br \/>\nMARTA FERN\u00c1NDEZ Y MAIALEN CALDER\u00d3N. Exlusiones de JO\u00c3O FURTADO (04:02 y 6:16), PABLO G\u00d3MEZ (29:55), MIGUEL MALO (38:08) por parte del UBU San Pablo Bm Burgos 2031 y de JULI\u00c1N L\u00d3PEZ (20:23), MIGUEL LLORENS (13:39 Y 43:26), VICTOR MANUEL (24:00) Y BALSA STEVOVIC (02:53 Y 47:51) por parte del CAJASOL SEVILLA BM. BURGOS. Roja a JO\u00c3O FURTADO (38:29) del UBU SAN PABLO BM BURGOS 2031.\n<\/p>\n<\/li>\n<li class=\"v-u__l\">\n<p class=\"v-p\">\nPARCIALES<br \/>\n0-1 \/ 2-3 \/ 6-6 \/ 8-8 \/ 12-12 \/ 14-13 \/ 17-15 \/ 20-18 \/ 23-22 \/ 25-24 \/ 28-26 \/ 31-29\/\n<\/p>\n<\/li>\n<li class=\"v-u__l\">\n<p class=\"v-p\">\nINCIDENCIAS<br \/>\nPartido correspondiente a la jornada 3 en el Polideportivo Municipal de El Plant\u00edo. El encuentro ha vivido un minuto de silencio por el fallecimiento de Pablo Permuy, \u00e1rbitro internacional y presidente del comit\u00e9 t\u00e9cnico de \u00e1rbitros de la Federaci\u00f3n\n<\/p>\n<\/li>\n<li class=\"v-u__l\">\n<p class=\"v-p\">\nPR\u00d3XIMO PARTIDO<br \/>\nBM CONTAZARA ZARAGOZA &#8211; UBU SAN PABLO BM BURGOS 2031(04\/10\/2025) (19:30)\n<\/p>\n<\/li>\n<\/ul>\n<p>Primera parte<\/p>\n<p class=\"v-p\">El choque comenz\u00f3 con nervios en ambos equipos: el primer gol no lleg\u00f3 hasta el minuto 2:40, obra del Sevilla, que abri\u00f3 la lata ante un UBU algo impreciso en ataque. Fue Jaime Fern\u00e1ndez, en el 5:10, quien igual\u00f3 las tablas y encendi\u00f3 a la grada. A partir de ah\u00ed, el partido entr\u00f3 en una fase de intercambio constante de golpes, donde destac\u00f3 el trabajo defensivo de Jo\u00e3o Furtado, durante los primeros minutos.<\/p>\n<p class=\"v-p\">Los sevillanos aprovecharon la exclusi\u00f3n del portugu\u00e9s para ponerse 1-3, pero la reacci\u00f3n burgalesa no tard\u00f3 en llegar: Jo\u00e3o Furtado, Asier Pedroarena y Miguel Malo devolvieron el equilibrio al marcador. El pabell\u00f3n se vino arriba cuando Jaime Gonz\u00e1lez culmin\u00f3 la remontada (6-5) en el 12:20. Sin embargo, los hispalenses respondieron con un parcial de 0-3 (6-8), obligando a los cidianos a apretar atr\u00e1s.<\/p>\n<p class=\"v-p\">Fue entonces cuando emergi\u00f3 la figura de Jaime Fern\u00e1ndez, letal desde los siete metros y en lanzamientos exteriores, firmando un doblete que devolvi\u00f3 el empate a 8. Poco despu\u00e9s, Pablo G\u00f3mez y Adri\u00e1n S\u00e1nchez tambi\u00e9n se sumaron a la fiesta ofensiva, y un gol a porter\u00eda vac\u00eda de Pablo G\u00f3mez puso a los cidianos por delante (13-12). Antes del descanso, Jorge Berzosa dio entrada a Dani Santamar\u00eda en porter\u00eda, decisi\u00f3n que acompa\u00f1\u00f3 a un \u00faltimo tanto de Adri\u00e1n para dejar el 14-13 al descanso.<\/p>\n<p>Segunda parte<\/p>\n<p class=\"v-p\">Tras la reanudaci\u00f3n, los burgaleses salieron en tromba: Asier Pedroarena, Jaime Gonz\u00e1lez y Jo\u00e3o Furtado estiraron la renta hasta el 17-14. Jaime Fern\u00e1ndez, infalible desde los siete metros, ampli\u00f3 la ventaja, aunque la tensi\u00f3n se dispar\u00f3 con la exclusi\u00f3n de Miguel Malo y la posterior roja directa a Jo\u00e3o Furtado, que dejaban al Burgos en inferioridad. El Sevilla lo aprovech\u00f3 para acercarse peligrosamente (19-18). <\/p>\n<p class=\"v-p\">En ese momento cr\u00edtico, aparecieron los recursos del equipo: Asier Pedroarena volvi\u00f3 a marcar, Fabrizio Casanova mostr\u00f3 su car\u00e1cter en ataque, y Gerard Forns se luci\u00f3 bajo palos con una parada decisiva cuando el choque estaba 26-24. Esa intervenci\u00f3n fue el punto de inflexi\u00f3n.<\/p>\n<p class=\"v-p\">Con un parcial de 5-1, impulsado por los goles de Asier Pedroarena, Adri\u00e1n S\u00e1nchez, Miguel Malo y un Jaime Fern\u00e1ndez incansable, los cidianos pusieron tierra de por medio hasta alcanzar el 30-26 en el minuto 57. El pabell\u00f3n ya era una fiesta, y aunque el Sevilla recort\u00f3 en los instantes finales (31-29), la victoria nunca peligr\u00f3.<\/p>\n<p class=\"v-p\">La defensa burgalesa, dura y solidaria, fue uno de los grandes pilares del partido, con especial menci\u00f3n a Jo\u00e3o Furtado en la primera mitad. Tambi\u00e9n la porter\u00eda, con intervenciones de Gerard Forns y Daniel Santamar\u00eda en momentos clave, sostuvo al equipo en los tramos m\u00e1s complicados.<\/p>\n<p class=\"v-p\">Despu\u00e9s del encuentro, Jorge Berzosa, t\u00e9cnico del conjunto burgal\u00e9s, ha afirmado que \u00abha sido un partido muy igualado, lo hemos podido sacar. Hemos estado gran parte del partido con el marcador a favor, pero no hemos podido despegarnos. Hoy la verdad es que nos ha costado especialmente el tema de las transiciones, aumentar el ritmo, el contraataque\u00bb<\/p>\n<p>Comenta<\/p>\n<p>Reporta un error<\/p>\n","protected":false},"excerpt":{"rendered":"Domingo, 28 de septiembre 2025, 16:56 Trabajada victoria en la tercera jornada de la Divisi\u00f3n de Honor Plata&hellip;\n","protected":false},"author":2,"featured_media":145451,"comment_status":"","ping_status":"","sticky":false,"template":"","format":"standard","meta":{"footnotes":""},"categories":[278],"tags":[376,623,13465,168,25,24,375,15265,618,27189,2228,1171,23,167,2227],"class_list":{"0":"post-145450","1":"post","2":"type-post","3":"status-publish","4":"format-standard","5":"has-post-thumbnail","7":"category-balonmano","8":"tag-balonmano","9":"tag-burgos","10":"tag-deberes","11":"tag-deportes","12":"tag-es","13":"tag-espana","14":"tag-handball","15":"tag-impone","16":"tag-pablo","17":"tag-proin","18":"tag-san","19":"tag-sevilla","20":"tag-spain","21":"tag-sports","22":"tag-ubu"},"share_on_mastodon":{"url":"","error":""},"_links":{"self":[{"href":"https:\/\/www.europesays.com\/es\/wp-json\/wp\/v2\/posts\/145450","targetHints":{"allow":["GET"]}}],"collection":[{"href":"https:\/\/www.europesays.com\/es\/wp-json\/wp\/v2\/posts"}],"about":[{"href":"https:\/\/www.europesays.com\/es\/wp-json\/wp\/v2\/types\/post"}],"author":[{"embeddable":true,"href":"https:\/\/www.europesays.com\/es\/wp-json\/wp\/v2\/users\/2"}],"replies":[{"embeddable":true,"href":"https:\/\/www.europesays.com\/es\/wp-json\/wp\/v2\/comments?post=145450"}],"version-history":[{"count":0,"href":"https:\/\/www.europesays.com\/es\/wp-json\/wp\/v2\/posts\/145450\/revisions"}],"wp:featuredmedia":[{"embeddable":true,"href":"https:\/\/www.europesays.com\/es\/wp-json\/wp\/v2\/media\/145451"}],"wp:attachment":[{"href":"https:\/\/www.europesays.com\/es\/wp-json\/wp\/v2\/media?parent=145450"}],"wp:term":[{"taxonomy":"category","embeddable":true,"href":"https:\/\/www.europesays.com\/es\/wp-json\/wp\/v2\/categories?post=145450"},{"taxonomy":"post_tag","embeddable":true,"href":"https:\/\/www.europesays.com\/es\/wp-json\/wp\/v2\/tags?post=145450"}],"curies":[{"name":"wp","href":"https:\/\/api.w.org\/{rel}","templated":true}]}}