{"id":145468,"date":"2025-09-29T02:09:13","date_gmt":"2025-09-29T02:09:13","guid":{"rendered":"https:\/\/www.europesays.com\/es\/145468\/"},"modified":"2025-09-29T02:09:13","modified_gmt":"2025-09-29T02:09:13","slug":"y-el-premio-a-las-peores-vestidas-en-san-sebastian-es-para-kira-miro-y-marta-hazas-sus-polemicos-looks-a-examen-el-espanol","status":"publish","type":"post","link":"https:\/\/www.europesays.com\/es\/145468\/","title":{"rendered":"Y el premio a las peores vestidas en San Sebasti\u00e1n es para Kira Mir\u00f3 y Marta Hazas: sus pol\u00e9micos looks, a examen &#8211; El Espa\u00f1ol"},"content":{"rendered":"<ol>\n<li><a href=\"https:\/\/news.google.com\/rss\/articles\/CBMi6AFBVV95cUxQMlJrMS12SDI5Q0w0emwwWTFpdXQ3VTlHdmMyTXUwTlJScU5WUkhaVVU3SkNZQ2ZBbHNVVmFGMncwTzVDN3Q1MjVCLW41dGM5M0pJSUV0NUoteXBDbTRBVThwc3BmM0pjSVpSZEhJd2ctaDVFdFh3bUJFSURJbllBZnpVVFMzLTRBTVcxa0dZYWl0Y2M0NXY0MlptQUxCdWstTUhvOFRhWnYxQmRWMHY1ZThONDVoTFBYWU9pa01DZGFsTDY0QzZRRDlzWC1GT0E2UFB5bjNINW4zTXRpSExxNGd4aHNNVUk50gHuAUFVX3lxTFBGd3B0eXNTQWJJODlUNDE1R0w0VEdkT3BvemcyeTBWdmVFdDEySVZiTjdheEVXT3JtOHFHVWZpYlJiNnhVSUxxRF9laDYtdVM0R2pvT2RKMWllWXhFWDFQeTZLeGhRYTcwaDJ0SkxBUWhRRjFPaWRyUnVBTnZabzE5MDEzMTc1T0tiMnZSblh6T1I5a2NQV1Z5R1EwTGhMNmpSd3NBQjBKd01Pb2RQZlF4NmhKd3Q1WlJhSldHYW9SUUYtaThwQ19OTWZ5VVJ4XzZ6cmVsejdOWXRUTlo5S1dVSzg4aXY4U1ZrVHhKS3c?oc=5\" target=\"_blank\" rel=\"nofollow noopener\">Y el premio a las peores vestidas en San Sebasti\u00e1n es para Kira Mir\u00f3 y Marta Hazas: sus pol\u00e9micos looks, a examen<\/a>&nbsp;&nbsp;El Espa\u00f1ol<\/li>\n<li><a href=\"https:\/\/news.google.com\/rss\/articles\/CBMihAJBVV95cUxQOC12b3Q3ZjNEQmhTSXFQdmo5aWFFWFBjSjBCZFdlTHppS3RPT3A0ek4wUFFoYzN4T0gxMjFUQnVJUndyM0c2b2hqTTFlNEp1ZFlMREJKWk5hcTZnQk8ybHltR3VncHRUdUItOGJsdTNnZTB2MjJpTGpQZWV5cTctVG5nLUNMOUJWS3F3b1ItUTdOeHRpS29RTXhKVTI2VklqUGlvNnZyNHBxSmdaeGRfLVExdEl2TlRabVpQaUFRYldyejdyWWtzaXQwWDhBc3RvaTNPOUQyYTFOVkFHcld5T2JGVjdHQllwNURmajhUd0pFbWZoZGRjeGU2Q3BTZHlvS1pRdQ?oc=5\" target=\"_blank\" rel=\"nofollow noopener\">Del \u2018cut out\u2019 de Anna Castillo a las transparencias de Marta Hazas: todos los \u2018looks\u2019 de la clausura del Festival de San Sebasti\u00e1n<\/a>&nbsp;&nbsp;EL PA\u00cdS<\/li>\n<li><a href=\"https:\/\/news.google.com\/rss\/articles\/CBMiywFBVV95cUxQNzM5SWNQLTgta3NEd0lNaDRDUUpDdF9kM2p2Nmh3cU9xc3BKN0ZxWWlXR1FWRFk5Y3dCSUt3UW9BeGlIZnBkRks0RFhoX0JWMVJqUjBud0NSZnZzazdUZkJCT2pNQTlBTl9hUllpb0NudmhlM1FGLW1fNzJwcEFtd1phaTYyYlVrSGI1UnhZTjdUb2VPa1dBQlJMUDdpcWRlZmNKMnZhLTRDQmtfUGhvLWs1dU1ONTBSdFhpc0VrTHRrTVMtMFc2TnRIdw?oc=5\" target=\"_blank\" rel=\"nofollow noopener\">De Hiba Abouk a Laura Escanes: los mejores &#8216;looks&#8217; de las invitadas en el Festival de Cine de San Sebasti\u00e1n<\/a>&nbsp;&nbsp;ELLE<\/li>\n<li><a href=\"https:\/\/news.google.com\/rss\/articles\/CBMiiAFBVV95cUxQNGR6QTZPb21pRnB5aFVGYlgxWV9EQVN1UGpNRVJyd2FWb3N5dzV1YlpEQzdkaVJJZHhuSjYxeno2dE84XzRaTGRIazVoNTZpZTRYempwTHROMmszSGNlMzJrYm5BdXFHcTdLWDZVMHhKUjBMZVdpd3FMV0lIbVJCUzZrWEltaktx0gGIAUFVX3lxTE54OElCcGhpVU5QWE9RMmp0Vk1YNzFEWGQtckx5MWlLM0dSMC1iWmdtRTJ0ZXpxdnpYeUZVUFphMUxCNzMxZ1pGdmhYaWxPdE9xUENVeVZPS1Flb3lqMjF5R0ZtUVRNcGhzMDVaWHRuUzRYTVlCYmh6WjhJLUhoT1ZWWURwb2xmUW4?oc=5\" target=\"_blank\" rel=\"nofollow noopener\">De las transparencias de Anna Castillo al semidesnudo de Laura Escanes; los mejores looks de la alfombra roja del Festival de Cine de San Sebasti\u00e1n 2025<\/a>&nbsp;&nbsp;El Mundo<\/li>\n<li><a href=\"https:\/\/news.google.com\/rss\/articles\/CBMi6AFBVV95cUxNTEV0UEdIU01sbVRYOE5rVm1pRkRUZy1rMlRHXy1Bb2RFR2Y2dy1lQjEyNVpPWXF6Z010bHA5WHRiQ2lmLXYtM2l6Rk04alY5UUVsNzdGU1p3V2xnTTR0ZW16R084eXRBVWpwaHVpQzdQN1hTdmZVRDhSWGpKSDV3eEFISEhtSlNtMmZhRU1UVWQyQ2dXLXhOajl0R1A0V0NkZTgwZ0VHODB3RElaUDFYUDlQYVI5NWdDX1lXU0RNZUVNcHpFaWlsRGZ4RUtpXy0zdWZHWW13VC1QeEtkMVVWU1FWdFRGS0Qz0gHuAUFVX3lxTFA1VGw5dV8yanhqX3RiRk5WekM4WG1paW1vSDlOeUxxb2dlS1g0ZkJ2Q1JnMVN2MU1fd3pxREhQYmM0dmE3XzJrcTF4RGxKMHVpdktZQXNlVTFCVDJJUDNLSmpKX0hFWkhlcC1MY3c0TnJTeGE3SDlGT1hhamdSYWdVNjRSZzJ1VU9OMGg3SldhTVZfSHhPazhWU2didEFkVUxuVng2c3JZU1NDcVVnUTVBQ1JTb1JzWEVHYnRBd0MyRHpnRUEyZEZfUjhzYUJyYV85TWluNWNralpmMHVuLXBMbEJpX01NeFBIbmg1NHc?oc=5\" target=\"_blank\" rel=\"nofollow noopener\">De Hiba Abouk a Anna Castillo o Kira Mir\u00f3: los mejores looks de la alfombra roja de clausura del Festival de San Sebasti\u00e1n<\/a>&nbsp;&nbsp;Vanitatis<\/li>\n<\/ol>\n","protected":false},"excerpt":{"rendered":"Y el premio a las peores vestidas en San Sebasti\u00e1n es para Kira Mir\u00f3 y Marta Hazas: sus&hellip;\n","protected":false},"author":2,"featured_media":145469,"comment_status":"","ping_status":"","sticky":false,"template":"","format":"standard","meta":{"footnotes":""},"categories":[91],"tags":[146,147,25,24,256,28752,44779,23],"class_list":{"0":"post-145468","1":"post","2":"type-post","3":"status-publish","4":"format-standard","5":"has-post-thumbnail","7":"category-entretenimiento","8":"tag-entertainment","9":"tag-entretenimiento","10":"tag-es","11":"tag-espana","12":"tag-famosos","13":"tag-festival-de-cine-de-san-sebastian","14":"tag-kira-miro","15":"tag-spain"},"share_on_mastodon":{"url":"","error":""},"_links":{"self":[{"href":"https:\/\/www.europesays.com\/es\/wp-json\/wp\/v2\/posts\/145468","targetHints":{"allow":["GET"]}}],"collection":[{"href":"https:\/\/www.europesays.com\/es\/wp-json\/wp\/v2\/posts"}],"about":[{"href":"https:\/\/www.europesays.com\/es\/wp-json\/wp\/v2\/types\/post"}],"author":[{"embeddable":true,"href":"https:\/\/www.europesays.com\/es\/wp-json\/wp\/v2\/users\/2"}],"replies":[{"embeddable":true,"href":"https:\/\/www.europesays.com\/es\/wp-json\/wp\/v2\/comments?post=145468"}],"version-history":[{"count":0,"href":"https:\/\/www.europesays.com\/es\/wp-json\/wp\/v2\/posts\/145468\/revisions"}],"wp:featuredmedia":[{"embeddable":true,"href":"https:\/\/www.europesays.com\/es\/wp-json\/wp\/v2\/media\/145469"}],"wp:attachment":[{"href":"https:\/\/www.europesays.com\/es\/wp-json\/wp\/v2\/media?parent=145468"}],"wp:term":[{"taxonomy":"category","embeddable":true,"href":"https:\/\/www.europesays.com\/es\/wp-json\/wp\/v2\/categories?post=145468"},{"taxonomy":"post_tag","embeddable":true,"href":"https:\/\/www.europesays.com\/es\/wp-json\/wp\/v2\/tags?post=145468"}],"curies":[{"name":"wp","href":"https:\/\/api.w.org\/{rel}","templated":true}]}}