{"id":145510,"date":"2025-09-29T02:36:30","date_gmt":"2025-09-29T02:36:30","guid":{"rendered":"https:\/\/www.europesays.com\/es\/145510\/"},"modified":"2025-09-29T02:36:30","modified_gmt":"2025-09-29T02:36:30","slug":"estabilizado-en-la-parte-que-afecta-a-segovia-el-incendio-de-penalba-de-la-sierra","status":"publish","type":"post","link":"https:\/\/www.europesays.com\/es\/145510\/","title":{"rendered":"Estabilizado en la parte que afecta a Segovia el incendio de Pe\u00f1alba de la Sierra"},"content":{"rendered":"<p class=\"articleParagraph\">El incendio que se inici\u00f3 hace una semana en Pe\u00f1alba de la Sierra (Guadalajara), y que ya ha calcinado 3.000 hect\u00e1reas, se ha extendido hasta la provincia de Segovia en las \u00faltimas horas, o<b>bligando a<\/b><b>evacuar la urbanizaci\u00f3n de La Pinilla y el pueblo de Riofr\u00edo de Riaza -que esperan poder volver a lo largo del lunes-, mientras que se mantiene la restricci\u00f3n de acceso al Hayedo de Tejera Negra.<\/b><\/p>\n<p class=\"articleParagraph\">Si bien, tras una jornada intensa de trabajo de los equipos, <b>ayudados por la lluvia y la humedad,<\/b> el director de Patrimonio Natural y Pol\u00edtica Forestal de la Junta de Castilla y Le\u00f3n, Jos\u00e9 \u00c1ngel Sanz, ha anunciado que el incendio se encuentra estabilizado en la parte segoviana.<\/p>\n<p class=\"articleParagraph\"><b>Tras quemar unas 200 hect\u00e1reas en la parte segovian<\/b>a a lo largo de la noche, en una rueda de prensa junto con la delegada territorial de la Junta de Castilla y Le\u00f3n en Segovia, Raquel Alonso, han informado de que esa parte ya est\u00e1 estabilizada. Esos terrenos ardieron \u00abpr\u00e1cticamente en las primeras horas de la noche\u00bb, cuando un cambio brusco en el viento, con rachas de hasta 70 kil\u00f3metros por hora, hizo que el fuego saltara en dos puntos con gran virulencia.<\/p>\n<p class=\"articleParagraph\">Igualmente, han pedido precauci\u00f3n, porque<b> el incendio sigue teniendo \u00abmucho potencial\u00bb,<\/b> ya que se est\u00e1 desarrollando en una zona monta\u00f1osa con pocos accesos, lo que obliga a los equipos a realizar \u00abmucho trabajo manual\u00bb.<\/p>\n<p class=\"articleParagraph\">En la actualidad hay desplegadas alrededor de 300 personas entre medios de Castilla y Le\u00f3n, Castilla-La Mancha, la Unidad Militar de Emergencias (UME) y efectivos llegados de varias provincias. <b>\u00abEsperamos que esta noche podamos seguir con ese remate manual<\/b> y que durante la ma\u00f1ana se consiga mantener la estabilizaci\u00f3n, sobre todo ante las rachas de viento que se prev\u00e9n\u00bb, ha a\u00f1adido Arranz.<\/p>\n","protected":false},"excerpt":{"rendered":"El incendio que se inici\u00f3 hace una semana en Pe\u00f1alba de la Sierra (Guadalajara), y que ya ha&hellip;\n","protected":false},"author":2,"featured_media":145511,"comment_status":"","ping_status":"","sticky":false,"template":"","format":"standard","meta":{"footnotes":""},"categories":[8],"tags":[17,18,25,24,13,14,11,19,20,9,10,15,16,23,12,21,22],"class_list":{"0":"post-145510","1":"post","2":"type-post","3":"status-publish","4":"format-standard","5":"has-post-thumbnail","7":"category-espana","8":"tag-breaking-news","9":"tag-breakingnews","10":"tag-es","11":"tag-espana","12":"tag-featured-news","13":"tag-featurednews","14":"tag-headlines","15":"tag-latest-news","16":"tag-latestnews","17":"tag-news","18":"tag-noticias","19":"tag-noticias-destacadas","20":"tag-noticiasdestacadas","21":"tag-spain","22":"tag-titulares","23":"tag-ultimas-noticias","24":"tag-ultimasnoticias"},"share_on_mastodon":{"url":"","error":""},"_links":{"self":[{"href":"https:\/\/www.europesays.com\/es\/wp-json\/wp\/v2\/posts\/145510","targetHints":{"allow":["GET"]}}],"collection":[{"href":"https:\/\/www.europesays.com\/es\/wp-json\/wp\/v2\/posts"}],"about":[{"href":"https:\/\/www.europesays.com\/es\/wp-json\/wp\/v2\/types\/post"}],"author":[{"embeddable":true,"href":"https:\/\/www.europesays.com\/es\/wp-json\/wp\/v2\/users\/2"}],"replies":[{"embeddable":true,"href":"https:\/\/www.europesays.com\/es\/wp-json\/wp\/v2\/comments?post=145510"}],"version-history":[{"count":0,"href":"https:\/\/www.europesays.com\/es\/wp-json\/wp\/v2\/posts\/145510\/revisions"}],"wp:featuredmedia":[{"embeddable":true,"href":"https:\/\/www.europesays.com\/es\/wp-json\/wp\/v2\/media\/145511"}],"wp:attachment":[{"href":"https:\/\/www.europesays.com\/es\/wp-json\/wp\/v2\/media?parent=145510"}],"wp:term":[{"taxonomy":"category","embeddable":true,"href":"https:\/\/www.europesays.com\/es\/wp-json\/wp\/v2\/categories?post=145510"},{"taxonomy":"post_tag","embeddable":true,"href":"https:\/\/www.europesays.com\/es\/wp-json\/wp\/v2\/tags?post=145510"}],"curies":[{"name":"wp","href":"https:\/\/api.w.org\/{rel}","templated":true}]}}