{"id":145512,"date":"2025-09-29T02:37:28","date_gmt":"2025-09-29T02:37:28","guid":{"rendered":"https:\/\/www.europesays.com\/es\/145512\/"},"modified":"2025-09-29T02:37:28","modified_gmt":"2025-09-29T02:37:28","slug":"la-brutal-sinceridad-de-odriozola-he-estado-en-el-infierno","status":"publish","type":"post","link":"https:\/\/www.europesays.com\/es\/145512\/","title":{"rendered":"La brutal sinceridad de Odriozola: \u00abHe estado en el infierno\u00bb"},"content":{"rendered":"<p class=\"ft-text\">El defensa de la Real Sociedad \u00c1lvaro Odriozola, que este domingo volvi\u00f3 a jugar un partido oficial casi ocho meses despu\u00e9s en la derrota de su equipo frente al Barcelona (2-1), ha confesado que ha \u00abestado en el infierno\u00bb en los \u00faltimos meses tras vivir \u00abuna etapa muy dura\u00bb.<\/p>\n<p class=\"ft-text\">\u00abSiento mucho orgullo. Vengo de una etapa muy dura. Lo he pasado muy mal porque no he podido ayudar al equipo de mi vida. Soy muy duro conmigo mismo. No he podido defender el escudo todo lo que hubiera querido. No s\u00e9 la raz\u00f3n. Me he cuidado, pero el cuerpo no me ha respondido, no ha estado con mi cabeza\u00bb, ha explicado el jugador en declaraciones a Movistar+.<\/p>\n<p class=\"ft-text\">Odriozola,<strong> autor del \u00fanico gol de la Real Sociedad ante el Bar\u00e7a<\/strong>, ha desvelado que hace un mes vivi\u00f3 \u00abun punto de inflexi\u00f3n\u00bb.<\/p>\n<p class=\"ft-text\">\u00abEstuve a punto de salir del club, quer\u00eda jugar volver a ser yo.<strong> He estado en el infierno, con tanta lesi\u00f3n no me sal\u00eda una<\/strong>. Se sufre mucho. Soy un privilegiado de poder estar en el club de mi vida. Estoy orgulloso de haberlo dado todo y de no haber dejado entrenar\u00bb, ha a\u00f1adido.<\/p>\n<p class=\"ft-text\">El defensa ha dedicado el gol a su familia, en especial a sus dos hijas, y, <strong>visiblemente emocionado<\/strong>, ha confesado que su \u00absue\u00f1o\u00bb es que ellas le vean \u00abcorrer en Anoeta\u00bb.<\/p>\n<p class=\"ft-text\">\u00abNo s\u00e9 si voy a volver a jugar, pero el mi\u00e9rcoles entrenar\u00e9 y me dejar\u00e9 todo cada d\u00eda en Zubieta para entregar todo por mi escudo\u00bb, ha agregado.<\/p>\n<p class=\"ft-text\">Sobre el partido, ha valorado que los jugadores de la Real se sienten <strong>\u00abapenados por la derrota, pero orgullosos del trabajo\u00bb,<\/strong> y ha opinado que el saque de esquina que ha posibilitado el gol del empate de Jules Kounde ha sido \u00abun error manifiesto\u00bb del \u00e1rbitro. Con todo, ha concluido que \u00ablas sensaciones del equipo son mucho mejores\u00bb que en los primeros partidos del curso.<\/p>\n","protected":false},"excerpt":{"rendered":"El defensa de la Real Sociedad \u00c1lvaro Odriozola, que este domingo volvi\u00f3 a jugar un partido oficial casi&hellip;\n","protected":false},"author":2,"featured_media":145513,"comment_status":"","ping_status":"","sticky":false,"template":"","format":"standard","meta":{"footnotes":""},"categories":[5],"tags":[2296,17,18,25,24,13,14,19109,11,610,19,20,9,10,15,16,7209,23,12,21,22],"class_list":{"0":"post-145512","1":"post","2":"type-post","3":"status-publish","4":"format-standard","5":"has-post-thumbnail","7":"category-titulares","8":"tag-barca","9":"tag-breaking-news","10":"tag-breakingnews","11":"tag-es","12":"tag-espana","13":"tag-featured-news","14":"tag-featurednews","15":"tag-he","16":"tag-headlines","17":"tag-infierno","18":"tag-latest-news","19":"tag-latestnews","20":"tag-news","21":"tag-noticias","22":"tag-noticias-destacadas","23":"tag-noticiasdestacadas","24":"tag-real-sociedad","25":"tag-spain","26":"tag-titulares","27":"tag-ultimas-noticias","28":"tag-ultimasnoticias"},"share_on_mastodon":{"url":"","error":""},"_links":{"self":[{"href":"https:\/\/www.europesays.com\/es\/wp-json\/wp\/v2\/posts\/145512","targetHints":{"allow":["GET"]}}],"collection":[{"href":"https:\/\/www.europesays.com\/es\/wp-json\/wp\/v2\/posts"}],"about":[{"href":"https:\/\/www.europesays.com\/es\/wp-json\/wp\/v2\/types\/post"}],"author":[{"embeddable":true,"href":"https:\/\/www.europesays.com\/es\/wp-json\/wp\/v2\/users\/2"}],"replies":[{"embeddable":true,"href":"https:\/\/www.europesays.com\/es\/wp-json\/wp\/v2\/comments?post=145512"}],"version-history":[{"count":0,"href":"https:\/\/www.europesays.com\/es\/wp-json\/wp\/v2\/posts\/145512\/revisions"}],"wp:featuredmedia":[{"embeddable":true,"href":"https:\/\/www.europesays.com\/es\/wp-json\/wp\/v2\/media\/145513"}],"wp:attachment":[{"href":"https:\/\/www.europesays.com\/es\/wp-json\/wp\/v2\/media?parent=145512"}],"wp:term":[{"taxonomy":"category","embeddable":true,"href":"https:\/\/www.europesays.com\/es\/wp-json\/wp\/v2\/categories?post=145512"},{"taxonomy":"post_tag","embeddable":true,"href":"https:\/\/www.europesays.com\/es\/wp-json\/wp\/v2\/tags?post=145512"}],"curies":[{"name":"wp","href":"https:\/\/api.w.org\/{rel}","templated":true}]}}