{"id":145520,"date":"2025-09-29T02:45:11","date_gmt":"2025-09-29T02:45:11","guid":{"rendered":"https:\/\/www.europesays.com\/es\/145520\/"},"modified":"2025-09-29T02:45:11","modified_gmt":"2025-09-29T02:45:11","slug":"el-surne-bilbao-basket-se-pasa-al-remo-para-hacer-equipo","status":"publish","type":"post","link":"https:\/\/www.europesays.com\/es\/145520\/","title":{"rendered":"El Surne Bilbao Basket se pasa al remo para hacer equipo"},"content":{"rendered":"<p>El remo es un deporte en el que resulta fundamental ir todos a una, confiando a pies juntillas en el patr\u00f3n. Tanto los remeros m\u00e1s  &#8230; fuertes como los ligeros tienen su trascendencia en el engranaje. El Surne se ha subido este domingo a la &#8216;Tomatera&#8217; de Deusto como actividad complementaria para que esos valores arraunlaris calen en un grupo que a\u00fan se encuentran en fase de ensamblaje para afrontar una temporada ilusionante que arranca el pr\u00f3ximo fin de semana en M\u00e1laga ante el Unicaja.<\/p>\n<p class=\"v-p\">La cita fue en el pabell\u00f3n de Deusto Arraun\u00a0Elkartea. Cuando comenz\u00f3 el goteo de jugadores \u2013Frey y Lazarevic fueron los primeros en aparecer\u2013, el m\u00edster Jaume Ponsarnau ya estaba consultando cosas a los miembros del club bilba\u00edno que les iban a guiar en la singladura por la r\u00eda como la entrenadora del equipo femenino deustoarra Jone Oliban o la patrona juvenil Eider Longate, entre otros. \u00abLo bueno es que tenemos 3 jugadores originarios de pa\u00edses vikingos\u00bb, dej\u00f3 caer Ponsarnau. Sorprendentemente, el que mejor lo hizo despu\u00e9s fue el escolta estadonunidense Justin Jaworski.<\/p>\n<p class=\"v-p\">Tanto es as\u00ed, que al terminar la jornada, Oliban tent\u00f3 incluso al jugador para que siguiera probando. Puedes venir en verano si quieres para perfeccionar\u00bb, lanz\u00f3. Una vez que toda la tripulaci\u00f3n estuvo lista lleg\u00f3 la hora de las explicaciones. Para la mayor\u00eda era su bautismo en una trainera y hab\u00eda muchas cosas que aprender en poco tiempo. C\u00f3mo bajar la trainera de la balda, lo que es un estrobo y c\u00f3mo colocarlo en el remo para que sirve de sujeci\u00f3n en el tolete, la forma de saltar al bote&#8230;..<\/p>\n<p class=\"v-p\">El exterior catal\u00e1n Aleix Font ejerci\u00f3 de traductor para sus compa\u00f1eros, mientras Ponsarnau se lanzaba a preguntar pensando en que sus jugadores entendiesen la trascendencia de ir todos a una. Ese ser\u00e1 precisamente el lema de los hombres de negro este curso &#8216;Batera&#8217;. \u00ab\u00bfQui\u00e9n es el remero m\u00e1s importante dentro de la trainera?\u00bb, cuestion\u00f3 el de T\u00e1rrega a su hom\u00f3loga tomatera. \u00abTodos tienen su importancia\u00bb, respondi\u00f3 Oliban. Acto seguido el preparador del Surne enfatiz\u00f3 la cuesti\u00f3n a sus\u00a0hombres.<\/p>\n<p class=\"v-p\">Trasladar la embarcaci\u00f3n al pantal\u00e1n y botarla al agua fue relativamente sencillo para los integrantes del Bilbao Basket. Lo complicado lleg\u00f3 a la hora de hacerla navegar, mientras un numeroso grupo de curiosos observaba con atenci\u00f3n las operaciones desde el paseo paralelo a la r\u00eda bilba\u00edna. Los m\u00e1s potentes \u2013Hlinason y Sylla\u2013 en la cuarta tosta, Krampelj y Petrassek en la tercera, Bagayoko y Lazerovic en la segunda, mientras que Normantas y Pantzar se sentaron en la quinta bancada con Frey y Jaworski ejerciendo de cobres y Font de proa.<\/p>\n<p>Jaworski con maneras<\/p>\n<p class=\"v-p\">Y a la orden de Ponsarnau la &#8216;Tomatera&#8217; se puso en marcha con Eider Longate como patrona. \u00ab\u00a1Vamos batera! \/ \u00a1Vamos a todos a una!\u00bb fue el mensaje del m\u00edster aprovechando el lema de la temporada. El viento soplaba con fuerza y la trainera puso rumbo hacia el puente de Deusto para aprovechar su empuje y volver luego a favor de la corriente \u2013la marea estaba bajando\u2013. Entre una cosa y la otra unos 40 minutos de singladura en las que Jaworski fue el alumno aventajado.<\/p>\n<p class=\"v-p\">\u00abEstamos en un momento de definir roles y esto nos viene bien para asimilar que todos ellos son igual de importantes y tienen su momento pensando en alcanzar objetivos\u00bb, recalc\u00f3 Ponsarnau al desembarcar. El t\u00e9cnico, una vez colgada de nuevo la trainera en la balda reuni\u00f3 a la tripulaci\u00f3n a las puertas del pabell\u00f3n como si de un tiempo muerto a pie de pista se tratase, les hizo juntar sus manos para poner puntos final a la sesi\u00f3n al grito de \u00ab\u00a1Bat, bi, hiru &#8216;Tomatera!\u00bb. \u00abSylla estoy muy orgulloso de t\u00ed, aunque no hayas remado muy bien\u00bb, brome\u00f3 Ponsarnau con el p\u00edvot senegal\u00e9s. El Surne trabaja a contrarreloj dentro y fuera del agua para hacer bloque y remar todos a una intentando explotar las cualidades individuales en beneficio del colectivo. Danak batera.<\/p>\n","protected":false},"excerpt":{"rendered":"El remo es un deporte en el que resulta fundamental ir todos a una, confiando a pies juntillas&hellip;\n","protected":false},"author":2,"featured_media":145521,"comment_status":"","ping_status":"","sticky":false,"template":"","format":"standard","meta":{"footnotes":""},"categories":[269],"tags":[299,298,168,622,25,24,3954,11957,23,167,40205],"class_list":{"0":"post-145520","1":"post","2":"type-post","3":"status-publish","4":"format-standard","5":"has-post-thumbnail","7":"category-baloncesto","8":"tag-baloncesto","9":"tag-basketball","10":"tag-deportes","11":"tag-equipo","12":"tag-es","13":"tag-espana","14":"tag-pasa","15":"tag-remo","16":"tag-spain","17":"tag-sports","18":"tag-surne"},"share_on_mastodon":{"url":"","error":""},"_links":{"self":[{"href":"https:\/\/www.europesays.com\/es\/wp-json\/wp\/v2\/posts\/145520","targetHints":{"allow":["GET"]}}],"collection":[{"href":"https:\/\/www.europesays.com\/es\/wp-json\/wp\/v2\/posts"}],"about":[{"href":"https:\/\/www.europesays.com\/es\/wp-json\/wp\/v2\/types\/post"}],"author":[{"embeddable":true,"href":"https:\/\/www.europesays.com\/es\/wp-json\/wp\/v2\/users\/2"}],"replies":[{"embeddable":true,"href":"https:\/\/www.europesays.com\/es\/wp-json\/wp\/v2\/comments?post=145520"}],"version-history":[{"count":0,"href":"https:\/\/www.europesays.com\/es\/wp-json\/wp\/v2\/posts\/145520\/revisions"}],"wp:featuredmedia":[{"embeddable":true,"href":"https:\/\/www.europesays.com\/es\/wp-json\/wp\/v2\/media\/145521"}],"wp:attachment":[{"href":"https:\/\/www.europesays.com\/es\/wp-json\/wp\/v2\/media?parent=145520"}],"wp:term":[{"taxonomy":"category","embeddable":true,"href":"https:\/\/www.europesays.com\/es\/wp-json\/wp\/v2\/categories?post=145520"},{"taxonomy":"post_tag","embeddable":true,"href":"https:\/\/www.europesays.com\/es\/wp-json\/wp\/v2\/tags?post=145520"}],"curies":[{"name":"wp","href":"https:\/\/api.w.org\/{rel}","templated":true}]}}