{"id":145534,"date":"2025-09-29T02:55:14","date_gmt":"2025-09-29T02:55:14","guid":{"rendered":"https:\/\/www.europesays.com\/es\/145534\/"},"modified":"2025-09-29T02:55:14","modified_gmt":"2025-09-29T02:55:14","slug":"ella-no-podia-mantener-el-ritmo-de-vida-que-el-queria-mantener","status":"publish","type":"post","link":"https:\/\/www.europesays.com\/es\/145534\/","title":{"rendered":"Ella no pod\u00eda mantener el ritmo de vida que \u00e9l quer\u00eda mantener"},"content":{"rendered":"<p><img loading=\"lazy\" decoding=\"async\" src=\"https:\/\/www.europesays.com\/es\/wp-content\/uploads\/2025\/09\/100x100_informalia-logo.jpg\" itemtype=\"\/\/schema.org\/ImageObject\" itemprop=\"url\" alt=\"Informalia\" width=\"64\" height=\"64\" pinger-seen=\"true\"\/><\/p>\n<p>Tras confirmarse la ruptura entre <b>Telma Ortiz<\/b> (51) y el abogado <b>Robert Gavin Bonnar<\/b> (59), despu\u00e9s de seis a\u00f1os de relaci\u00f3n, siguen saliendo m\u00e1s detalles sobre el motivo que llev\u00f3 a la hermana de la reina Letizia a poner punto final a su historia de amor con el padre de su hija Erin. Tal y como han explicado en D Coraz\u00f3n, el detonante habr\u00eda sido la econom\u00eda familiar. <\/p>\n<p><b>\u00abTelma abandon\u00f3 la casa familiar hace un a\u00f1o y medio,<\/b> en junio del pasado a\u00f1o. <b>Viv\u00edan en La Moraleja, pero tuvieron que dejarla porque no pod\u00edan afrontar el pago<\/b>. Telma trabaja mucho, pero su expareja trabaja menos y no tiene ingresos\u00bb, ha deslizado Silvia Taul\u00e9s en el programa de La 1. Y ha explicado:<b> \u00abElla no pod\u00eda sostener el ritmo de vida que \u00e9l pretend\u00eda llevar<\/b>. \u00c9l no era rico, la que ten\u00eda recursos era su mujer; \u00e9l era el abogado de The Corrs. Con hijos y muchos gastos por delante, Telma decidi\u00f3 abandonar la casa\u00bb.<\/p>\n<p>La periodista tambi\u00e9n ha contado que uno de los encontronazos m\u00e1s tensos en la relaci\u00f3n se produjo durante la presentaci\u00f3n de El cuarto poder, la novela que Robert decidi\u00f3 publicar pese a no contar con el apoyo de ella. \u00abEl cu\u00f1ado de la reina Letizia se empe\u00f1\u00f3 en sacar adelante ese proyecto, pero no gust\u00f3 a nadie.<b> Telma siempre hab\u00eda preferido mantenerse en un segundo plano,<\/b> lejos del foco medi\u00e1tico, y <b>con este libro la expuso de nuevo al disparadero\u00bb<\/b>, ha explicado. Seg\u00fan Taul\u00e9s, aquel d\u00eda mantuvieron una fuerte discusi\u00f3n que termin\u00f3 por sellar su ruptura definitiva. Y ha a\u00f1adido: \u00abAh\u00ed s\u00ed se dan situaciones que no vamos a entrar, porque forman parte de la intimidad, pero<b> hay situaciones escabrosas. Es imposible que Telma le perdone\u00bb<\/b>. <\/p>\n<p>La decisi\u00f3n de separarse lleg\u00f3 de forma discreta, <b>aunque las se\u00f1ales de su distanciamiento se hicieron de notar<\/b>. Desde hace un tiempo dejaron de ir juntos a planes que antes hac\u00edan en com\u00fan, y en una de las reuniones con amigos, \u00abel propio Gavin dej\u00f3 caer que la historia matrimonial estaba en fase de ruptura\u00bb, seg\u00fan avanz\u00f3 Vanitatis y confirm\u00f3 Informalia.<\/p>\n<p>WhatsApp<a href=\"https:\/\/api.whatsapp.com\/send?text=https:\/\/www.eleconomista.es\/informalia\/famosos\/noticias\/13567120\/09\/25\/el-motivo-de-peso-que-detono-la-relacion-de-telma-ortiz-y-robert-gavin-ella-no-podia-mantener-el-ritmo-de-vida-que-el-queria-mantener.html?utm_source%3Dwhatsapp%26utm_medium%3Dshare_button&amp;id=1648118629957_whatsapp\" target=\"_blank\" data-action=\"share\/whatsapp\/share\" aria-label=\"Compartir en Whatsapp\" rel=\"nofollow noopener\"><\/a>Facebook<a id=\"fb-share\" href=\"#\" target=\"_blank\" rel=\"noopener noreferrer\" aria-label=\"Compartir en Facebook\"><\/a>Twitter<a href=\"https:\/\/twitter.com\/share?text=El+motivo+de+peso+que+deton%C3%B3+la+relaci%C3%B3n+de+Telma+Ortiz+y+Robert+Gavin%3A+%22Ella+no+pod%C3%ADa+mantener+el+ritmo+de+vida+que+%C3%A9l+quer%C3%ADa+mantener%22&amp;url=https:\/\/www.eleconomista.es\/informalia\/famosos\/noticias\/13567120\/09\/25\/el-motivo-de-peso-que-detono-la-relacion-de-telma-ortiz-y-robert-gavin-ella-no-podia-mantener-el-ritmo-de-vida-que-el-queria-mantener.html&amp;via=Informalia&amp;id=1648118839245_twitter\" target=\"_blank\" aria-label=\"Compartir en Twitter\" rel=\"nofollow noopener\"><\/a>Linkedin<a onclick=\"return abrirLinkedin();\" href=\"https:\/\/www.linkedin.com\/shareArticle?text=El+motivo+de+peso+que+deton%C3%B3+la+relaci%C3%B3n+de+Telma+Ortiz+y+Robert+Gavin%3A+%22Ella+no+pod%C3%ADa+mantener+el+ritmo+de+vida+que+%C3%A9l+quer%C3%ADa+mantener%22&amp;url=https:\/\/www.eleconomista.es\/informalia\/famosos\/noticias\/13567120\/09\/25\/el-motivo-de-peso-que-detono-la-relacion-de-telma-ortiz-y-robert-gavin-ella-no-podia-mantener-el-ritmo-de-vida-que-el-queria-mantener.html&amp;mini=true\" target=\"_blank\" aria-label=\"Compartir en linkedin\" rel=\"nofollow noopener\"><\/a>Beloud<a href=\"https:\/\/beloud.com\/share?text=El+motivo+de+peso+que+deton%C3%B3+la+relaci%C3%B3n+de+Telma+Ortiz+y+Robert+Gavin%3A+%22Ella+no+pod%C3%ADa+mantener+el+ritmo+de+vida+que+%C3%A9l+quer%C3%ADa+mantener%22&amp;url=https:\/\/www.eleconomista.es\/informalia\/famosos\/noticias\/13567120\/09\/25\/el-motivo-de-peso-que-detono-la-relacion-de-telma-ortiz-y-robert-gavin-ella-no-podia-mantener-el-ritmo-de-vida-que-el-queria-mantener.html&amp;via=Informalia&amp;id=1648118839245_beloud\" target=\"_blank\" aria-label=\"Compartir en beloud\" rel=\"nofollow noopener\"><\/a>Bluesky<a href=\"https:\/\/bsky.app\/intent\/compose?text=https:\/\/bsky.app\/intent\/compose?text=https:\/\/www.eleconomista.es\/informalia\/famosos\/noticias\/13567120\/09\/25\/el-motivo-de-peso-que-detono-la-relacion-de-telma-ortiz-y-robert-gavin-ella-no-podia-mantener-el-ritmo-de-vida-que-el-queria-mantener.html&amp;url=https:\/\/www.eleconomista.es\/informalia\/famosos\/noticias\/13567120\/09\/25\/el-motivo-de-peso-que-detono-la-relacion-de-telma-ortiz-y-robert-gavin-ella-no-podia-mantener-el-ritmo-de-vida-que-el-queria-mantener.html&amp;via=elEconomistaes&amp;id=1648118839245_bluesky\" target=\"_blank\" aria-label=\"Compartir en bluesky\" rel=\"nofollow noopener\"><\/a><\/p>\n<p><script async src=\"https:\/\/platform.twitter.com\/widgets.js\" charset=\"utf-8\"><\/script><\/p>\n","protected":false},"excerpt":{"rendered":"Tras confirmarse la ruptura entre Telma Ortiz (51) y el abogado Robert Gavin Bonnar (59), despu\u00e9s de seis&hellip;\n","protected":false},"author":2,"featured_media":145535,"comment_status":"","ping_status":"","sticky":false,"template":"","format":"standard","meta":{"footnotes":""},"categories":[91],"tags":[146,147,25,24,260,23],"class_list":{"0":"post-145534","1":"post","2":"type-post","3":"status-publish","4":"format-standard","5":"has-post-thumbnail","7":"category-entretenimiento","8":"tag-entertainment","9":"tag-entretenimiento","10":"tag-es","11":"tag-espana","12":"tag-gente","13":"tag-spain"},"share_on_mastodon":{"url":"","error":""},"_links":{"self":[{"href":"https:\/\/www.europesays.com\/es\/wp-json\/wp\/v2\/posts\/145534","targetHints":{"allow":["GET"]}}],"collection":[{"href":"https:\/\/www.europesays.com\/es\/wp-json\/wp\/v2\/posts"}],"about":[{"href":"https:\/\/www.europesays.com\/es\/wp-json\/wp\/v2\/types\/post"}],"author":[{"embeddable":true,"href":"https:\/\/www.europesays.com\/es\/wp-json\/wp\/v2\/users\/2"}],"replies":[{"embeddable":true,"href":"https:\/\/www.europesays.com\/es\/wp-json\/wp\/v2\/comments?post=145534"}],"version-history":[{"count":0,"href":"https:\/\/www.europesays.com\/es\/wp-json\/wp\/v2\/posts\/145534\/revisions"}],"wp:featuredmedia":[{"embeddable":true,"href":"https:\/\/www.europesays.com\/es\/wp-json\/wp\/v2\/media\/145535"}],"wp:attachment":[{"href":"https:\/\/www.europesays.com\/es\/wp-json\/wp\/v2\/media?parent=145534"}],"wp:term":[{"taxonomy":"category","embeddable":true,"href":"https:\/\/www.europesays.com\/es\/wp-json\/wp\/v2\/categories?post=145534"},{"taxonomy":"post_tag","embeddable":true,"href":"https:\/\/www.europesays.com\/es\/wp-json\/wp\/v2\/tags?post=145534"}],"curies":[{"name":"wp","href":"https:\/\/api.w.org\/{rel}","templated":true}]}}