{"id":145536,"date":"2025-09-29T02:56:10","date_gmt":"2025-09-29T02:56:10","guid":{"rendered":"https:\/\/www.europesays.com\/es\/145536\/"},"modified":"2025-09-29T02:56:10","modified_gmt":"2025-09-29T02:56:10","slug":"el-desmontaje-de-la-nueva-ps5-slim-con-menos-almacenamiento-revela-cambios-de-diseno-y-pone-a-prueba-su-rendimiento","status":"publish","type":"post","link":"https:\/\/www.europesays.com\/es\/145536\/","title":{"rendered":"El desmontaje de la nueva PS5 Slim con menos almacenamiento revela cambios de dise\u00f1o y pone a prueba su rendimiento"},"content":{"rendered":"<p>\t\t<a href=\"https:\/\/www.notebookcheck.org\/fileadmin\/Notebooks\/News\/_nc5\/PS5SlimDigitalConsoleBanner.jpg\" data-caption=\"Banner con la consola PS5 Slim Digital (Fuente de la imagen: Sony PlayStation con ediciones)\" rel=\"nofollow noopener\" target=\"_blank\"><img decoding=\"async\" src=\"https:\/\/www.europesays.com\/es\/wp-content\/uploads\/2025\/09\/csm_PS5SlimDigitalConsoleBanner_2b6930e22d.jpg\" loading=\"lazy\" fetchpriority=\"high\" width=\"240\" height=\"180\" alt=\"Banner con la consola PS5 Slim Digital (Fuente de la imagen: Sony PlayStation con ediciones)\"\/><\/a>Banner con la consola PS5 Slim Digital (Fuente de la imagen: Sony PlayStation con ediciones)<\/p>\n<p>Los compradores europeos est\u00e1n echando un vistazo a las entra\u00f1as de la PS5 Slim revisada. El teardown del YouTuber Austin Evans muestra c\u00f3mo la consola tiene un aspecto ligeramente diferente con una construcci\u00f3n m\u00e1s ligera. Sony tambi\u00e9n ha remodelado la disposici\u00f3n de la placa base, pero no hay mejoras de rendimiento que justifiquen una menor capacidad de almacenamiento de la PS5.<\/p>\n<p class=\"bodytext\">Los jugadores sorprendidos se enteraron recientemente de que Sony estaba enviando una <a href=\"http:\/\/www.notebookcheck.net\/Sony-releases-a-new-PS5-Digital-Edition-with-825GB-storage-for-EUR499-99-but-you-can-buy-the-1TB-version-for-EUR449.1116046.0.html\" target=\"_self\" class=\"internal-link\" rel=\"nofollow noopener\">nueva PS5 Slim en Europa<\/a>. Para evitar <a href=\"http:\/\/www.notebookcheck.net\/Following-PS5-price-increase-Sony-sending-100-PlayStation-Store-credits-for-console-upgrades.1102817.0.html\" target=\"_self\" class=\"internal-link\" rel=\"nofollow noopener\">nuevos aumentos de precio<\/a>el modelo CFI-210 presenta una reducci\u00f3n de la capacidad de almacenamiento de 1 TB a 825 GB. Sin embargo, hasta un desmontaje de <a href=\"https:\/\/www.youtube.com\/watch?v=-0UrxVnRxLo\" target=\"_blank\" rel=\"nofollow noopener\">de Austin Evans<\/a>no estaba claro qu\u00e9 otras modificaciones hab\u00eda realizado Sony. El YouTuber descubri\u00f3 algunos retoques de dise\u00f1o, pero ninguna ventaja que acalle a los cr\u00edticos.  &#13;<\/p>\n<p class=\"bodytext\">Una modificaci\u00f3n que algunos fans pueden apreciar es el cambio hacia un exterior totalmente mate. La <a href=\"http:\/\/www.notebookcheck.net\/PS5-Slim-secrets-revealed-in-teardown-videos-Modular-potential-and-port-upgrades-but-no-die-shrink-included.765384.0.html\" target=\"_self\" class=\"internal-link\" rel=\"nofollow noopener\">pS5 Slim original<\/a> tiene material brillante en parte de sus paneles laterales y en la franja negra que rodea los puertos. Ahora, los propietarios podr\u00edan evitar los ara\u00f1azos m\u00e1s visibles que se acumulan por el inevitable desgaste.  &#13;<\/p>\n<p class=\"bodytext\">Austin Evans tambi\u00e9n ha comprobado que el nuevo modelo PS5 Slim Digital pesa 2433 gramos, en lugar de los 2556 gramos de su predecesora. Es poco probable que la disminuci\u00f3n del almacenamiento de la PS5 explique una diferencia de 123 gramos. Para investigar m\u00e1s a fondo, el creador de contenidos abri\u00f3 la consola.<\/p>\n<p class=\"bodytext\">Resulta que la placa de acero que protege la placa base es m\u00e1s fina. Eso contribuye en parte a un peso total m\u00e1s delgado. La discrepancia restante es m\u00e1s bien un misterio. A\u00fan as\u00ed, Evans descubri\u00f3 que los tubos de calor del modelo CFI-210 tienen una orientaci\u00f3n \u00fanica. Tambi\u00e9n hay menos VRM en la placa base revisada, pero curiosamente, m\u00e1s m\u00f3dulos NAND para una SSD m\u00e1s peque\u00f1a.&#13;<\/p>\n<p>Rendimiento de la nueva PS5 Slim Digital<\/p>\n<p class=\"bodytext\">Evans prob\u00f3 el consumo energ\u00e9tico y la temperatura de la \u00faltima PS5 Slim Digital y no se encontr\u00f3 con ninguna sorpresa. El sistema no consume m\u00e1s energ\u00eda y s\u00f3lo funciona a una temperatura marginalmente superior. Los jugadores tambi\u00e9n podr\u00e1n comprobar que el gran ventilador interno funciona de forma m\u00e1s silenciosa.&#13;<\/p>\n<p class=\"bodytext\">Apreciando algunos cambios inteligentes en el dise\u00f1o, la \u00fanica queja del emisor es con el menor espacio de almacenamiento disponible. A medida que los juegos aumenten de tama\u00f1o, los nuevos conversos a PlayStation tendr\u00e1n que tomar decisiones dif\u00edciles o a\u00f1adir una <a href=\"http:\/\/www.notebookcheck.net\/PS5-SSD-storage-expansion-is-finally-here-but-only-on-the-beta-firmware-version.552668.0.html\" target=\"_self\" class=\"internal-link\" rel=\"nofollow noopener\">sSD de expansi\u00f3n<\/a>. Si Sony no es capaz de evitar otro aumento de precio de PS5 para la opci\u00f3n digital, eso s\u00f3lo aumentar\u00e1 las frustraciones.&#13;<\/p>\n<p class=\"bodytext\">Recientemente, otra <a href=\"http:\/\/www.notebookcheck.net\/Revised-PS5-Pro-console-headed-to-Europe-at-same-price-after-release-of-reduced-storage-PS5.1124307.0.html\" target=\"_self\" class=\"internal-link\" rel=\"nofollow noopener\">Versi\u00f3n PS5 Pro apareci\u00f3 en Europa<\/a>con el n\u00famero de modelo CFI-7121. Utilizando el mismo tama\u00f1o de unidad, s\u00f3lo otro teardown podr\u00eda determinar por qu\u00e9 el fabricante alter\u00f3 su consola insignia.<\/p>\n<p><a href=\"\"><img decoding=\"async\" src=\"https:\/\/www.europesays.com\/es\/wp-content\/uploads\/2025\/07\/csm_Adam_Corsetti_January_15_f81f719f0f.jpg\" loading=\"lazy\" width=\"120\" height=\"120\" alt=\"Adam Corsetti\"\/><\/a><a href=\"\"><img decoding=\"async\" src=\"https:\/\/www.europesays.com\/es\/wp-content\/uploads\/2025\/07\/csm_ninh_duy_ee54bf9777.jpg\" loading=\"lazy\" width=\"120\" height=\"120\" alt=\"Ninh Duy\"\/><\/a>Translator: <a href=\"\" class=\"j_name\">Ninh Ngoc Duy<\/a> &#8211; Editorial Assistant  &#8211; 626404 articles published on Notebookcheck since 2008<\/p>\n","protected":false},"excerpt":{"rendered":"Banner con la consola PS5 Slim Digital (Fuente de la imagen: Sony PlayStation con ediciones) Los compradores europeos&hellip;\n","protected":false},"author":2,"featured_media":145537,"comment_status":"","ping_status":"","sticky":false,"template":"","format":"standard","meta":{"footnotes":""},"categories":[81],"tags":[22815,44803,44804,44799,119,123,124,483,44797,25,24,700,6406,6404,10,44808,1109,6405,44801,44802,2761,44796,44807,44798,44795,44794,44805,23358,44800,117,121,122,1032,23,44806,28642,118,120,44809],"class_list":{"0":"post-145536","1":"post","2":"type-post","3":"status-publish","4":"format-standard","5":"has-post-thumbnail","7":"category-ciencia-y-tecnologia","8":"tag-almacenamiento","9":"tag-aumento-precio-ps5","10":"tag-austin-evans","11":"tag-cfi-210","12":"tag-ciencia","13":"tag-ciencia-y-tecnologia","14":"tag-cienciaytecnologia","15":"tag-consola","16":"tag-diseno-ps5-slim","17":"tag-es","18":"tag-espana","19":"tag-europa","20":"tag-informaciones","21":"tag-informes","22":"tag-noticias","23":"tag-placa-base","24":"tag-playstation","25":"tag-portatil","26":"tag-precio-ps5","27":"tag-precio-ps5-slim","28":"tag-prueba","29":"tag-ps5-almacenamiento","30":"tag-ps5-pro","31":"tag-ps5-slim-digital","32":"tag-ps5-slim-teardown","33":"tag-ps5-teardown","34":"tag-refrigeracion","35":"tag-rendimiento","36":"tag-rendimiento-ps5-slim","37":"tag-science","38":"tag-science-and-technology","39":"tag-scienceandtechnology","40":"tag-sony","41":"tag-spain","42":"tag-ssd","43":"tag-teardown","44":"tag-technology","45":"tag-tecnologia","46":"tag-termicas"},"share_on_mastodon":{"url":"","error":""},"_links":{"self":[{"href":"https:\/\/www.europesays.com\/es\/wp-json\/wp\/v2\/posts\/145536","targetHints":{"allow":["GET"]}}],"collection":[{"href":"https:\/\/www.europesays.com\/es\/wp-json\/wp\/v2\/posts"}],"about":[{"href":"https:\/\/www.europesays.com\/es\/wp-json\/wp\/v2\/types\/post"}],"author":[{"embeddable":true,"href":"https:\/\/www.europesays.com\/es\/wp-json\/wp\/v2\/users\/2"}],"replies":[{"embeddable":true,"href":"https:\/\/www.europesays.com\/es\/wp-json\/wp\/v2\/comments?post=145536"}],"version-history":[{"count":0,"href":"https:\/\/www.europesays.com\/es\/wp-json\/wp\/v2\/posts\/145536\/revisions"}],"wp:featuredmedia":[{"embeddable":true,"href":"https:\/\/www.europesays.com\/es\/wp-json\/wp\/v2\/media\/145537"}],"wp:attachment":[{"href":"https:\/\/www.europesays.com\/es\/wp-json\/wp\/v2\/media?parent=145536"}],"wp:term":[{"taxonomy":"category","embeddable":true,"href":"https:\/\/www.europesays.com\/es\/wp-json\/wp\/v2\/categories?post=145536"},{"taxonomy":"post_tag","embeddable":true,"href":"https:\/\/www.europesays.com\/es\/wp-json\/wp\/v2\/tags?post=145536"}],"curies":[{"name":"wp","href":"https:\/\/api.w.org\/{rel}","templated":true}]}}