{"id":145540,"date":"2025-09-29T02:58:08","date_gmt":"2025-09-29T02:58:08","guid":{"rendered":"https:\/\/www.europesays.com\/es\/145540\/"},"modified":"2025-09-29T02:58:08","modified_gmt":"2025-09-29T02:58:08","slug":"se-supera-la-cifra-de-66-000-muertos-en-gaza-antes-de-la-reunion-de-netanyahu-con-trump","status":"publish","type":"post","link":"https:\/\/www.europesays.com\/es\/145540\/","title":{"rendered":"Se supera la cifra de 66.000 muertos en Gaza antes de la reuni\u00f3n de Netanyahu con Trump"},"content":{"rendered":"<p>          <img decoding=\"async\" class=\"c-ad__placeholder__logo\" src=\"https:\/\/static.euronews.com\/website\/images\/logos\/logo-euronews-stacked-outlined-72x72-grey-9.svg\" width=\"72\" height=\"72\" alt=\"\" loading=\"lazy\"\/><br \/>\n          PUBLICIDAD<\/p>\n<p><strong>Netanyahu<\/strong> enfrenta una presi\u00f3n internacional sin precedentes para poner fin a la guerra en Gaza. Sus principales aliados occidentales se han sumado a una lista creciente de pa\u00edses que reconocen un Estado palestino, desafiando las objeciones israel\u00edes. <strong>La Uni\u00f3n Europea est\u00e1 considerando imponer sanciones contra Israel<\/strong>, mientras crecen los movimientos para un boicot deportivo y cultural.<\/p>\n<p>Durante su intervenci\u00f3n en la <a href=\"https:\/\/es.euronews.com\/2025\/09\/26\/depongan-las-armas-y-liberen-a-los-rehenes-dice-netanyahu-a-hamas-ante-la-onu\" rel=\"nofollow noopener\" target=\"_blank\">Asamblea General de la ONU el viernes, Netanyahu<\/a> se mostr\u00f3 desafiante ante las cr\u00edticas internacionales, declarando que su naci\u00f3n \u00abdebe terminar el trabajo\u00bb contra Ham\u00e1s en Gaza, mientras su ej\u00e9rcito contin\u00faa la ofensiva en la ciudad de Gaza.<\/p>\n<p>La propuesta de alto el fuego de Trump<\/p>\n<p>El presidente estadounidense <a href=\"https:\/\/es.euronews.com\/2025\/09\/27\/estos-son-los-21-puntos-del-plan-de-trump-para-poner-fin-a-la-guerra-de-gaza\" rel=\"nofollow noopener\" target=\"_blank\">Trump ha presentado un plan de 21 puntos para un alto el fuego inmediato<\/a>, seg\u00fan fuentes \u00e1rabes familiarizadas con la propuesta. El plan incluir\u00eda la liberaci\u00f3n de todos los rehenes en un plazo de 48 horas y una retirada gradual de las fuerzas israel\u00edes del enclave palestino.<\/p>\n<p>Trump discuti\u00f3 la propuesta con l\u00edderes \u00e1rabes durante la Asamblea General de la ONU en Nueva York. Un funcionario de Ham\u00e1s confirm\u00f3 que <strong>el grupo fue informado sobre el plan, aunque a\u00fan no ha recibido una oferta oficial<\/strong> a trav\u00e9s de los mediadores egipcios y qatar\u00edes. Ham\u00e1s ha expresado su disposici\u00f3n a \u00abestudiar cualquier propuesta de manera positiva y responsable\u00bb.<\/p>\n<p>Paralelamente, el embajador estadounidense en Israel, <strong>Mike Huckabee, visitar\u00e1 El Cairo el pr\u00f3ximo mes para reunirse con funcionarios egipcios<\/strong> y discutir tanto el alto el fuego como las deterioradas relaciones entre Egipto e Israel.<\/p>\n<p>Devastaci\u00f3n humanitaria en Gaza<\/p>\n<p>Los hospitales locales en el centro de Gaza reportaron al menos 10 muertos cuando dos ataques impactaron viviendas en el campo de refugiados de Nuseirat. <strong>El Ministerio de Salud de Gaza elev\u00f3 el balance total a 66.005 muertos<\/strong> y <strong>168.162 heridos<\/strong> desde el ataque de Ham\u00e1s del 7 de octubre de 2023. En fr\u00edos t\u00e9rminos num\u00e9ricos, es como si hubieran muerto <strong>m\u00e1s de 91 personas fallecidas por d\u00eda desde el inicio del conflicto<\/strong>.<\/p>\n<p>La ofensiva israel\u00ed ha destruido vastas \u00e1reas de Gaza, desplazado alrededor del 90% de la poblaci\u00f3n y causado una crisis humanitaria catastr\u00f3fica. Los expertos se\u00f1alan que la <a href=\"https:\/\/es.euronews.com\/2025\/08\/22\/la-onu-confirma-por-primera-vez-la-hambruna-en-la-ciudad-de-gaza-y-advierte-de-su-expansio\" rel=\"nofollow noopener\" target=\"_blank\"><strong>ciudad de Gaza est\u00e1 experimentando hambruna<\/strong><\/a>, mientras que <strong>48 rehenes permanecen en cautiverio<\/strong>, de los cuales unos <strong>20 se cree que siguen con vida<\/strong>.<\/p>\n<p>Evacuaci\u00f3n de ni\u00f1os que necesitan atenci\u00f3n m\u00e9dica<\/p>\n<p>El <strong>Ministerio de Asuntos Exteriores italiano<\/strong> est\u00e1 organizando nuevas operaciones de evacuaci\u00f3n entre lunes y mi\u00e9rcoles para trasladar ni\u00f1os palestinos que necesitan atenci\u00f3n m\u00e9dica y estudiantes procedentes de la Franja de Gaza.<\/p>\n<p><strong>Tres aviones C-130<\/strong> de la Fuerza A\u00e9rea italiana aterrizar\u00e1n en los aeropuertos de Ciampino, Lecce Galatina y Verona. Entre los pacientes se encuentra la peque\u00f1a Tuleen, una ni\u00f1a que sufre una grave malformaci\u00f3n cong\u00e9nita.<\/p>\n<p>Con esta \u00faltima evacuaci\u00f3n sanitaria, ser\u00e1n <strong>casi doscientos los ni\u00f1os de Gaza y sus familiares los acogidos en Italia<\/strong>, sumando un total de seiscientas cincuenta y siete personas en el marco de las operaciones sanitarias del Gobierno italiano. <\/p>\n<p><strong>Espa\u00f1a<\/strong> ha realizado cuatro operaciones de evacuaci\u00f3n sanitaria de palestinos desde Gaza <strong>entre julio de 2024 y julio de 2025<\/strong>, <strong>trasladando un total de 155 personas<\/strong>.<\/p>\n<p>La primera evacuaci\u00f3n tuvo lugar en julio de 2024, cuando un avi\u00f3n militar espa\u00f1ol transport\u00f3 desde El Cairo hasta la base de Torrej\u00f3n a <strong>43 personas<\/strong> procedentes de doce unidades familiares. Este grupo, compuesto por diecis\u00e9is pacientes y veintisiete acompa\u00f1antes, incluy\u00f3 tanto adultos como menores que fueron posteriormente distribuidos entre las comunidades de Asturias, Pa\u00eds Vasco, Navarra, Madrid y Toledo.<\/p>\n<p>En diciembre de 2024 se realiz\u00f3 la segunda evacuaci\u00f3n, de menor escala, en la que <strong>ocho personas<\/strong> fueron trasladadas desde Gaza hacia Israel y posteriormente transportadas a Madrid-Barajas en un vuelo gestionado por el Ej\u00e9rcito rumano. Entre los evacuados se encontraban dos pacientes con sus respectivos acompa\u00f1antes, que permanecieron en la capital espa\u00f1ola.<\/p>\n<p>La tercera operaci\u00f3n se llev\u00f3 a cabo en abril de 2025, cuando un avi\u00f3n eslovaco evacu\u00f3 <strong>desde El Cairo hasta Zaragoza a 36 personas<\/strong>, siendo 1 de 3ellas pacientes oncol\u00f3gicos acompa\u00f1ados por veintitr\u00e9s familiares. Este grupo fue posteriormente redistribuido entre Asturias, Pa\u00eds Vasco, Navarra y Catalu\u00f1a.<\/p>\n<p>La evacuaci\u00f3n m\u00e1s reciente se realiz\u00f3 en <strong>julio de 2025<\/strong>, trasladando <strong>desde Amman hasta Zaragoza a 58 personas<\/strong>, entre las que se encontraban catorce pacientes, la mayor\u00eda menores de edad excepto una adulta, junto con 44 acompa\u00f1antes. Al igual que en la operaci\u00f3n anterior, los evacuados fueron enviados a Asturias, Pa\u00eds Vasco, Navarra y Catalu\u00f1a.<\/p>\n","protected":false},"excerpt":{"rendered":"PUBLICIDAD Netanyahu enfrenta una presi\u00f3n internacional sin precedentes para poner fin a la guerra en Gaza. Sus principales&hellip;\n","protected":false},"author":2,"featured_media":145541,"comment_status":"","ping_status":"","sticky":false,"template":"","format":"standard","meta":{"footnotes":""},"categories":[42],"tags":[17,18,13,14,1256,1258,11,61,62,63,64,19,20,4920,9,10,15,16,12,21,22,65,66,67],"class_list":{"0":"post-145540","1":"post","2":"type-post","3":"status-publish","4":"format-standard","5":"has-post-thumbnail","7":"category-internacional","8":"tag-breaking-news","9":"tag-breakingnews","10":"tag-featured-news","11":"tag-featurednews","12":"tag-franja-de-gaza","13":"tag-guerra-israel-hamas","14":"tag-headlines","15":"tag-internacional","16":"tag-international","17":"tag-international-news","18":"tag-internationalnews","19":"tag-latest-news","20":"tag-latestnews","21":"tag-muerte","22":"tag-news","23":"tag-noticias","24":"tag-noticias-destacadas","25":"tag-noticiasdestacadas","26":"tag-titulares","27":"tag-ultimas-noticias","28":"tag-ultimasnoticias","29":"tag-world","30":"tag-world-news","31":"tag-worldnews"},"share_on_mastodon":{"url":"","error":""},"_links":{"self":[{"href":"https:\/\/www.europesays.com\/es\/wp-json\/wp\/v2\/posts\/145540","targetHints":{"allow":["GET"]}}],"collection":[{"href":"https:\/\/www.europesays.com\/es\/wp-json\/wp\/v2\/posts"}],"about":[{"href":"https:\/\/www.europesays.com\/es\/wp-json\/wp\/v2\/types\/post"}],"author":[{"embeddable":true,"href":"https:\/\/www.europesays.com\/es\/wp-json\/wp\/v2\/users\/2"}],"replies":[{"embeddable":true,"href":"https:\/\/www.europesays.com\/es\/wp-json\/wp\/v2\/comments?post=145540"}],"version-history":[{"count":0,"href":"https:\/\/www.europesays.com\/es\/wp-json\/wp\/v2\/posts\/145540\/revisions"}],"wp:featuredmedia":[{"embeddable":true,"href":"https:\/\/www.europesays.com\/es\/wp-json\/wp\/v2\/media\/145541"}],"wp:attachment":[{"href":"https:\/\/www.europesays.com\/es\/wp-json\/wp\/v2\/media?parent=145540"}],"wp:term":[{"taxonomy":"category","embeddable":true,"href":"https:\/\/www.europesays.com\/es\/wp-json\/wp\/v2\/categories?post=145540"},{"taxonomy":"post_tag","embeddable":true,"href":"https:\/\/www.europesays.com\/es\/wp-json\/wp\/v2\/tags?post=145540"}],"curies":[{"name":"wp","href":"https:\/\/api.w.org\/{rel}","templated":true}]}}