{"id":145554,"date":"2025-09-29T03:09:11","date_gmt":"2025-09-29T03:09:11","guid":{"rendered":"https:\/\/www.europesays.com\/es\/145554\/"},"modified":"2025-09-29T03:09:11","modified_gmt":"2025-09-29T03:09:11","slug":"el-real-madrid-denuncia-las-declaraciones-de-directivos-del-barca-sobre-el-caso-negreira-mejor-seguir-pagando","status":"publish","type":"post","link":"https:\/\/www.europesays.com\/es\/145554\/","title":{"rendered":"El Real Madrid denuncia las declaraciones de directivos del Bar\u00e7a sobre el &#8216;caso Negreira&#8217;: \u00abMejor seguir pagando\u00bb"},"content":{"rendered":"<p class=\"paragraph\" id=\"paragraph_1\">El <strong>Real Madrid<\/strong> denunci\u00f3 en el juzgado las declaraciones realizadas por varios de los exdirectivos del <strong>F\u00fatbol Club Barcelona<\/strong> relativas al <strong>&#8216;caso Negreira&#8217;<\/strong>, por el que el club cul\u00e9 pag\u00f3 m\u00e1s de siete millones de euros al vicepresidente del <strong>Comit\u00e9 T\u00e9cnico de \u00c1rbitros<\/strong> durante casi dos d\u00e9cadas.\u00a0<\/p>\n<p class=\"paragraph\" id=\"paragraph_2\">En un mensaje publicado por el ex\u00e1rbitro <strong>Xavier Estrada Fern\u00e1ndez<\/strong>, muy activo en su denuncia contra uno de los episodios m\u00e1s oscuros que ha vivido el f\u00fatbol espa\u00f1ol, se aprecia la solicitud por parte del club blanco de aportar ante el juzgado diferentes testimonios de antiguos dirigentes del Bar\u00e7a.<\/p>\n<p class=\"paragraph\" id=\"paragraph_3\">En concreto, <strong>Estrada<\/strong> se\u00f1ala cuatro duras frases efectuadas por pesos pesados dentro de la entidad azulgrana. \u00abMejor seguir pagando o nos perjudicar\u00e1n\u00bb, coment\u00f3 <strong>Albert Perr\u00edn<\/strong>, vicepresidente del Barcelona en la era de Gaspart.<\/p>\n<blockquote class=\"twitter-tweet\">\n<p dir=\"ltr\" lang=\"ca\">\ud83d\udea8 CAS NEGREIRA \ud83d\udea8<br \/>El Reial Madrid <a href=\"https:\/\/twitter.com\/realmadrid?ref_src=twsrc%5Etfw\" rel=\"nofollow noopener\" target=\"_blank\">@realmadrid<\/a> denuncia al jutjat les pr\u00f2pies declaracions d\u2019exdirectius del Bar\u00e7a:<br \/>\ud83d\udc49 Albert Perr\u00edn: \u201cmillor seguir pagant o ens perjudicaran\u201d<br \/>\ud83d\udc49 Toni Freixa: \u201ctotes les juntes ho sabien\u201d<br \/>\ud83d\udc49 Alfons Godall: \u201ca la RFEF es couen els \u00e0rbitres\u201d<br \/>\ud83d\udc49 Joan\u2026 <a href=\"https:\/\/t.co\/AUUTV9lX4L\" rel=\"nofollow\">pic.twitter.com\/AUUTV9lX4L<\/a><\/p>\n<p>\u2014 Xavi Estrada Fern\u00e0ndez (@XavierEstradaF1) <a href=\"https:\/\/twitter.com\/XavierEstradaF1\/status\/1972374957024743584?ref_src=twsrc%5Etfw\" rel=\"nofollow noopener\" target=\"_blank\">September 28, 2025<\/a><\/p><\/blockquote>\n<p class=\"paragraph\" id=\"paragraph_4\"><strong>Toni Freixa,<\/strong> por su parte, asever\u00f3 que \u00abtodas las Juntas lo sab\u00edan\u00bb, en relaci\u00f3n a los millonarios pagos que efectuaba el <strong>FC Barcelona<\/strong> al n\u00famero 2 de los \u00e1rbitros. En este sentido, otro directivo como <strong>Alfons Godall<\/strong> declar\u00f3 que \u00aben la RFEF se cuecen los \u00e1rbitros\u00bb.<\/p>\n<p class=\"paragraph\" id=\"paragraph_5\">Una \u00faltima declaraci\u00f3n que apunta en su publicaci\u00f3n el excolegiado Estrada Fern\u00e1ndez se\u00f1ala directamente al expresidente <strong>Joan Gaspart<\/strong>. \u00abSi hab\u00eda irregularidades, el presidente lo sab\u00eda seguro\u00bb, afirm\u00f3.<\/p>\n<p class=\"paragraph\" id=\"paragraph_6\">El Real Madrid pide, por lo tanto, que estas confesiones que realizaron los hombres que en diferentes etapas han manejado los hilos del <strong>FC Barcelona<\/strong> se incorporen como prueba al caso.<\/p>\n<p><img loading=\"lazy\" decoding=\"async\" alt=\"Javier Enr\u00edquez Romero, hijo de Negreira, saliendo de los juzgados de Barcelona tras su declaraci\u00f3n.\" height=\"180\" src=\"https:\/\/www.europesays.com\/es\/wp-content\/uploads\/2025\/09\/1003743933909_258866374_320x180.jpg\" width=\"320\" data-lazy-status=\"processed\" data-lazy-info=\"remove loading item 1\"\/><\/p>\n<p class=\"paragraph\" id=\"paragraph_7\">\u00abAl referirse p\u00fablicamente a los hechos han revelado extremos sin duda relevantes para confirmar el sentido y la finalidad corruptora de los pagos efectuados\u00bb, reza el escrito presentado por el Real Madrid sobre todos estos testimonios recabados.<\/p>\n<p class=\"paragraph\" id=\"paragraph_8\">En su reclamaci\u00f3n, el Real Madrid presenta diferentes entrevistas p\u00fablicas realizadas en los medios de comunicaci\u00f3n por parte de algunos de estos directivos del FC Barcelona.\u00a0<\/p>\n<p class=\"paragraph\" id=\"paragraph_9\">Por eso, el conjunto blanco solicita \u00ablas diligencias de instrucci\u00f3n que se expresar\u00e1n para dotar de fehaciencia tanto a la realidad y el contenido de tales manifestaciones como a la vinculaci\u00f3n de sus autores con el citado club\u00bb.<\/p>\n<p><img decoding=\"async\" alt=\"Jos\u00e9 Mar\u00eda Enr\u00edquez Negreira, Joan Laporta y Javier Enr\u00edquez Romero\" height=\"180\" loading=\"lazy\" width=\"320\" data-lazy-status=\"processed\" id=\"d11d494220\" src=\"https:\/\/www.elespanol.com\/deportes\/futbol\/20250928\/real-madrid-denuncia-declaraciones-directivos-barca-caso-negreira-mejor-seguir-pagando\/[\" https:=\"\" data-lazy-info=\"changed src\"\/><\/p>\n<p class=\"paragraph\" id=\"paragraph_10\">Recientemente <strong>Javier Enr\u00edquez<\/strong>, el hijo de <strong>Enr\u00edquez Negreira<\/strong>, desmont\u00f3 la coartada del FC Barcelona y las cajas que present\u00f3 de manera p\u00fablica supuestamente llenas de informes.\u00a0<\/p>\n<p class=\"paragraph\" id=\"paragraph_11\">Sus palabras no solo reforzaron la tesis sobre una posible corrupci\u00f3n deportiva del\u00a0<strong>FC Barcelona<\/strong>, sino que adem\u00e1s contradijeron de forma frontal la estrategia de defensa desplegada por Joan Laporta en abril de 2023.<\/p>\n<p><img decoding=\"async\" alt=\"El hijo del exvicepresidente del Comit\u00e9 T\u00e9cnico de \u00c1rbitros (CTA) Jos\u00e9 Mar\u00eda Enr\u00edquez Negreira, Javier Enr\u00edquez, saliendo de los juzgdos\" height=\"180\" loading=\"lazy\" width=\"320\" data-lazy-status=\"processed\" id=\"a6b0c57d8a\" src=\"https:\/\/www.elespanol.com\/deportes\/futbol\/20250928\/real-madrid-denuncia-declaraciones-directivos-barca-caso-negreira-mejor-seguir-pagando\/[\" https:=\"\" data-lazy-info=\"changed src\"\/><\/p>\n<p class=\"paragraph\" id=\"paragraph_12\">En el testimonio\u00a0de\u00a0<strong>Javier Enr\u00edquez Romero<\/strong>\u00a0ante la jueza\u00a0<strong><a cmp-ltrk=\"links-parrafos\" cmp-ltrk-idx=\"5\" data-mrf-link=\"https:\/\/www.elespanol.com\/deportes\/futbol\/20250115\/caso-negreira-cambia-manos-tribunales-va-camino-cuarta-prorroga\/916658571_0.html\" href=\"https:\/\/www.elespanol.com\/deportes\/futbol\/20250115\/caso-negreira-cambia-manos-tribunales-va-camino-cuarta-prorroga\/916658571_0.html?utm_cmp_rs=linksinline\" mrfobservableid=\"ff2697dd-585e-4fdb-9043-4f4597dc31c1\" rel=\"nofollow noopener\" target=\"_blank\">Alejandra Gil<\/a>\u00a0en el Juzgado de Instrucci\u00f3n n\u00ba 1<\/strong>\u00a0de Barcelona asever\u00f3 que nunca trabaj\u00f3 para el FC Barcelona como asegur\u00f3 Joan Laporta.\u00a0<\/p>\n<p class=\"paragraph\" id=\"paragraph_13\">El hijo de Negreira\u00a0<strong>se desmarc\u00f3 del trabajo y la facturaci\u00f3n que Negreira tuviera con el Bar\u00e7a<\/strong>. Adem\u00e1s, neg\u00f3 ser la persona de contacto con Hacienda en nombre de Dasnil 95, la empresa de su padre.<\/p>\n<p>                                    <script async src=\"https:\/\/platform.twitter.com\/widgets.js\" charset=\"utf-8\"><\/script><\/p>\n","protected":false},"excerpt":{"rendered":"El Real Madrid denunci\u00f3 en el juzgado las declaraciones realizadas por varios de los exdirectivos del F\u00fatbol Club&hellip;\n","protected":false},"author":2,"featured_media":145555,"comment_status":"","ping_status":"","sticky":false,"template":"","format":"standard","meta":{"footnotes":""},"categories":[268],"tags":[168,25,24,280,282,31206,7792,281,23,167],"class_list":{"0":"post-145554","1":"post","2":"type-post","3":"status-publish","4":"format-standard","5":"has-post-thumbnail","7":"category-futbol","8":"tag-deportes","9":"tag-es","10":"tag-espana","11":"tag-football","12":"tag-futbol","13":"tag-negreira","14":"tag-real-madrid-cf","15":"tag-soccer","16":"tag-spain","17":"tag-sports"},"share_on_mastodon":{"url":"","error":""},"_links":{"self":[{"href":"https:\/\/www.europesays.com\/es\/wp-json\/wp\/v2\/posts\/145554","targetHints":{"allow":["GET"]}}],"collection":[{"href":"https:\/\/www.europesays.com\/es\/wp-json\/wp\/v2\/posts"}],"about":[{"href":"https:\/\/www.europesays.com\/es\/wp-json\/wp\/v2\/types\/post"}],"author":[{"embeddable":true,"href":"https:\/\/www.europesays.com\/es\/wp-json\/wp\/v2\/users\/2"}],"replies":[{"embeddable":true,"href":"https:\/\/www.europesays.com\/es\/wp-json\/wp\/v2\/comments?post=145554"}],"version-history":[{"count":0,"href":"https:\/\/www.europesays.com\/es\/wp-json\/wp\/v2\/posts\/145554\/revisions"}],"wp:featuredmedia":[{"embeddable":true,"href":"https:\/\/www.europesays.com\/es\/wp-json\/wp\/v2\/media\/145555"}],"wp:attachment":[{"href":"https:\/\/www.europesays.com\/es\/wp-json\/wp\/v2\/media?parent=145554"}],"wp:term":[{"taxonomy":"category","embeddable":true,"href":"https:\/\/www.europesays.com\/es\/wp-json\/wp\/v2\/categories?post=145554"},{"taxonomy":"post_tag","embeddable":true,"href":"https:\/\/www.europesays.com\/es\/wp-json\/wp\/v2\/tags?post=145554"}],"curies":[{"name":"wp","href":"https:\/\/api.w.org\/{rel}","templated":true}]}}