{"id":145590,"date":"2025-09-29T03:38:23","date_gmt":"2025-09-29T03:38:23","guid":{"rendered":"https:\/\/www.europesays.com\/es\/145590\/"},"modified":"2025-09-29T03:38:23","modified_gmt":"2025-09-29T03:38:23","slug":"mira-el-sorprendente-trailer-de-avatar-3-fuego-y-ceniza","status":"publish","type":"post","link":"https:\/\/www.europesays.com\/es\/145590\/","title":{"rendered":"Mira el sorprendente tr\u00e1iler de &#8216;Avatar 3: Fuego y Ceniza&#8217;"},"content":{"rendered":"<p><strong>James Cameron<\/strong> acaba de lanzar el nuevo tr\u00e1iler de <strong>Avatar 3: Fuego y ceniza<\/strong>. La tercera entrega de la saga llegar\u00e1 a los cines a finales de a\u00f1o con la firme intenci\u00f3n de reventar una vez m\u00e1s la taquilla mundial. <a href=\"https:\/\/hipertextual.com\/cine-television\/avatar-el-sentido-del-agua-vuelve-a-los-cines-fecha-de-estreno\/\" rel=\"nofollow noopener\" target=\"_blank\">Sus dos predecesoras<\/a> son las dos pel\u00edculas m\u00e1s taquilleras de la historia del cine, por lo que las expectativas con esta nueva cinta est\u00e1n por las nubes. Para ello, el cineasta quiere sorprender explorando un nuevo bioma de Pandora. Y es que si en el segundo filme nos sumerg\u00eda en el agua, ahora <a href=\"https:\/\/hipertextual.com\/cine-television\/avatar-3-fuego-y-ceniza-siniestra-nueva-imagen-aldea-navi-de-fuego\/\" rel=\"nofollow noopener\" target=\"_blank\">nos abrasar\u00e1 con el fuego<\/a>.<\/p>\n<p>En este nuevo adelanto, que demuestra otra vez la exuberante ambici\u00f3n de la pel\u00edcula, quien toma el protagonismo es\u00a0<a href=\"https:\/\/hipertextual.com\/2025\/01\/avatar-3-fuego-y-ceniza-primera-imagen-lider-tribu-fuego\" rel=\"nofollow noopener\" target=\"_blank\">la l\u00edder del clan Mangkwan,\u00a0<strong>Varang<\/strong><\/a>\u00a0(interpretada por la madrile\u00f1a Oona Chaplin). Tal y como se ve en el tr\u00e1iler de Avatar 3: Fuego y ceniza, este clan de Na&#8217;vi no es tan amigable como lo fueron los de las anteriores entregas. Seg\u00fan cont\u00f3 en su momento <strong>James Cameron<\/strong>, se trata de un pueblo que ha pasado por duras dificultades, por lo que no tendr\u00e1n tan buenas intenciones.<\/p>\n<p>De esta forma, <a href=\"https:\/\/hipertextual.com\/cine-television\/avatar-3-fuego-ceniza-trailer\/\" rel=\"nofollow noopener\" target=\"_blank\">los Mangkwan se convertir\u00e1n en una suerte de antagonistas<\/a> para <strong>Jake Sully<\/strong> y su familia, que tambi\u00e9n tendr\u00e1 que seguir huyendo de los humanos. Y es que <a href=\"https:\/\/hipertextual.com\/cine-television\/avatar-3-fuego-y-ceniza-siniestra-nueva-imagen-aldea-navi-de-fuego\/\" rel=\"nofollow noopener\" target=\"_blank\">los Na&#8217;vi de fuego<\/a>, que habitan en una tierra volc\u00e1nica, tienen una alianza con el mism\u00edsimo <strong>Quaritch<\/strong>, lo cual intensificar\u00e1 el conflicto. De esta forma, el tr\u00e1iler de Avatar 3: Fuego y ceniza llega cargado de tensi\u00f3n y con un tono oscuro y pesimista. La cinta apunta a ser un punto de inflexi\u00f3n en la franquicia. Y es que ser\u00e1 exactamente la mitad, pues el director planea estrenar dos entregas m\u00e1s.<\/p>\n<p>Mira el tr\u00e1iler de Avatar 3: Fuego y ceniza<\/p>\n<p>\u201cUna cosa que quer\u00edamos hacer en esta pel\u00edcula es no ser simplistas en blanco y negro. Estamos tratando de evolucionar m\u00e1s all\u00e1 del paradigma de \u2018todos los humanos son malos, todos los Na\u2019vi son buenos\u2019\u201d, se\u00f1alaba hace unos meses el director de\u00a0Avatar 3: Fuego y ceniza. Por eso, <strong>Varang<\/strong> promete convertirse en uno de los personajes m\u00e1s ic\u00f3nicos de toda la saga al revertir esa idea de las dos primeras pel\u00edculas.<\/p>\n<p>\u201cElla har\u00e1 cualquier cosa por su pueblo, incluso cosas que considerar\u00edamos malvadas\u201d, suger\u00eda a su vez. Adem\u00e1s, <strong>Cameron<\/strong> alab\u00f3 la actuaci\u00f3n de <strong>Chaplin<\/strong> que, por lo visto en el tr\u00e1iler de Avatar 3: Fuego y ceniza, se robar\u00e1 la pel\u00edcula. \u201cLo hace tan bien que no me hab\u00eda dado cuenta de lo buena que es hasta que volvimos a ver la animaci\u00f3n de W\u0113t\u0101. <a href=\"https:\/\/hipertextual.com\/2023\/01\/avatar-3-primeros-detalles-james-cameron\" rel=\"nofollow noopener\" target=\"_blank\">Es una enemiga<\/a>, un personaje adversario, pero\u00a0<strong>Chaplin<\/strong>\u00a0la hace sentir muy real y viva\u201d, sentenciaba.<\/p>\n<p>Avatar 3: Fuego y ceniza se estrena en cines el 19 de diciembre.<\/p>\n<p><a href=\"https:\/\/geni.us\/disney-plus-footer\" target=\"_blank\" rel=\" noreferrer noopener nofollow\"><img loading=\"lazy\" decoding=\"async\" width=\"360\" height=\"197\" alt=\"\" class=\"wp-image-1840708 perfmatters-lazy\" style=\"width:100px\" src=\"https:\/\/www.europesays.com\/es\/wp-content\/uploads\/2025\/08\/1756350495_822_disney-logo.jpeg\"  data-\/><\/a><\/p>\n<p class=\"has-text-align-center\" style=\"padding-top:0;padding-right:0;padding-bottom:0;padding-left:0;font-size:18px\">Disfruta de las mejores historias, en cualquier momento y en cualquier lugar. Series, pel\u00edculas y originales que no encontrar\u00e1s en ninguna otra plataforma: cl\u00e1sicos de siempre y los \u00faltimos estrenos. <a href=\"https:\/\/geni.us\/disney-plus-footer\" target=\"_blank\" rel=\"noreferrer noopener nofollow\">M\u00e1s econ\u00f3mico que nunca<\/a> con el nuevo plan con anuncios.<\/p>\n<p class=\"has-text-align-center\">Consejo ofrecido por Disney+<\/p>\n","protected":false},"excerpt":{"rendered":"James Cameron acaba de lanzar el nuevo tr\u00e1iler de Avatar 3: Fuego y ceniza. La tercera entrega de&hellip;\n","protected":false},"author":2,"featured_media":145591,"comment_status":"","ping_status":"","sticky":false,"template":"","format":"standard","meta":{"footnotes":""},"categories":[169],"tags":[177,146,147,25,24,176,175,23],"class_list":{"0":"post-145590","1":"post","2":"type-post","3":"status-publish","4":"format-standard","5":"has-post-thumbnail","7":"category-cine","8":"tag-cine","9":"tag-entertainment","10":"tag-entretenimiento","11":"tag-es","12":"tag-espana","13":"tag-film","14":"tag-movies","15":"tag-spain"},"share_on_mastodon":{"url":"","error":""},"_links":{"self":[{"href":"https:\/\/www.europesays.com\/es\/wp-json\/wp\/v2\/posts\/145590","targetHints":{"allow":["GET"]}}],"collection":[{"href":"https:\/\/www.europesays.com\/es\/wp-json\/wp\/v2\/posts"}],"about":[{"href":"https:\/\/www.europesays.com\/es\/wp-json\/wp\/v2\/types\/post"}],"author":[{"embeddable":true,"href":"https:\/\/www.europesays.com\/es\/wp-json\/wp\/v2\/users\/2"}],"replies":[{"embeddable":true,"href":"https:\/\/www.europesays.com\/es\/wp-json\/wp\/v2\/comments?post=145590"}],"version-history":[{"count":0,"href":"https:\/\/www.europesays.com\/es\/wp-json\/wp\/v2\/posts\/145590\/revisions"}],"wp:featuredmedia":[{"embeddable":true,"href":"https:\/\/www.europesays.com\/es\/wp-json\/wp\/v2\/media\/145591"}],"wp:attachment":[{"href":"https:\/\/www.europesays.com\/es\/wp-json\/wp\/v2\/media?parent=145590"}],"wp:term":[{"taxonomy":"category","embeddable":true,"href":"https:\/\/www.europesays.com\/es\/wp-json\/wp\/v2\/categories?post=145590"},{"taxonomy":"post_tag","embeddable":true,"href":"https:\/\/www.europesays.com\/es\/wp-json\/wp\/v2\/tags?post=145590"}],"curies":[{"name":"wp","href":"https:\/\/api.w.org\/{rel}","templated":true}]}}