{"id":145594,"date":"2025-09-29T03:40:06","date_gmt":"2025-09-29T03:40:06","guid":{"rendered":"https:\/\/www.europesays.com\/es\/145594\/"},"modified":"2025-09-29T03:40:06","modified_gmt":"2025-09-29T03:40:06","slug":"las-patologias-del-corazon-generan-2-000-ingresos-en-el-chua","status":"publish","type":"post","link":"https:\/\/www.europesays.com\/es\/145594\/","title":{"rendered":"Las patolog\u00edas del coraz\u00f3n generan 2.000 ingresos en el CHUA"},"content":{"rendered":"<p>Las enfermedades cardiovasculares siguen siendo la principal causa de muerte en el mundo. En s\u00f3lo una d\u00e9cada, las muertes por esta causa casi se han duplicado. M\u00e1s de 6,5 millones de personas mueren cada a\u00f1o por enfermedades cardiovasculares, y muchos millones m\u00e1s quedan lidiando con las consecuencias; 124.000 defunciones en Espa\u00f1a al a\u00f1o y un millar en la provincia de Albacete. Hoy se celebra el D\u00eda Mundial del Coraz\u00f3n, y por este motivo el Servicio de Cardiolog\u00eda de la Gerencia deAtenci\u00f3n Integrada de Albacete ha organizado una jornada de concienciaci\u00f3n y sensibilizaci\u00f3n, principalmente dirigida a la poblaci\u00f3n, que se desarrollar\u00e1 tanto con sesiones pr\u00e1cticas como te\u00f3ricas a caballo entre el Hospital General y el Perpetuo Socorro. El principal mensaje que lanzan los cardi\u00f3logos albacete\u00f1os a la poblaci\u00f3n es que el riesgo cardiovascular se puede reducir en un 80% si mantenemos controlados los factores de riesgo, tales como la tensi\u00f3n arterial, el colesterol, la diabetes, el tabaquismo, la obesidad o el estr\u00e9s.<\/p>\n<p>El jefe del Servicio de Cardiolog\u00eda del Complejo Hospitalario Universitario de Albacete, el doctor Carlos Lafuente, inform\u00f3 que durante el pasado a\u00f1o fueron 1.997 los ingresos hospitalarios contabilizados en Cardiolog\u00eda del Hospital General, cifra que representa un incremento del 17% respecto a la \u00faltima d\u00e9cada (desde 2014 hasta el 2024).<\/p>\n<p>Del total de ingresos hospitalarios, la cardiopat\u00eda isqu\u00e9mica representa el 30% de todos ellos. De ellos por s\u00edndromes coronarios agudos hubo 471 (208 corresponden a infartos graves y 263 a infartos menores). La segunda causa que motiva un mayor volumen de hospitalizaciones en el Servicio es la insuficiencia card\u00edaca, con 184 casos de ingreso el pasado a\u00f1o.<\/p>\n<p><strong>Llamada de atenci\u00f3n<\/strong><\/p>\n<p>El doctor Lafuente detall\u00f3 que si bien se ha incrementado el n\u00famero de enfermos con cardiopat\u00edas isqu\u00e9micas y se mantiene la cifra alcista, lo que llama m\u00e1s la atenci\u00f3n es que \u00abvemos cada vez m\u00e1s casos de esta patolog\u00eda en personas m\u00e1s j\u00f3venes, por debajo de 50 a\u00f1os, y donde hay una relaci\u00f3n con ese mal control de los factores de riesgo; tambi\u00e9n hay personas que tienen casos de enfermedad cardiovascular en familiares de primer grado en edades muy j\u00f3venes, y sin embargo, sabiendo que tienen esa carga gen\u00e9tica, no cuidan los factores de riesgo de sufrir un episodio cardiovascular agudo, ya que su perfil es el de un fumador con consumo de tabaco importante, tienen sobrepeso y no se controlan la tensi\u00f3n arterial; son casos en los que no existe una concienciaci\u00f3n clara de los riesgos que asumen a la larga\u00bb.<\/p>\n<p>En este sentido, el jefe del Servicio de Cardiolog\u00eda hizo una llamada de atenci\u00f3n a este grupo de personas de riesgo para que vigilen esos factores que predisponen o incrementan las posibilidad de tener una enfermedad cardiovascular. \u00abAlgo tan sencillo como caminar a un ritmo de intensidad medio, entre tres y cinco d\u00edas a la semana; evitar el tabaco y el alcohol;y llevar una alimentaci\u00f3n basada en la Dieta Mediterr\u00e1nea para conseguir un peso ideal y controlar el estr\u00e9s pueden reducir mucho la posibilidades de tener una enfermedad del coraz\u00f3n o cerebral, como el ictus\u00bb.<\/p>\n<p>c\u00f3digo corecam. Fruto de la activaci\u00f3n del C\u00f3digo Corecam, que el Complejo Hospitalario Universitario tiene operativo desde 2011, durante el pasado ejercicio los cardi\u00f3logos de la GAIde Albacete realizaron 250 actuaciones urgentes de angioplastia primaria por infarto agudos de miocardio, cifra similar a a\u00f1os anteriores y a lo que hacen otros centros hospitalarios del territorio nacional.<\/p>\n<p>El doctor Carlos Lafuente, volvi\u00f3 a demandar la implantaci\u00f3n de rehabilitaci\u00f3n card\u00edaca y tambi\u00e9n fruto de las obras de ampliaci\u00f3n del Hospital, la realizaci\u00f3n de cirug\u00eda card\u00edaca.<\/p>\n<p><strong>Concienciaci\u00f3n<\/strong><\/p>\n<p>La poblaci\u00f3n podr\u00e1 conocer el riesgo de sufrir un episodio cardiovascular a trav\u00e9s de una mesa informativa que se instalar\u00e1 de 12 a 13 horas de hoy en la zona de consultas externas del Hospital General de Albacete, donde las enfermeras y TCAE del Servicio de Cardiolog\u00eda concienciar\u00e1n a la poblaci\u00f3n de la importancia del control de los factores de riesgo. Para ello har\u00e1n toma de la tensi\u00f3n arterial, test de glucosa y de lipidos, y as\u00ed podr\u00e1n hacer un c\u00e1lculo del riesgo cardiovascular.\u00a0<\/p>\n<p>De forma simult\u00e1neas, tambi\u00e9n en el mismo horario y lugar, para con la ayuda de un maniqu\u00ed,\u00a0 los profesionales explicar\u00e1n a la poblaci\u00f3n las maniobras de reanimaci\u00f3n cardiopulmonar. La actividad ser\u00e1 coordinada por el cardi\u00f3logo Miguel Corb\u00ed, con la colaboraci\u00f3n de enfermeras, TCAE y residentes de Cardiolog\u00eda.<\/p>\n<p>En horario de tarde, de 18 a 19,30 horas, en el sal\u00f3n de actos del Perpetuo Socorro, se impartir\u00e1n minicharlas, con testimonios de pacientes, y explicaciones sencillas por parte de profesionales sobre qu\u00e9 es un infarto o la insuficiencia card\u00edaca, c\u00f3mo prevenir la enfermedad cardiovascular, qu\u00e9 hacer para que al que ha sufrido un infarto no le repita, nutrici\u00f3n cardiosaludable, sesi\u00f3n de yoga y merienda cardiosaludable.<\/p>\n<p>(M\u00e1s informaci\u00f3n en la edici\u00f3n impresa y en la APP de La Tribuna de Albacete: (https:\/\/latribunadealbacete.promecal.es))<\/p>\n<p>\u00a0<\/p>\n","protected":false},"excerpt":{"rendered":"Las enfermedades cardiovasculares siguen siendo la principal causa de muerte en el mundo. En s\u00f3lo una d\u00e9cada, las&hellip;\n","protected":false},"author":2,"featured_media":145595,"comment_status":"","ping_status":"","sticky":false,"template":"","format":"standard","meta":{"footnotes":""},"categories":[92],"tags":[2545,6972,44816,4807,12488,1293,3939,25,24,11909,165,29380,5693,166,23,21422],"class_list":{"0":"post-145594","1":"post","2":"type-post","3":"status-publish","4":"format-standard","5":"has-post-thumbnail","7":"category-salud","8":"tag-albacete","9":"tag-colesterol","10":"tag-complejo-hospitalario-de-albacete","11":"tag-diabetes","12":"tag-dieta-mediterranea","13":"tag-enfermedades","14":"tag-enfermedades-cardiovasculares","15":"tag-es","16":"tag-espana","17":"tag-estres","18":"tag-health","19":"tag-infartos","20":"tag-obesidad","21":"tag-salud","22":"tag-spain","23":"tag-tabaquismo"},"share_on_mastodon":{"url":"","error":""},"_links":{"self":[{"href":"https:\/\/www.europesays.com\/es\/wp-json\/wp\/v2\/posts\/145594","targetHints":{"allow":["GET"]}}],"collection":[{"href":"https:\/\/www.europesays.com\/es\/wp-json\/wp\/v2\/posts"}],"about":[{"href":"https:\/\/www.europesays.com\/es\/wp-json\/wp\/v2\/types\/post"}],"author":[{"embeddable":true,"href":"https:\/\/www.europesays.com\/es\/wp-json\/wp\/v2\/users\/2"}],"replies":[{"embeddable":true,"href":"https:\/\/www.europesays.com\/es\/wp-json\/wp\/v2\/comments?post=145594"}],"version-history":[{"count":0,"href":"https:\/\/www.europesays.com\/es\/wp-json\/wp\/v2\/posts\/145594\/revisions"}],"wp:featuredmedia":[{"embeddable":true,"href":"https:\/\/www.europesays.com\/es\/wp-json\/wp\/v2\/media\/145595"}],"wp:attachment":[{"href":"https:\/\/www.europesays.com\/es\/wp-json\/wp\/v2\/media?parent=145594"}],"wp:term":[{"taxonomy":"category","embeddable":true,"href":"https:\/\/www.europesays.com\/es\/wp-json\/wp\/v2\/categories?post=145594"},{"taxonomy":"post_tag","embeddable":true,"href":"https:\/\/www.europesays.com\/es\/wp-json\/wp\/v2\/tags?post=145594"}],"curies":[{"name":"wp","href":"https:\/\/api.w.org\/{rel}","templated":true}]}}