{"id":145610,"date":"2025-09-29T03:49:07","date_gmt":"2025-09-29T03:49:07","guid":{"rendered":"https:\/\/www.europesays.com\/es\/145610\/"},"modified":"2025-09-29T03:49:07","modified_gmt":"2025-09-29T03:49:07","slug":"ex-ufc-wanderlei-silva-es-noqueado-tras-ser-descalificado-en-batalla-campal-sobre-el-ring","status":"publish","type":"post","link":"https:\/\/www.europesays.com\/es\/145610\/","title":{"rendered":"Ex-UFC Wanderlei Silva es noqueado tras ser descalificado en batalla campal sobre el ring"},"content":{"rendered":"<p>El ex-UFC Wanderlei Silva <strong>fue noqueado tras ser descalificado por reiteradas faltas<\/strong> contra la leyenda del boxeo Acelino \u2018Pop\u00f3\u2019 Freitas en una pelea de exhibici\u00f3n en S\u00e3o Paulo, Brasil, que <a href=\"https:\/\/laopinion.com\/2025\/08\/24\/raja-jackson-hijo-de-rampage-envio-a-un-luchador-al-hospital-tras-feroz-golpiza\/\" rel=\"nofollow noopener\" target=\"_blank\">termin\u00f3 en una batalla campal sobre el ring.<\/a><\/p>\n<p>Encabezando la cartelera del Spaten Fight Night 2, la tensi\u00f3n entre ambas estrellas del deporte brasile\u00f1o se dispar\u00f3 <strong>cuando en el cuarto asalto el \u00e1rbitro descalific\u00f3 a Silva por cometer su tercera falta grave<\/strong> en el duelo y Pop\u00f3 Freitas fue declarado vencedor.<\/p>\n<p>La decisi\u00f3n desat\u00f3 la ira en la esquina de Wanderlei Silva, pero<strong> la situaci\u00f3n se volvi\u00f3 en un caos cuando miembros de ambos equipos invadieron el cuadril\u00e1tero<\/strong> y se desat\u00f3 una pelea generalizada con pu\u00f1etazos, patadas y empujones.<\/p>\n<p>En medio de la confusi\u00f3n, Silva fue agredido con un potente golpe que, seg\u00fan testigos y reportes, fue propinado por el hijo de \u2018Popo\u2019, Rafael Freitas. El excampe\u00f3n de MMA <strong>cay\u00f3 inconsciente sobre la lona y fue trasladado a un hospital<\/strong>, donde se confirm\u00f3 que sufri\u00f3 una fractura de nariz y cortes en el rostro a causa de la agresi\u00f3n.<\/p>\n<p>Fabricio Werdum, excampe\u00f3n de peso pesado de UFC y amigo de Wanderlei Silva, <strong>lament\u00f3 lo ocurrido y critic\u00f3 al hijo de Popo Freitas<\/strong> por poner en peligro la vida del famoso peleador de MMA.<\/p>\n<p>\u201cLa maldad de este tipo, ni siquiera s\u00e9 qui\u00e9n es todav\u00eda el que golpe\u00f3 a Wanderlei. Lanz\u00f3 un pu\u00f1etazo, podremos ver en la grabaci\u00f3n, incluso la pondr\u00e9 para que la vean, que <strong>le dio a Wanderlei en la nuca, pudo haber provocado algo muy grave<\/strong>. Wanderlei est\u00e1 aqu\u00ed en el hospital ahora, con puntos en los ojos, le rompi\u00f3 la nariz a Wanderlei, se la rompi\u00f3\u201d, dijo. <\/p>\n<p>\u201cWanderlei ha sido mi amigo por m\u00e1s de veinticinco a\u00f1os. \u00bfC\u00f3mo no iba a reaccionar con el ataque de esos tipos, con tanta gente en el ring? Eso es lo que quer\u00eda decirles, y creo que todos lo vieron. Obviamente, <strong>estoy triste, es una situaci\u00f3n horrible<\/strong>\u201d, agreg\u00f3.<\/p>\n<p>Aunque Pop\u00f3 Freitas <strong>se llev\u00f3 la victoria oficial por descalificaci\u00f3n, el resultado pas\u00f3 a un segundo plano<\/strong> debido a que la escena provoc\u00f3 indignaci\u00f3n en la comunidad de deportes de combate, que critic\u00f3 la falta de control y el mal ejemplo ofrecido por las leyendas brasile\u00f1as. <\/p>\n<p><strong>Sigue leyendo:<\/strong><br \/><a href=\"https:\/\/laopinion.com\/2025\/09\/15\/entrenador-de-crawford-no-cree-que-canelo-quiera-una-revancha\/\" rel=\"nofollow noopener\" target=\"_blank\">\u00b7 Entrenador de Terence Crawford no cree que Canelo \u00c1lvarez quiera una revancha<\/a><br \/><a href=\"https:\/\/laopinion.com\/2025\/09\/14\/canelo-alvarez-expresa-su-impotencia-tras-no-poder-descifrar-a-crawford\/\" rel=\"nofollow noopener\" target=\"_blank\">\u00b7 Canelo \u00c1lvarez expresa su impotencia tras no poder descifrar a Terence Crawford<\/a><br \/><a href=\"https:\/\/laopinion.com\/2025\/09\/21\/eddie-hearn-no-creo-que-canelo-quiera-una-revancha-con-crawford\/\" rel=\"nofollow noopener\" target=\"_blank\">\u00b7 Eddie Hearn: No creo que Canelo quiera una revancha con Crawford<\/a><\/p>\n","protected":false},"excerpt":{"rendered":"El ex-UFC Wanderlei Silva fue noqueado tras ser descalificado por reiteradas faltas contra la leyenda del boxeo Acelino&hellip;\n","protected":false},"author":2,"featured_media":145611,"comment_status":"","ping_status":"","sticky":false,"template":"","format":"standard","meta":{"footnotes":""},"categories":[276],"tags":[168,25,24,23,167,343],"class_list":{"0":"post-145610","1":"post","2":"type-post","3":"status-publish","4":"format-standard","5":"has-post-thumbnail","7":"category-ufc","8":"tag-deportes","9":"tag-es","10":"tag-espana","11":"tag-spain","12":"tag-sports","13":"tag-ufc"},"share_on_mastodon":{"url":"","error":""},"_links":{"self":[{"href":"https:\/\/www.europesays.com\/es\/wp-json\/wp\/v2\/posts\/145610","targetHints":{"allow":["GET"]}}],"collection":[{"href":"https:\/\/www.europesays.com\/es\/wp-json\/wp\/v2\/posts"}],"about":[{"href":"https:\/\/www.europesays.com\/es\/wp-json\/wp\/v2\/types\/post"}],"author":[{"embeddable":true,"href":"https:\/\/www.europesays.com\/es\/wp-json\/wp\/v2\/users\/2"}],"replies":[{"embeddable":true,"href":"https:\/\/www.europesays.com\/es\/wp-json\/wp\/v2\/comments?post=145610"}],"version-history":[{"count":0,"href":"https:\/\/www.europesays.com\/es\/wp-json\/wp\/v2\/posts\/145610\/revisions"}],"wp:featuredmedia":[{"embeddable":true,"href":"https:\/\/www.europesays.com\/es\/wp-json\/wp\/v2\/media\/145611"}],"wp:attachment":[{"href":"https:\/\/www.europesays.com\/es\/wp-json\/wp\/v2\/media?parent=145610"}],"wp:term":[{"taxonomy":"category","embeddable":true,"href":"https:\/\/www.europesays.com\/es\/wp-json\/wp\/v2\/categories?post=145610"},{"taxonomy":"post_tag","embeddable":true,"href":"https:\/\/www.europesays.com\/es\/wp-json\/wp\/v2\/tags?post=145610"}],"curies":[{"name":"wp","href":"https:\/\/api.w.org\/{rel}","templated":true}]}}