{"id":145612,"date":"2025-09-29T03:56:12","date_gmt":"2025-09-29T03:56:12","guid":{"rendered":"https:\/\/www.europesays.com\/es\/145612\/"},"modified":"2025-09-29T03:56:12","modified_gmt":"2025-09-29T03:56:12","slug":"con-su-hermana-myriam-gastronomia-mediterranea-y-en-la-costa-blanca","status":"publish","type":"post","link":"https:\/\/www.europesays.com\/es\/145612\/","title":{"rendered":"con su hermana Myriam, gastronom\u00eda mediterr\u00e1nea y en la Costa Blanca"},"content":{"rendered":"\n<p> <strong>Cari Lapique<\/strong>, este fin de semana, ha puesto rumbo a la <strong>Costa Blanca<\/strong> para disfrutar de unos <a href=\"https:\/\/www.vanitatis.elconfidencial.com\/famosos\/2025-05-03\/escapada-cari-lapique-puente-mayo-sotogrande_4121255\/\" target=\"_self\" rel=\"nofollow noopener\">d\u00edas de desconexi\u00f3n<\/a> junto a su hermana, <strong>Myriam Lapique<\/strong>. En concreto, ambas han aprovechado los planes que ofrece <strong>Altea<\/strong>, la localidad en la que se han hospedado. Y no lo han hecho en cualquier sitio: han optado por quedarse en la <strong>ZEM Wellness Clinic<\/strong>, un espacio que combina salud, descanso y gastronom\u00eda en un entorno de lujo frente al mar. Ella misma lo ha mostrado en sus redes sociales con un v\u00eddeo desde la habitaci\u00f3n, en el que ense\u00f1a parte de la terraza y la ba\u00f1era exterior. \u201cMirad qu\u00e9 maravilla de sitio\u201d, ha escrito junto a la publicaci\u00f3n ef\u00edmera. <\/p>\n<p> La <strong>ZEM Wellness Clinic<\/strong> se ha convertido en uno de los referentes de la zona por su enfoque integral, con programas de rejuvenecimiento, tratamientos personalizados y experiencias hol\u00edsticas que buscan mucho m\u00e1s que un simple alojamiento. Todo ello en pocos meses ya que abri\u00f3 sus puertas el pasado enero. Las <a href=\"https:\/\/www.vanitatis.elconfidencial.com\/famosos\/2025-07-30\/cari-lapique-ibiza-hermana-aniversario-revistas_4182780\/\" target=\"_self\" rel=\"nofollow noopener\">hermanas Lapique<\/a> tambi\u00e9n han aprovechado la oferta gastron\u00f3mica y no han dudado en compartirlo en redes sociales. Cari ha publicado dos de los platos que han degustado: una <strong>ensalada elaborada con productos de la finca<\/strong>, fresca y colorida, y un <strong>tartar de gamba roja y lubina<\/strong>, hecho con producto local y con la esencia de la cocina mediterr\u00e1nea. <\/p>\n<p>               Cari Lapique y Myriam Lapique en una foto de archivo. (Gtres)             <\/p>\n<p> Este viaje llega apenas una semana despu\u00e9s de que <strong>Cari Lapique<\/strong>, en compa\u00f1\u00eda de <strong>Antonio Matos<\/strong> y <strong>Carla Goyanes<\/strong>, acudiera a los <a href=\"https:\/\/www.vanitatis.elconfidencial.com\/famosos\/2025-09-16\/detalles-premios-escaparate-2025-sevilla-ayuso-pedro-borbon-vicario_4209639\/\" target=\"_self\" rel=\"nofollow noopener\">Premios Escaparate<\/a> de Sevilla. Una cita en la que la emoci\u00f3n fue la gran protagonista. La velada estuvo marcada por el homenaje a <strong>Caritina Goyanes<\/strong>, fallecida en agosto de 2024 a los 46 a\u00f1os, quien recibi\u00f3 un <a href=\"https:\/\/www.vanitatis.elconfidencial.com\/famosos\/2025-09-19\/gunilla-bismark-duque-medinasonia-premios-escaparate_4212790\/\" target=\"_self\" rel=\"nofollow noopener\">galard\u00f3n p\u00f3stumo<\/a> que recogieron sus familiares. Como en cada aparici\u00f3n, la presencia de la socialit\u00e9 fue recibida con cari\u00f1o y respeto por gran parte de los asistentes que no dudaron en mostrarle su apoyo en un momento tan especial. <\/p>\n<p> Con este <strong>plan de fin de semana en Altea<\/strong>, <strong>Cari Lapique<\/strong> refleja c\u00f3mo sabe combinar su faceta m\u00e1s <strong>social<\/strong> con los momentos <strong>familiares<\/strong>. Se\u00f1alar que en los \u00faltimos meses ha disfrutado de viajes con sus nietos, su mayor orgullo. Aunque en este caso, el hecho de que haya elegido poner rumbo a la <strong>Costa Blanca<\/strong> con su hermana <strong>Myriam<\/strong> subraya la uni\u00f3n que impera entre ellas. M\u00e1s a\u00fan desde la muerte de su hermano <strong>Manuel<\/strong>, que muri\u00f3 el pasado enero a los 70 a\u00f1os. As\u00ed, esta escapada confirma que la viuda de Carlos Goyanes encuentra en la familia su mejor refugio. <\/p>\n<p> <strong>Cari Lapique<\/strong>, este fin de semana, ha puesto rumbo a la <strong>Costa Blanca<\/strong> para disfrutar de unos <a href=\"https:\/\/www.vanitatis.elconfidencial.com\/famosos\/2025-05-03\/escapada-cari-lapique-puente-mayo-sotogrande_4121255\/\" target=\"_self\" rel=\"nofollow noopener\">d\u00edas de desconexi\u00f3n<\/a> junto a su hermana, <strong>Myriam Lapique<\/strong>. En concreto, ambas han aprovechado los planes que ofrece <strong>Altea<\/strong>, la localidad en la que se han hospedado. Y no lo han hecho en cualquier sitio: han optado por quedarse en la <strong>ZEM Wellness Clinic<\/strong>, un espacio que combina salud, descanso y gastronom\u00eda en un entorno de lujo frente al mar. Ella misma lo ha mostrado en sus redes sociales con un v\u00eddeo desde la habitaci\u00f3n, en el que ense\u00f1a parte de la terraza y la ba\u00f1era exterior. \u201cMirad qu\u00e9 maravilla de sitio\u201d, ha escrito junto a la publicaci\u00f3n ef\u00edmera. <\/p>\n","protected":false},"excerpt":{"rendered":"Cari Lapique, este fin de semana, ha puesto rumbo a la Costa Blanca para disfrutar de unos d\u00edas&hellip;\n","protected":false},"author":2,"featured_media":145613,"comment_status":"","ping_status":"","sticky":false,"template":"","format":"standard","meta":{"footnotes":""},"categories":[174],"tags":[255,146,147,25,24,256,23],"class_list":{"0":"post-145612","1":"post","2":"type-post","3":"status-publish","4":"format-standard","5":"has-post-thumbnail","7":"category-famosos","8":"tag-celebrities","9":"tag-entertainment","10":"tag-entretenimiento","11":"tag-es","12":"tag-espana","13":"tag-famosos","14":"tag-spain"},"share_on_mastodon":{"url":"","error":""},"_links":{"self":[{"href":"https:\/\/www.europesays.com\/es\/wp-json\/wp\/v2\/posts\/145612","targetHints":{"allow":["GET"]}}],"collection":[{"href":"https:\/\/www.europesays.com\/es\/wp-json\/wp\/v2\/posts"}],"about":[{"href":"https:\/\/www.europesays.com\/es\/wp-json\/wp\/v2\/types\/post"}],"author":[{"embeddable":true,"href":"https:\/\/www.europesays.com\/es\/wp-json\/wp\/v2\/users\/2"}],"replies":[{"embeddable":true,"href":"https:\/\/www.europesays.com\/es\/wp-json\/wp\/v2\/comments?post=145612"}],"version-history":[{"count":0,"href":"https:\/\/www.europesays.com\/es\/wp-json\/wp\/v2\/posts\/145612\/revisions"}],"wp:featuredmedia":[{"embeddable":true,"href":"https:\/\/www.europesays.com\/es\/wp-json\/wp\/v2\/media\/145613"}],"wp:attachment":[{"href":"https:\/\/www.europesays.com\/es\/wp-json\/wp\/v2\/media?parent=145612"}],"wp:term":[{"taxonomy":"category","embeddable":true,"href":"https:\/\/www.europesays.com\/es\/wp-json\/wp\/v2\/categories?post=145612"},{"taxonomy":"post_tag","embeddable":true,"href":"https:\/\/www.europesays.com\/es\/wp-json\/wp\/v2\/tags?post=145612"}],"curies":[{"name":"wp","href":"https:\/\/api.w.org\/{rel}","templated":true}]}}